
{"id":128,"date":"2006-09-11T09:39:46","date_gmt":"2006-09-11T07:39:46","guid":{"rendered":"http:\/\/passent.blog.polityka.pl\/?p=128"},"modified":"2006-09-11T09:46:07","modified_gmt":"2006-09-11T07:46:07","slug":"zbedna-fatyga","status":"publish","type":"post","link":"https:\/\/blog.polityka.pl\/passent\/2006\/09\/11\/zbedna-fatyga\/","title":{"rendered":"Zb\u0119dna fatyga"},"content":{"rendered":"<p>Z oburzeniem dowiaduj\u0119 si\u0119, \u017ce polska dyplomacja zabiega o to, \u017ceby Prezydent Bush przyj\u0105\u0142 premiera Jaros\u0142awa Kaczy\u0144skiego. \u017beby si\u0119 z nim spotka\u0142, cho\u0107by na chwil\u0119, cho\u0107by na momencik, na jakim\u015b przyj\u0119ciu, na lotnisku, w windzie, mi\u0119dzy jedn\u0105 a drug\u0105 bomb\u0105 zrzucon\u0105 na Irak, lub w innych okoliczno\u015bciach. Byle tylko w \u015bwiat posz\u0142a wsp\u00f3lna fotografia:\u00a0m\u0119ski u\u015bcisk\u00a0d\u0142oni, szeroki u\u015bmiech supermocarstwa i jego strategicznego sojusznika w Europie Wschodniej. Czy to nie jest oburzaj\u0105ce, \u017ce nasz premier antyszambruje w Bia\u0142ym Domu?<\/p>\n<p>Przecie\u017c to jest stawianie sprawy do g\u00f3ry nogami &#8211; powinno by\u0107 odwrotnie: to George Bush jr powinien b\u0142aga\u0107 i \u017cebra\u0107 o spotkanie z premierem Czwartej RP,\u00a0Jaros\u0142awem Kaczy\u0144skim. No, bo zobaczmy \u201ewho is who\u201d. Nasz premier jest absolutnym i niekwestionowanym w\u0142adc\u0105 kraju z ponad tysi\u0105cletni\u0105 histori\u0105, kroczy od sukcesu do sukcesu, obali\u0142 trzeci\u0105 rp (ortografia\u00a0 \u0142\u017ce-maturzyst\u00f3w <em>hand made by<\/em> Roman Giertych), cieszy si\u0119 ogromnym poparciem obu izb naszego Kongresu, czyli Sejmu, po ka\u017cdym jego o\u015bwiadczeniu pa\u0144stwa o\u015bcienne dr\u017c\u0105 ze strachu (Putin boi si\u0119 wystawi\u0107 nosa z Kremla, a Frau Merkel biegnie do telefonu),\u00a0potrzebowa\u0142 zaledwie kilku godzin, \u017ceby podbi\u0107 Europ\u0119, wytycza polityk\u0119 wschodni\u0105 Unii Europejskiej i polityk\u0119 zachodni\u0105 Timoru Wschodniego,\u00a0 poprawia stosunki z Afryk\u0105, Chinami i Indiami, w kraju wzi\u0105\u0142 w cugle zagraniczne koncerny \u201eEureka!!\u201d i innych\u00a0 z\u0142odziei, s\u0119dzi\u00f3w (tak\u017ce pi\u0142karskich) odgwizda\u0142, a pozostali czekaj\u0105, koniunktur\u0119 podgrza\u0142, zapa\u0142 Ligi ostudzi\u0142, histori\u0119 ujawni\u0142, komunist\u00f3w zdekomunizowa\u0142, agent\u00f3w (Rutkowski) zlustrowa\u0142, Zyt\u0119 pocieszy\u0142, warto\u015bci krzewi wszem i wobec, a do tego zakocha\u0142a si\u0119 w nim pewna pani ze S\u0142upska.<\/p>\n<p>Na tym tle George W. Bush jest nieudacznikiem (syn agenta, nawet szefa CIA, ambasadora starego uk\u0142adu rz\u0105dz\u0105cego Ameryk\u0105 przy ONZ przed \u201eodzyskaniem\u201d Departamentu Stanu), do w\u0142adzy doszed\u0142 w szemranych okoliczno\u015bciach (\u201ecud wyborczy na Florydzie\u201d, gdzie gubernatorem jest jego brat, Jeff), \u0142\u017ce-prezydentem, kt\u00f3ry oszuka\u0142 \u015bwiat w sprawie broni masowego ra\u017cenia w Iraku, na\u0142ga\u0142 w sprawie nieistniej\u0105cych wi\u0119zie\u0144 dla terroryst\u00f3w i jeszcze wci\u0105gn\u0105\u0142 w to k\u0142amstwo\u00a0niewinny kraj, do tego stopnia, \u017ce w trosce o sojusz z USA nasi politycy maj\u0105\u00a0nosy d\u0142ugie, jak st\u0105d do Brukseli,\u00a0kroczy od pora\u017cki do pora\u017cki, we w\u0142asnym\u00a0 kraju ma poparcie najni\u017csze od lat, a w innych pa\u0144stwach \u2013 szkoda m\u00f3wi\u0107 (poza naszym pa\u0144stwem),\u00a0skompromitowa\u0142 neokonserwatyst\u00f3w, poci\u0105gn\u0105\u0142 na dno bliskiego sojusznika &#8211; Hiszpana Aznara, spada w otch\u0142a\u0144\u00a0niezawodny Tony Blair, a teraz jeszcze ten nieudacznik z Bia\u0142ego Domu chce si\u0119 przytuli\u0107 do naszego premiera, Jaros\u0142awa Kaczy\u0144skiego, \u017ceby si\u0119 z nim sfotografowa\u0107, da\u0107 mu do potrzymania swoj\u0105 tarcz\u0119, ogrza\u0107 si\u0119 promieniuj\u0105cym od niego ciep\u0142em.<\/p>\n<p>A kysz, a kysz, a kysz! \u201eStay away\u201d, czyli nasz premier jest dla Waszmo\u015bci \u201eoff limits\u201d! Po co nam to, komu to s\u0142u\u017cy, czyli \u201ecui bono\u201d? \u017beby ca\u0142y \u015bwiat obieg\u0142a fotografia jak GBW \u015bciska Kaczy\u0144skiego? Lepiej niech uca\u0142uje Tuska \u2013 ten nie da si\u0119 prosi\u0107, bo opozycja musi zaistnie\u0107. Jak b\u0119dzie fotografia z GWB, to wklei j\u0105 w spot reklamowy. Tylko trzeba poprosi\u0107 o format.<\/p>\n<p><strong>PS<\/strong>. Pukanie do drzwi\u00a0 Bia\u0142ego Domu to zb\u0119dna fatyga.<\/p>\n","protected":false},"excerpt":{"rendered":"<p>Z oburzeniem dowiaduj\u0119 si\u0119, \u017ce polska dyplomacja zabiega o to, \u017ceby Prezydent Bush przyj\u0105\u0142 premiera Jaros\u0142awa Kaczy\u0144skiego. \u017beby si\u0119 z nim spotka\u0142, cho\u0107by na chwil\u0119, cho\u0107by na momencik, na jakim\u015b przyj\u0119ciu, na lotnisku, w windzie, mi\u0119dzy jedn\u0105 a drug\u0105 bomb\u0105 zrzucon\u0105 na Irak, lub w innych okoliczno\u015bciach. Byle tylko w \u015bwiat posz\u0142a wsp\u00f3lna fotografia:\u00a0m\u0119ski u\u015bcisk\u00a0d\u0142oni, [&hellip;]<\/p>\n","protected":false},"author":4,"featured_media":0,"comment_status":"open","ping_status":"open","sticky":false,"template":"","format":"standard","meta":{"footnotes":""},"categories":[1],"tags":[],"_links":{"self":[{"href":"https:\/\/blog.polityka.pl\/passent\/wp-json\/wp\/v2\/posts\/128"}],"collection":[{"href":"https:\/\/blog.polityka.pl\/passent\/wp-json\/wp\/v2\/posts"}],"about":[{"href":"https:\/\/blog.polityka.pl\/passent\/wp-json\/wp\/v2\/types\/post"}],"author":[{"embeddable":true,"href":"https:\/\/blog.polityka.pl\/passent\/wp-json\/wp\/v2\/users\/4"}],"replies":[{"embeddable":true,"href":"https:\/\/blog.polityka.pl\/passent\/wp-json\/wp\/v2\/comments?post=128"}],"version-history":[{"count":0,"href":"https:\/\/blog.polityka.pl\/passent\/wp-json\/wp\/v2\/posts\/128\/revisions"}],"wp:attachment":[{"href":"https:\/\/blog.polityka.pl\/passent\/wp-json\/wp\/v2\/media?parent=128"}],"wp:term":[{"taxonomy":"category","embeddable":true,"href":"https:\/\/blog.polityka.pl\/passent\/wp-json\/wp\/v2\/categories?post=128"},{"taxonomy":"post_tag","embeddable":true,"href":"https:\/\/blog.polityka.pl\/passent\/wp-json\/wp\/v2\/tags?post=128"}],"curies":[{"name":"wp","href":"https:\/\/api.w.org\/{rel}","templated":true}]}}