
{"id":131,"date":"2006-09-14T07:06:45","date_gmt":"2006-09-14T05:06:45","guid":{"rendered":"http:\/\/passent.blog.polityka.pl\/?p=131"},"modified":"2006-09-14T07:06:45","modified_gmt":"2006-09-14T05:06:45","slug":"i-ty-brutusie","status":"publish","type":"post","link":"https:\/\/blog.polityka.pl\/passent\/2006\/09\/14\/i-ty-brutusie\/","title":{"rendered":"I ty Brutusie!"},"content":{"rendered":"<p>To, \u017ce bije na alarm wycie\u0144czona lewica, wykszta\u0142ciuchy, post-korowcy oraz\u00a0 post-komuni\u015bci z \u201eGazety Wybi\u00f3rczej\u201d\u00a0 &#8211; to mnie nie dziwi. Ale \u017ce przy\u0142\u0105czy si\u0119 do nich Tomasz Wo\u0142ek, jeden z najbardziej znanych dziennikarzy prawicy, jeden z tw\u00f3rc\u00f3w Ruchu M\u0142odej Polski, redaktor naczelny ekstra-prawicowego \u015aP. \u201e\u017bycia\u201d \u2013 to warto odnotowa\u0107.<\/p>\n<p>W artykule \u201ePokolenie janczar\u00f3w\u201d (GW, 8 IX), Wo\u0142ek pisze, \u017ce w\u0142adza po\u0142o\u017cy\u0142a krzy\u017cyk na starej inteligencji i hoduje sobie now\u0105.<\/p>\n<blockquote><p>W\u0142adza zda\u0142a sobie spraw\u0119, \u017ce gros elit nie popar\u0142o projektu IV Rzeczpospolitej. Stara inteligencja zawiod\u0142a.\u00a0Odrzuca postulaty \u2018rewolucji moralnej\u2019, wytyka niezgodno\u015b\u0107 s\u0142\u00f3w z czynami, a i same s\u0142owa cz\u0119sto j\u0105 ra\u017c\u0105 (\u2026) Ponadto tkwi po uszy w uk\u0142adach, czci przebrzmia\u0142e wielko\u015bci. Z tej zmursza\u0142ej, niereformowalnej inteligencji ni\u0107 ju\u017c nie b\u0119dzie.<\/p><\/blockquote>\n<p>Dlatego w\u0142adza postanowi\u0142a \u201eowe zbankrutowane \u2018\u0142\u017ce-elity\u2019 zast\u0105pi\u0107 nowymi.\u201d M\u0142ode or\u0142y szykuj\u0105 si\u0119 do lotu.<\/p>\n<blockquote><p>\u201eKampania deformowania historii najnowszej, przedstawiania jej jako mrocznego pasma tajnych uk\u0142ad\u00f3w, perfidnych zdrad i kl\u0119sk, ostatnio niezwykle przybra\u0142a na sile.\u201d<\/p><\/blockquote>\n<p>Zas\u0142u\u017cone postaci wyrzucane s\u0105 na \u015bmietnik historii \u2013 Wa\u0142\u0119sa, Kuro\u0144, Bartoszewski, Balcerowicz, Chrzanowski, Mi\u0142osz, Michnik. \u201eObserwujemy wielk\u0105 akcj\u0119 oczyszczania terenu.\u201d<\/p>\n<p>Przewodzi jej Jaros\u0142aw Kaczy\u0144ski &#8211;\u00a0 to on \u201erzuci\u0142 ur\u0105gliwe has\u0142o \u2018\u0142\u017ce-elit\u2019, za kt\u00f3rym posz\u0142y dalsze epitety. To on spu\u015bci\u0142 ze smyczy swego bulteriera Jacka Kurskiego, pozwalaj\u0105c mu k\u0105sa\u0107 gdzie popadnie. To on triumfalnie \u2018obwie\u015bci\u0142\u2019 odzyskanie MSZ. To on w praktyce rozgrzeszy\u0142 skandaliczne insynuacje A. Macierewicza.\u201d<\/p>\n<p>Na to tylko czeka nowa inteligencja:\u00a0<\/p>\n<blockquote><p>To w\u0142a\u015bnie oni \u2013 profesorowie Krasnod\u0119bski, Legutko, Zybertowicz, Nowak, Bender, Wolniewicz \u2013 stanowi\u0105 zaczyn elity prawdziwej i s\u0142usznej. (\u2026) Urabia si\u0119 zast\u0119py m\u0142odych ludzi w duchu walki i bezwzgl\u0119dno\u015bci.<\/p><\/blockquote>\n<p>Zdaniem Wo\u0142ka, (kt\u00f3re podzielam), to\u00a0 nowa forma \u2018rewolucji kulturalnej\u2019 i \u2018hodowla wsp\u00f3\u0142czesnych janczar\u00f3w\u2019, kt\u00f3ra mo\u017ce si\u0119 powie\u015b\u0107. Posad raz zdobytych \u2013 nie oddadz\u0105. \u201eDo szturmu rusza pokolenie, kt\u00f3re \u2018po swoje\u2019 idzie \u2013 niestety nieraz dos\u0142ownie \u2013 po trupach&#8221; \u2013 pisze Tomasz\u00a0 Wo\u0142ek, jeden z najbardziej znanych publicyst\u00f3w poprzedniego wydania\u00a0prawicy.<\/p>\n<p>Z panem Wo\u0142kiem mia\u0142em swojego czasu na pie\u0144ku. Kiedy w 1997 r. zosta\u0142em mianowany ambasadorem, redagowane przez niego \u201e\u017bycie\u201d\u00a0wypisywa\u0142o na mnie niestworzone rzeczy, gdy\u017c nie by\u0142em \u201esw\u00f3j\u201d. Wymy\u015blili nawet, \u017ce w MSZ (za czas\u00f3w Rosatiego) powo\u0142ano spec-komisj\u0119, kt\u00f3ra mia\u0142a sprawdzi\u0107, czy m\u00f3j krytyczny stosunek do Pinocheta nie wp\u0142ynie niekorzystnie na (dodajmy: nieistniej\u0105cy) eksport polskiej broni do Chile. By\u0142o to k\u0142amstwo, \u017c\u0105dnej komisji w tej sprawie nie by\u0142o. Eksportu zreszt\u0105 te\u017c nie. Ale\u00a0 mniejsza o fakty.\u00a0Wo\u0142ek patrza\u0142 i nadal patrzy \u017cyczliwym okiem na Pinocheta, ale poza tym wyra\u017anie dojrza\u0142, spowa\u017cnia\u0142 i NAWET ON bije na alarm, i NAWET JA jego tekst nag\u0142a\u015bniam, poniewa\u017c na pewno nie uczyni\u0105 tego odzyskane, niepartyjne, wolne i niezale\u017cne media publiczne (KRRiTV, PAP, TVP I, TVP II, TVP III, PR I, PR III itd.). Dop\u00f3ki koalicja nie mianowa\u0142a jeszcze swojego prezesa Internetu, nie pozw\u00f3lmy si\u0119 zakrzycze\u0107 janczarom, o kt\u00f3rych pisze Wo\u0142ek.<\/p>\n<p>Dzi\u015b media donios\u0142y, \u017ce\u00a0dziennikarze publicznego radia \u201eMerkury\u201d w Poznaniu zaprotestowali przeciwko nas\u0142aniu im do zarz\u0105du miejscowego dzia\u0142acza LPR, bez do\u015bwiadczenia w mediach. By\u0107 mo\u017ce akcja (koalicji) wywo\u0142uje reakcj\u0119, aczkolwiek podejrzewam, \u017ce diagnoza b\u0119dzie taka,\u00a0 i\u017c to uk\u0142ad si\u0119 broni. Dziesi\u0119\u0107 lat temu nie m\u00f3g\u0142bym sobie wyobrazi\u0107, \u017ce kiedy\u015b popr\u0119 Wo\u0142ka. Kaczy\u0144scy czyni\u0105 jednak cuda.\u00a0<\/p>\n","protected":false},"excerpt":{"rendered":"<p>To, \u017ce bije na alarm wycie\u0144czona lewica, wykszta\u0142ciuchy, post-korowcy oraz\u00a0 post-komuni\u015bci z \u201eGazety Wybi\u00f3rczej\u201d\u00a0 &#8211; to mnie nie dziwi. Ale \u017ce przy\u0142\u0105czy si\u0119 do nich Tomasz Wo\u0142ek, jeden z najbardziej znanych dziennikarzy prawicy, jeden z tw\u00f3rc\u00f3w Ruchu M\u0142odej Polski, redaktor naczelny ekstra-prawicowego \u015aP. \u201e\u017bycia\u201d \u2013 to warto odnotowa\u0107. W artykule \u201ePokolenie janczar\u00f3w\u201d (GW, 8 IX), [&hellip;]<\/p>\n","protected":false},"author":4,"featured_media":0,"comment_status":"open","ping_status":"open","sticky":false,"template":"","format":"standard","meta":{"footnotes":""},"categories":[1],"tags":[],"_links":{"self":[{"href":"https:\/\/blog.polityka.pl\/passent\/wp-json\/wp\/v2\/posts\/131"}],"collection":[{"href":"https:\/\/blog.polityka.pl\/passent\/wp-json\/wp\/v2\/posts"}],"about":[{"href":"https:\/\/blog.polityka.pl\/passent\/wp-json\/wp\/v2\/types\/post"}],"author":[{"embeddable":true,"href":"https:\/\/blog.polityka.pl\/passent\/wp-json\/wp\/v2\/users\/4"}],"replies":[{"embeddable":true,"href":"https:\/\/blog.polityka.pl\/passent\/wp-json\/wp\/v2\/comments?post=131"}],"version-history":[{"count":0,"href":"https:\/\/blog.polityka.pl\/passent\/wp-json\/wp\/v2\/posts\/131\/revisions"}],"wp:attachment":[{"href":"https:\/\/blog.polityka.pl\/passent\/wp-json\/wp\/v2\/media?parent=131"}],"wp:term":[{"taxonomy":"category","embeddable":true,"href":"https:\/\/blog.polityka.pl\/passent\/wp-json\/wp\/v2\/categories?post=131"},{"taxonomy":"post_tag","embeddable":true,"href":"https:\/\/blog.polityka.pl\/passent\/wp-json\/wp\/v2\/tags?post=131"}],"curies":[{"name":"wp","href":"https:\/\/api.w.org\/{rel}","templated":true}]}}