
{"id":132,"date":"2006-09-15T10:05:01","date_gmt":"2006-09-15T08:05:01","guid":{"rendered":"http:\/\/passent.blog.polityka.pl\/?p=132"},"modified":"2006-09-15T10:05:01","modified_gmt":"2006-09-15T08:05:01","slug":"macarthur-czy-maccarthy","status":"publish","type":"post","link":"https:\/\/blog.polityka.pl\/passent\/2006\/09\/15\/macarthur-czy-maccarthy\/","title":{"rendered":"MacArthur czy MacCarthy?"},"content":{"rendered":"<p>Pose\u0142 Artur Zawisza jest jeszcze do\u015b\u0107 m\u0142ody,\u00a0\u017ceby wybra\u0107, czy chce p\u00f3j\u015b\u0107 \u015bladem jednego z najs\u0142awniejszych genera\u0142\u00f3w ameryka\u0144skich, bojowego i kontrowersyjnego \u2013 MacArthura, czy jednego z najwi\u0119kszych inkwizytor\u00f3w, powszechnie pogardzanego senatora MacCarthy\u2019ego. Jeszcze nie jest za p\u00f3\u017ano, \u017ceby si\u0119 zdecydowa\u0142, ale to ju\u017c ostatni dzwonek.<\/p>\n<p>Gdyby nie by\u0142o faszyzmu, komunizmu i MacCarthy\u2019ego , na pewno z wi\u0119kszym spokojem ogl\u0105daliby\u015bmy to, co dzieje si\u0119 dzi\u015b w Polsce.\u00a0Na pierwszy rzut oka &#8211; wszystko jest w porz\u0105dku. Czy demokratycznie wybrany parlament nie ma prawa powo\u0142a\u0107 komisji do spraw bankowo\u015bci? \u2013 Ma. Czy przewodnicz\u0105cy komisji zosta\u0142 wybrany demokratycznie? \u2013 Zosta\u0142. Czy Pa\u0144stwo nie ma prawa zmieni\u0107 od g\u00f3ry do do\u0142u obsady wszystkich medi\u00f3w publicznych? \u2013 Ma. Czy Skarb Pa\u0144stwa, b\u0119d\u0105c wsp\u00f3\u0142w\u0142a\u015bcicielem \u201eCzwartej Rzeczpospolitej\u201d nie ma prawa zmieni\u0107 redaktora naczelnego? \u2013 Ma. Zmieni\u0107 prezesa PZU? \u2013 Ma. Zmieni\u0107 komendant\u00f3w policji? \u2013 Ma. Wojewod\u00f3w? \u2013 Ma. \u201eWiadomo\u015bci\u201d? \u2013 Ma. \u201ePanoramy\u201d? \u2013 Ma. Skrytykowa\u0107 Trybuna\u0142 Konstytucyjny? \u2013 Ma. Wzi\u0105\u0107 lekarzy w kamasze? \u2013 Ma. Postraszy\u0107 s\u0119dzi\u00f3w? \u2013 Ma.\u00a0\u00a0 Przeprowadzi\u0107 czystk\u0119 w sp\u00f3\u0142kach Skarbu Pa\u0144stwa? \u2013 Ma. Za\u0142o\u017cy\u0107 pods\u0142uch prezydentowi miasta? \u2013 Ma.\u00a0Wyrzuci\u0107 ambasador\u00f3w? \u2013 Ma, ma, ma i jeszcze\u00a0 raz ma. Dlatego obro\u0144cy IV RP z zimn\u0105 krwi\u0105 pytaj\u0105: O co to larum? Czy w Polsce naruszone jest prawo? Czy w Polsce zagro\u017cona jest demokracja? \u2013 Oczywi\u015bcie \u2013 nie, odpowiadaj\u0105.<\/p>\n<p>A jednak, kiedy przyjrze\u0107 si\u0119 nie tylko formie, ale i tre\u015bci tego, co si\u0119 dzieje, to robi si\u0119 zimno. Ogl\u0105da\u0142em dwa dni post\u0119powanie komisji do spraw zbrodni Balcerowicza. Mo\u017cna by\u00a0 na rzecz tej komisji uczyni\u0107 dwa ust\u0119pstwa: przyzna\u0107, \u017ce by\u0142oby mo\u017ce i lepiej, gdyby prof. Balcerowicz stawi\u0142 si\u0119 przed komisja i powiedzia\u0142 jej co o niej my\u015bli \u2013 wytr\u0105ci\u0142 by tym samym Arturowi Zawiszy jeden PRETEKST. By\u0142oby lepiej, gdyby banki nie by\u0142y klientami fundacji, na czele kt\u00f3rej stoi Pani Balcerowicz \u2013 by\u0142oby o jeden PRETEKST mniej. Ale co by to zmieni\u0142o? Nic. Znalaz\u0142yby si\u0119 inne PRETEKSTY, \u017ceby postawi\u0107 przed s\u0105dem koalicji rz\u0105dz\u0105cej Leszka Balcerowicza, a wraz z nim Trzeci\u0105 RP, reformy gospodarcze, Mazowieckiego, Kuronia i innych, kt\u00f3rzy byli w rz\u0105dzie, a po\u015brednio ca\u0142e pi\u0119tna\u015bcie lat, kt\u00f3re zdaniem wielu by\u0142y najbardziej pomy\u015blnym okresem w \u017cyciu naszego narodu, a zdaniem samozwa\u0144czych s\u0119dzi\u00f3w stanowi\u0105cych wi\u0119kszo\u015b\u0107 komisji, by\u0142o to jedno wielkie oszustwo. Jak si\u0119 chce psa uderzy\u0107, to kij si\u0119 znajdzie.<\/p>\n<p>Gdyby nie chodzi\u0142o o pretekst, to pose\u0142 Zawisza\u00a0z\u0142o\u017cy\u0142by\u00a0w prokuraturze zawiadomienie o konflikcie interes\u00f3w pa\u0144stwa Balcerowicz\u00f3w. Niezawis\u0142a, zw\u0142aszcza pod rz\u0105dami pp. Kaczy\u0144skich i Ziobry, prokuratura nada\u0142aby sprawie bieg. Gdyby nie chodzi\u0142o o pretekst, pose\u0142 Zawisza od\u0142o\u017cy\u0142by przes\u0142uchanie \u015bwiadk\u00f3w na po orzeczeniu Trybuna\u0142u Konstytucyjnego.\u00a0Ale ten kogut, jakiego przypomina przewodnicz\u0105cy komisji, musi gdaka\u0107 i dzioba\u0107 ju\u017c, nie mo\u017ce zaczeka\u0107 zaledwie\u00a0kilka\u00a0dni, bo zbli\u017caj\u0105 si\u0119 wybory.<\/p>\n<p>Dotychczasowe obrady komisji by\u0142y zawstydzaj\u0105ce. Jeden cz\u0142onek pyta\u0142 Wojciecha Kostrzew\u0119, czy wsp\u00f3\u0142pracowa\u0142 z esbecj\u0105? Inny (albo ten sam) cz\u0142onek pyta\u0142, czy prezes Kostrzewa by\u0142 na li\u015bcie Wildsteina? Trzeci cz\u0142onek pyta\u0142 pani\u0105 dr Ew\u0119 Balcerowicz, czy\u00a0 wie, \u017ce Anatolij Czubajs, kt\u00f3ry zasiada\u0142 w radzie fundacji CASE, by\u0142 prze\u0142o\u017conym A\u0142ganowa?<\/p>\n<p>Jedno za drugim pytanie zmierza\u0142o do dyskredytacji \u015bwiadk\u00f3w i Balcerowicza, a nie do wyjawienia prawdy. Przewodnicz\u0105cy Artur Zawisza \u2013 k\u0142\u00f3tliwy, arogancki, niepowa\u017cny, konfliktowy i pyskaty \u2013 mo\u017ce wyrosn\u0105\u0107 na bohatera prawicy i marzy mu si\u0119 zapewne kariera Rokity i\u00a0Ziobry, kt\u00f3rzy wybili si\u0119 jako \u015bledczy, ale moim zdaniem nie s\u0105 to najlepsze wzory. Zawisza ich prze\u015bcignie \u2013 jest jeszcze bardziej zwinny, obrotny, kr\u0119ty i opanowany ni\u017c Jacek Kurski i Zbigniew Ziobro do kwadratu.\u00a0Pozostaje mie\u0107 nadziej\u0119, \u017ce Zbigniew Ziobro dowie si\u0119, jak sko\u0144czy\u0142 senator MacCarthy.<\/p>\n<p>Sama ta komisja by\u0142aby tylko jednym wi\u0119cej \u017ca\u0142osnym nieporozumieniem, gdyby nie fakt, \u017ce stanowi fragment szerszej kampanii, maj\u0105cej na celu na obrzydzenie dotychczasowego dorobku wolnej Polski i jej wizerunku zagranic\u0105.\u00a0<\/p>\n","protected":false},"excerpt":{"rendered":"<p>Pose\u0142 Artur Zawisza jest jeszcze do\u015b\u0107 m\u0142ody,\u00a0\u017ceby wybra\u0107, czy chce p\u00f3j\u015b\u0107 \u015bladem jednego z najs\u0142awniejszych genera\u0142\u00f3w ameryka\u0144skich, bojowego i kontrowersyjnego \u2013 MacArthura, czy jednego z najwi\u0119kszych inkwizytor\u00f3w, powszechnie pogardzanego senatora MacCarthy\u2019ego. Jeszcze nie jest za p\u00f3\u017ano, \u017ceby si\u0119 zdecydowa\u0142, ale to ju\u017c ostatni dzwonek. Gdyby nie by\u0142o faszyzmu, komunizmu i MacCarthy\u2019ego , na pewno z [&hellip;]<\/p>\n","protected":false},"author":4,"featured_media":0,"comment_status":"open","ping_status":"open","sticky":false,"template":"","format":"standard","meta":{"footnotes":""},"categories":[1],"tags":[],"_links":{"self":[{"href":"https:\/\/blog.polityka.pl\/passent\/wp-json\/wp\/v2\/posts\/132"}],"collection":[{"href":"https:\/\/blog.polityka.pl\/passent\/wp-json\/wp\/v2\/posts"}],"about":[{"href":"https:\/\/blog.polityka.pl\/passent\/wp-json\/wp\/v2\/types\/post"}],"author":[{"embeddable":true,"href":"https:\/\/blog.polityka.pl\/passent\/wp-json\/wp\/v2\/users\/4"}],"replies":[{"embeddable":true,"href":"https:\/\/blog.polityka.pl\/passent\/wp-json\/wp\/v2\/comments?post=132"}],"version-history":[{"count":0,"href":"https:\/\/blog.polityka.pl\/passent\/wp-json\/wp\/v2\/posts\/132\/revisions"}],"wp:attachment":[{"href":"https:\/\/blog.polityka.pl\/passent\/wp-json\/wp\/v2\/media?parent=132"}],"wp:term":[{"taxonomy":"category","embeddable":true,"href":"https:\/\/blog.polityka.pl\/passent\/wp-json\/wp\/v2\/categories?post=132"},{"taxonomy":"post_tag","embeddable":true,"href":"https:\/\/blog.polityka.pl\/passent\/wp-json\/wp\/v2\/tags?post=132"}],"curies":[{"name":"wp","href":"https:\/\/api.w.org\/{rel}","templated":true}]}}