
{"id":1341,"date":"2012-02-15T15:04:30","date_gmt":"2012-02-15T14:04:30","guid":{"rendered":"http:\/\/passent.blog.polityka.pl\/?p=1341"},"modified":"2012-02-15T15:05:57","modified_gmt":"2012-02-15T14:05:57","slug":"czytac-ogladac-i-prac","status":"publish","type":"post","link":"https:\/\/blog.polityka.pl\/passent\/2012\/02\/15\/czytac-ogladac-i-prac\/","title":{"rendered":"Czyta\u0107, ogl\u0105da\u0107 i pra\u0107"},"content":{"rendered":"<p><strong>Nie chc\u0119 dzi\u015b m\u0142\u00f3ci\u0107 medialnej sieczki (detektyw Rutkowski, Stadion Narodowy, ma\u0142a Madzia, du\u017ca Mucha). Wol\u0119 napisa\u0107 o ksi\u0105\u017ckach, jakie ostatnio czyta\u0142em, lub czytam<\/strong>. <\/p>\n<p>O niekt\u00f3rych pisa\u0142em w papierowej \u201ePolityce\u201d, o innych nie, a wszystkie chcia\u0142bym poleci\u0107. Oto one:<\/p>\n<p>Marcin KULA, \u201eNajpierw trzeba si\u0119 urodzi\u0107\u201d (Wydawnictwo UW). Znany historyk i socjolog pisze o rodzeniu si\u0119 \u2013 o polityce ludno\u015bciowej, porodach, seksie, obyczajach, homoseksualizmie, kryteriach urody kobiecej i m\u0119skiej, gwa\u0142cie, aborcji, celibacie. Mn\u00f3stwo ciekawych spraw, rzecz napisana w konwencji eseistycznej, niekoniecznie dla jajog\u0142owych.<\/p>\n<p>\u201eElka\u201d \u2013 Kilkadziesi\u0105t wywiad\u00f3w Izy KOMENDO\u0141OWICZ o El\u017cbiecie Czy\u017cewskiej. (Wydawnictwo Literackie). Mimo pewnych powt\u00f3rze\u0144 (prawie wszyscy rozm\u00f3wcy rozwodz\u0105 si\u0119 nad tym , jaka El\u017cunia by\u0142a pi\u0119kna,   inteligentna i zdolna), rysuje si\u0119 \u017cyciorys bardzo nietypowy. Dziewczyna z Powi\u015bla, z rodziny toksycznej, przebija si\u0119 i w latach 60. zostaje najwi\u0119ksz\u0105 gwiazd\u0105 teatru i filmu. Wychodzi za m\u0105\u017c za s\u0142awnego dziennikarza ameryka\u0144skiego, z kt\u00f3rym z czasem si\u0119 rozwodzi. Za oceanem nie zaznaje szcz\u0119\u015bcia, nie robi kariery aktorskiej, mimo to nie wraca do kraju, pije, pali, stara si\u0119 utrzyma\u0107 na powierzchni, udziela si\u0119 jako aktorka, ale to ju\u017c nie to, co kiedy noszono j\u0105 na rekach.<\/p>\n<p>Miko\u0142aj GRYNBERG, \u201eOcaleni z XX wieku\u201d \u2013 seria 25 rozm\u00f3w psychologa i fotografika (autora ksi\u0105\u017cki \u201eAuschwitz. Co ja tu robi\u0119?\u201d), przeprowadzonych w Izraelu, z emigrantami z Polski, kt\u00f3rzy otwieraj\u0105 przed autorem swoje wspomnienia i prze\u017cycia. Mimo dramatycznej tematyki (okupacja, Zag\u0142ada, emigracja\u2026), ksi\u0105\u017cka bardzo ciep\u0142a. Autor ma rewelacyjny s\u0142uch, doskonale zachowana emigracyjna polszczyzna \u017byd\u00f3w. Posiada te\u017c dar otwierania swoich rozm\u00f3wc\u00f3w, kt\u00f3rym przywraca pami\u0119\u0107 i rozwi\u0105zuje j\u0119zyki.<\/p>\n<p>Zdzis\u0142aw SADOWSKI w rozmowie z Paw\u0142em KOZ\u0141OWSKIM \u201ePrzez ciekawe czasy\u201d (Wyd. PTE\/PAN). Wywiad \u2013 rzeka ze znanym ekonomist\u0105. Ciekawe, niebanalne \u017cycie, od ONR w Polsce przedwojennej, Powstanie Warszawskie, wi\u0119zienie w okresie stalinowskim, po stanowisko przewodnicz\u0105cego Komisji Planowania i wicepremiera w rz\u0105dzie gen. Jaruzelskiego.<\/p>\n<p>Robert KRASOWSKI, \u201ePo po\u0142udniu\u201d (Wyd. Czerwone i Czarne). Podtytu\u0142: \u201eUpadek elit solidarno\u015bciowych po zdobyciu w\u0142adzy\u201d. Pierwszy tom, zakrojonej na 3 tomy historii politycznej III RP, obejmuje okres od upadku PRL do zwyci\u0119stwa SLD (1995). Znakomicie napisane, wartko, z pazurem. Autor, konserwatywny publicysta (b. redaktor naczelny upad\u0142ego \u201eDziennika\u201d), nie ukrywa swoich opinii, acz nie zawsze je uzasadnia. Traktuje polityk\u0119 jako \u201egr\u0119\u201d, s\u0142owa \u201egracz\u201d, \u201egra\u201d, \u201erozgrywa\u201d powtarzaj\u0105 si\u0119 cz\u0119sto. Pasjonuj\u0105ce czasy (plan Balcerowicza, noc d\u0142ugich no\u017cy, lustracja), znakomite charakterystyki Wa\u0142\u0119sy, J. Kaczy\u0144skiego, Mazowieckiego, Bieleckiego, Balcerowicza, Geremka i innych. Pasjonuj\u0105ca lektura dla ka\u017cdego zainteresowanego polsk\u0105 polityk\u0105. <\/p>\n<p>Dla uzupe\u0142nienia  mojej edukacji kulturalnej, by\u0142em ostatnio (bardzo sp\u00f3\u017aniony) na przestawieniu Tadeusza S\u0142obodzianka \u201eNasza Klasa\u201d w Teatrze Na Woli (znakomite, rewelacja \u201ew trudnym temacie\u201d Polacy \u2013 \u017bydzi, sztuka nagrodzona nagrod\u0105 \u201eNike\u201d), w Teatrze Narodowym na \u201eUdr\u0119ce \u017cycia\u201d (koncert gry aktorskiej Anny Seniuk i Janusza Gajosa), oraz w kinie, na \u201eIdach Marcowych\u201d \u2013 pasjonuj\u0105cy film o brudach w polityce ameryka\u0144skiej. Jak wynika z ksi\u0105\u017cki Krasowskiego, polityka w Polsce ma nie mniej brud\u00f3w. <\/p>\n<p>Zach\u0119cam do ogl\u0105dania, czytania i prania brud\u00f3w.<\/p>\n","protected":false},"excerpt":{"rendered":"<p>Nie chc\u0119 dzi\u015b m\u0142\u00f3ci\u0107 medialnej sieczki (detektyw Rutkowski, Stadion Narodowy, ma\u0142a Madzia, du\u017ca Mucha). Wol\u0119 napisa\u0107 o ksi\u0105\u017ckach, jakie ostatnio czyta\u0142em, lub czytam. O niekt\u00f3rych pisa\u0142em w papierowej \u201ePolityce\u201d, o innych nie, a wszystkie chcia\u0142bym poleci\u0107. Oto one: Marcin KULA, \u201eNajpierw trzeba si\u0119 urodzi\u0107\u201d (Wydawnictwo UW). Znany historyk i socjolog pisze o rodzeniu si\u0119 \u2013 [&hellip;]<\/p>\n","protected":false},"author":4,"featured_media":0,"comment_status":"open","ping_status":"open","sticky":false,"template":"","format":"standard","meta":{"footnotes":""},"categories":[24],"tags":[],"_links":{"self":[{"href":"https:\/\/blog.polityka.pl\/passent\/wp-json\/wp\/v2\/posts\/1341"}],"collection":[{"href":"https:\/\/blog.polityka.pl\/passent\/wp-json\/wp\/v2\/posts"}],"about":[{"href":"https:\/\/blog.polityka.pl\/passent\/wp-json\/wp\/v2\/types\/post"}],"author":[{"embeddable":true,"href":"https:\/\/blog.polityka.pl\/passent\/wp-json\/wp\/v2\/users\/4"}],"replies":[{"embeddable":true,"href":"https:\/\/blog.polityka.pl\/passent\/wp-json\/wp\/v2\/comments?post=1341"}],"version-history":[{"count":3,"href":"https:\/\/blog.polityka.pl\/passent\/wp-json\/wp\/v2\/posts\/1341\/revisions"}],"predecessor-version":[{"id":1344,"href":"https:\/\/blog.polityka.pl\/passent\/wp-json\/wp\/v2\/posts\/1341\/revisions\/1344"}],"wp:attachment":[{"href":"https:\/\/blog.polityka.pl\/passent\/wp-json\/wp\/v2\/media?parent=1341"}],"wp:term":[{"taxonomy":"category","embeddable":true,"href":"https:\/\/blog.polityka.pl\/passent\/wp-json\/wp\/v2\/categories?post=1341"},{"taxonomy":"post_tag","embeddable":true,"href":"https:\/\/blog.polityka.pl\/passent\/wp-json\/wp\/v2\/tags?post=1341"}],"curies":[{"name":"wp","href":"https:\/\/api.w.org\/{rel}","templated":true}]}}