
{"id":137,"date":"2006-09-24T00:38:05","date_gmt":"2006-09-23T22:38:05","guid":{"rendered":"http:\/\/passent.blog.polityka.pl\/?p=137"},"modified":"2006-09-24T06:24:21","modified_gmt":"2006-09-24T04:24:21","slug":"och-karol","status":"publish","type":"post","link":"https:\/\/blog.polityka.pl\/passent\/2006\/09\/24\/och-karol\/","title":{"rendered":"Och, Karol"},"content":{"rendered":"<p>Mo\u017ce to i dobrze, \u017ce nie jestem w Polsce i nie musz\u0119 \u015bledzi\u0107 kontredansu w polskiej koalicji! Pisz\u0119 z male\u0144kiej miejscowo\u015bci Crestet, w Prowansji, po\u0142o\u017conej u st\u00f3p \u015bredniowiecznego zamku, p\u00f3\u0142 godziny od Awinionu. Mieszkamy tu\u017c obok starego ko\u015bci\u00f3\u0142ka, kt\u00f3rego dzwonnica odmierza czas nie od koalicji do koalicji, ale od cesarstwa do cesarstwa. Uliczki s\u0105 tak w\u0105skie, \u017ce samoch\u00f3d trzeba\u00a0 zostawia\u0107 u bram miasta. W\u0105skimi uliczkami snuj\u0105 si\u0119 tury\u015bci z aparatami, szkicownikami lub akwarelami.<\/p>\n<p>Pewnego dnia, w 1989 r., moi przyjaciele, kt\u00f3rzy tu maj\u0105 dom, zobaczyli, \u017ce na schodkach siedzi kto\u015b bardzo podobny do ksi\u0119cia Karola. S\u0105dzili, \u017ce chyba im si\u0119 przywidzia\u0142o, bo wypili\u00a0z rado\u015bci za du\u017co wina, by\u0142 to dzie\u0144, kiedy Mazowiecki zosta\u0142 premierem. Kiedy podeszli bli\u017cej, za plecami &#8222;ksi\u0119cia&#8221; pojawi\u0142a si\u0119 ochrona, co ich upewni\u0142o, \u017ce u nich na schodkach siedzi prawdziwy Karol. Odwa\u017cyli si\u0119 zaprosi\u0107 go do \u015brodka. Zaproszenie zosta\u0142o przyj\u0119te z zadowoleniem. Ksi\u0105\u017c\u0119 doko\u0144czy\u0142 malowa\u0107, po czym wsp\u00f3lnie z polskimi architektami wypili zdrowie rz\u0105du Mazowieckiego. Na koniec wizyty ksi\u0105\u017c\u0119 wpisa\u0142 si\u0119 do ksi\u0119gi rodzinnej:<\/p>\n<blockquote><p>Charles, September 1989.<\/p><\/blockquote>\n<p>Na szcz\u0119\u015bcie nie wpisa\u0142 jak\u0105 okazj\u0119 \u015bwi\u0119towali, bo to by\u0142 przecie\u017c rz\u0105d zgni\u0142ego kompromisu, po kt\u00f3rym nasi obecni wielkorz\u0105dcy musz\u0105 wszystko naprawia\u0107. Nadejdzie jeszcze dzie\u0144, kiedy w prastarym Crestet ods\u0142oni\u0119ta zostanie tablica:<\/p>\n<blockquote><p>W tym domu Ksi\u0105\u017c\u0119 Karol pi\u0142 zdrowie rz\u0105du Tadeusza Mazowieckiego.<\/p><\/blockquote>\n","protected":false},"excerpt":{"rendered":"<p>Mo\u017ce to i dobrze, \u017ce nie jestem w Polsce i nie musz\u0119 \u015bledzi\u0107 kontredansu w polskiej koalicji! Pisz\u0119 z male\u0144kiej miejscowo\u015bci Crestet, w Prowansji, po\u0142o\u017conej u st\u00f3p \u015bredniowiecznego zamku, p\u00f3\u0142 godziny od Awinionu. Mieszkamy tu\u017c obok starego ko\u015bci\u00f3\u0142ka, kt\u00f3rego dzwonnica odmierza czas nie od koalicji do koalicji, ale od cesarstwa do cesarstwa. Uliczki s\u0105 tak [&hellip;]<\/p>\n","protected":false},"author":4,"featured_media":0,"comment_status":"open","ping_status":"open","sticky":false,"template":"","format":"standard","meta":{"footnotes":""},"categories":[1],"tags":[],"_links":{"self":[{"href":"https:\/\/blog.polityka.pl\/passent\/wp-json\/wp\/v2\/posts\/137"}],"collection":[{"href":"https:\/\/blog.polityka.pl\/passent\/wp-json\/wp\/v2\/posts"}],"about":[{"href":"https:\/\/blog.polityka.pl\/passent\/wp-json\/wp\/v2\/types\/post"}],"author":[{"embeddable":true,"href":"https:\/\/blog.polityka.pl\/passent\/wp-json\/wp\/v2\/users\/4"}],"replies":[{"embeddable":true,"href":"https:\/\/blog.polityka.pl\/passent\/wp-json\/wp\/v2\/comments?post=137"}],"version-history":[{"count":0,"href":"https:\/\/blog.polityka.pl\/passent\/wp-json\/wp\/v2\/posts\/137\/revisions"}],"wp:attachment":[{"href":"https:\/\/blog.polityka.pl\/passent\/wp-json\/wp\/v2\/media?parent=137"}],"wp:term":[{"taxonomy":"category","embeddable":true,"href":"https:\/\/blog.polityka.pl\/passent\/wp-json\/wp\/v2\/categories?post=137"},{"taxonomy":"post_tag","embeddable":true,"href":"https:\/\/blog.polityka.pl\/passent\/wp-json\/wp\/v2\/tags?post=137"}],"curies":[{"name":"wp","href":"https:\/\/api.w.org\/{rel}","templated":true}]}}