
{"id":1371,"date":"2012-03-15T22:34:31","date_gmt":"2012-03-15T21:34:31","guid":{"rendered":"http:\/\/passent.blog.polityka.pl\/?p=1371"},"modified":"2012-03-15T22:34:31","modified_gmt":"2012-03-15T21:34:31","slug":"sezon-w-pelni-2","status":"publish","type":"post","link":"https:\/\/blog.polityka.pl\/passent\/2012\/03\/15\/sezon-w-pelni-2\/","title":{"rendered":"Sezon w pe\u0142ni"},"content":{"rendered":"<p>W porz\u0105dku alfabetycznym:<\/p>\n<p>DEMONSTRACJA PiS zako\u0144czy\u0142a si\u0119 wynikiem bezbramkowym. Ci, kt\u00f3rzy zapowiadali \u201eburdy\u201d (m.in. pose\u0142 Niesio\u0142owski) pomylili si\u0119. Ci, kt\u00f3rzy zapowiadali ogromny sukces lub kl\u0119sk\u0119 frekwencyjn\u0105 \u2013 r\u00f3wnie\u017c. Prezes zwo\u0142a\u0142 demonstracj\u0119, poniewa\u017c jego partia nie korzysta ze spadku poparcia dla Platformy i dla rz\u0105du, nie jest ju\u017c jedyn\u0105 licz\u0105c\u0105 si\u0119 parti\u0105 opozycyjn\u0105, musia\u0142a wi\u0119c zaistnie\u0107, napr\u0119\u017cy\u0107 musku\u0142y, policzy\u0107 si\u0119, doda\u0107 sobie animuszu. Ca\u0142e przem\u00f3wienie Jaros\u0142awa Kaczy\u0144skiego pokaza\u0142a ta wstr\u0119tna TVN, ale i tak b\u0119dzie si\u0119 m\u00f3wi\u0142o, \u017ce PiS jest w mediach sekowany. Samo przem\u00f3wienie nie zawiera\u0142o niczego nowego.  Sprzeciw wobec podwy\u017cszenia wieku emerytalnego to szkodliwy populizm, co nie znaczy, \u017ce nie mo\u017cna kwestionowa\u0107 \u201e67\u201d. W sumie \u2013 manifestacja  by\u0142a, ale jak by jej nie by\u0142o. Oby kolejne okaza\u0142y si\u0119 r\u00f3wnie niegro\u017ane \u2013 mam na my\u015bli zapowiadan\u0105 przez taks\u00f3wkarzy bezsensown\u0105  blokad\u0119 miasta w dniu rozpocz\u0119cia Euro 2012, a tak\u017ce akcj\u0119 \u201eS\u201d, kt\u00f3ra ma krewkich aktywist\u00f3w.<\/p>\n<p>DEREGULACJA jest potrzebna, ale bez przesady. Jakie\u015b minimum kwalifikacji powinno by\u0107 wymagane. Je\u017celi taks\u00f3wkarz (na koszt klienta !)  ma b\u0142\u0105dzi\u0107, szuka\u0107 ulicy, kt\u00f3rej po\u0142o\u017cenie powinien zna\u0107 \u2013 to lepiej, \u017ceby egzamin z topografii by\u0142 wymagany. R\u00f3wnie\u017c \u201etrener\u201d, kt\u00f3ry nie ma poj\u0119cia o fizjologii, nie jest \u017cadnym trenerem. Mo\u017ce jeszcze narobi\u0107 szk\u00f3d, np. kontuzji. Rozumiem, \u017ce trzeba rozbi\u0107 monopole \u015brodowisk, kt\u00f3re broni\u0105 dost\u0119pu do swoich intratnych profesji, ale dopuszczenie nieuk\u00f3w te\u017c ma swoje minusy. Szukajmy z\u0142otego \u015brodka.<\/p>\n<p>EMERYTURY. Tej sprawie towarzyszy dziwny po\u015bpiech, \u201ekonsultacje\u201d, kt\u00f3re trwaj\u0105 tylko 30 dni, to za ma\u0142o. To fikcja. Reforma zostanie uchwalona (PO, PSL, Palikot), ale przywileje bran\u017cowe pozostan\u0105. W\u0105tpi\u0119, \u017ceby polityk tak ostro\u017cny jak Donald Tusk ryzykowa\u0142 starcie z g\u00f3rnikami,  czy narazi\u0142 si\u0119 prokuratorom. W sumie reforma konieczna, ale \u2013 jak to zwykle u nas \u2013 po\u0142owiczna.<\/p>\n<p>KO\u015aCI\u00d3\u0141 \u2013 PA\u0143STWO. Ca\u0142a prasa konserwatywna rwie szaty (duchowne) z powodu rzekomego \u201eataku na Ko\u015bci\u00f3\u0142\u201d. Tymczasem ca\u0142y ten \u201eatak\u201d to propozycja zast\u0105pienia Funduszu Ko\u015bcielnego, z kt\u00f3rego op\u0142acane s\u0105 emerytury duchowie\u0144stwa, przeznaczeniem  0,3 proc. z podatku na rzecz Ko\u015bcio\u0142a. G\u00f3ra porodzi\u0142a mysz. Episkopat jest got\u00f3w do rozm\u00f3w, czuje nastroje i nie chce antagonizowa\u0107 sobie cz\u0119\u015bci spo\u0142ecze\u0144stwa. Przy okazji obro\u0144cy status quo, w tym Katolicka Agencja Informacyjna, rozpocz\u0119li kampani\u0119 z kt\u00f3rej wynika, \u017ce w ca\u0142ej Europie ko\u015bcio\u0142y finansowane s\u0105 przez pa\u0144stwo i w og\u00f3le ko\u015bcio\u0142y wsz\u0119dzie s\u0105 na garnuszku pa\u0144stwowym . W  Austrii lekcje religii s\u0105 obowi\u0105zkowe, w Irlandii szko\u0142y wyznaniowe s\u0105 dofinansowywane niemal w ca\u0142o\u015bci, w Hiszpanii pa\u0144stwo finansuje uniwersytety katolickie, we Francji pa\u0144stwo op\u0142aca kapelan\u00f3w w szpitalach, a we W\u0142oszech \u2013 w wi\u0119zieniach, w Belgii i na S\u0142owacji pa\u0144stwo p\u0142aci pensje duchownym i td, itp. (Wszystkie przyk\u0142ady z \u201eRz.\u201d 15 marca). Kampania ta polega na manipulacji. Nawet je\u017celi wszystkie te fakty s\u0105 prawdziwe,  to s\u0105 one pozbierane z r\u00f3\u017cnych kraj\u00f3w, podczas gdy por\u00f3wnywa\u0107 mo\u017cna tylko dwa kraje, np.. Polsk\u0119 i Finlandi\u0119 czy Polsk\u0119 i Portugali\u0119. W\u0105tpi\u0119, czy jest w Europie wiele kraj\u00f3w, gdzie pa\u0144stwo dok\u0142ada do Ko\u015bcio\u0142a tyle, co u nas. Je\u017celi nie\u015bmia\u0142e pr\u00f3by demokratycznie wybranego rz\u0105du Tuska s\u0105 \u201eatakiem\u201d, to chyba tylko dla kogo\u015b, kto czuje si\u0119 ponad spo\u0142ecze\u0144stwem. <\/p>\n<p>RATING \u2013 jedna z najbardziej znanych agencji ratingowych podnios\u0142a rating polskich \u201epapier\u00f3w d\u0142u\u017cnych\u201d(cudzys\u0142\u00f3w ze wzgl\u0119du  na uproszczenie terminologii). Gdyby agencja obni\u017cy\u0142a Polsce rating \u2013 by\u0142aby to wiadomo\u015b\u0107 dnia, na pierwszych stronach gazet, ale poniewa\u017c wiadomo\u015b\u0107 jest dobra, to lepiej j\u0105 przemilcze\u0107. S\u0105 wa\u017cniejsze sprawy, na przyk\u0142ad polski windsurfer, kt\u00f3ry pokona\u0142 rekiny.   <\/p>\n","protected":false},"excerpt":{"rendered":"<p>W porz\u0105dku alfabetycznym: DEMONSTRACJA PiS zako\u0144czy\u0142a si\u0119 wynikiem bezbramkowym. Ci, kt\u00f3rzy zapowiadali \u201eburdy\u201d (m.in. pose\u0142 Niesio\u0142owski) pomylili si\u0119. Ci, kt\u00f3rzy zapowiadali ogromny sukces lub kl\u0119sk\u0119 frekwencyjn\u0105 \u2013 r\u00f3wnie\u017c. Prezes zwo\u0142a\u0142 demonstracj\u0119, poniewa\u017c jego partia nie korzysta ze spadku poparcia dla Platformy i dla rz\u0105du, nie jest ju\u017c jedyn\u0105 licz\u0105c\u0105 si\u0119 parti\u0105 opozycyjn\u0105, musia\u0142a wi\u0119c zaistnie\u0107, [&hellip;]<\/p>\n","protected":false},"author":4,"featured_media":0,"comment_status":"open","ping_status":"open","sticky":false,"template":"","format":"standard","meta":{"footnotes":""},"categories":[1],"tags":[],"_links":{"self":[{"href":"https:\/\/blog.polityka.pl\/passent\/wp-json\/wp\/v2\/posts\/1371"}],"collection":[{"href":"https:\/\/blog.polityka.pl\/passent\/wp-json\/wp\/v2\/posts"}],"about":[{"href":"https:\/\/blog.polityka.pl\/passent\/wp-json\/wp\/v2\/types\/post"}],"author":[{"embeddable":true,"href":"https:\/\/blog.polityka.pl\/passent\/wp-json\/wp\/v2\/users\/4"}],"replies":[{"embeddable":true,"href":"https:\/\/blog.polityka.pl\/passent\/wp-json\/wp\/v2\/comments?post=1371"}],"version-history":[{"count":2,"href":"https:\/\/blog.polityka.pl\/passent\/wp-json\/wp\/v2\/posts\/1371\/revisions"}],"predecessor-version":[{"id":1373,"href":"https:\/\/blog.polityka.pl\/passent\/wp-json\/wp\/v2\/posts\/1371\/revisions\/1373"}],"wp:attachment":[{"href":"https:\/\/blog.polityka.pl\/passent\/wp-json\/wp\/v2\/media?parent=1371"}],"wp:term":[{"taxonomy":"category","embeddable":true,"href":"https:\/\/blog.polityka.pl\/passent\/wp-json\/wp\/v2\/categories?post=1371"},{"taxonomy":"post_tag","embeddable":true,"href":"https:\/\/blog.polityka.pl\/passent\/wp-json\/wp\/v2\/tags?post=1371"}],"curies":[{"name":"wp","href":"https:\/\/api.w.org\/{rel}","templated":true}]}}