
{"id":1374,"date":"2012-03-18T23:00:38","date_gmt":"2012-03-18T22:00:38","guid":{"rendered":"http:\/\/passent.blog.polityka.pl\/?p=1374"},"modified":"2012-03-18T23:00:38","modified_gmt":"2012-03-18T22:00:38","slug":"o-co-chodzi-platformie","status":"publish","type":"post","link":"https:\/\/blog.polityka.pl\/passent\/2012\/03\/18\/o-co-chodzi-platformie\/","title":{"rendered":"O co chodzi Platformie?"},"content":{"rendered":"<p>Mo\u017ce kto\u015b z Pa\u0144stwa rozumie, o co chodzi Platformie? We\u017amy kwesti\u0119 Trybuna\u0142u Stanu dla Jaros\u0142awa Kaczy\u0144skiego i Zbigniewa Ziobry.  Pi\u0119\u0107 lat po wniosku SLD, co najmniej rok \u2013 dwa po w\u0142asnych zapowiedziach, jaki\u015b czas po ustaleniach \u201ekomisji Kalisza\u201d, Platforma nie\u015bmia\u0142o, ustami Rafa\u0142a Grupi\u0144skiego, zapowiada wniosek o postawienie obu pan\u00f3w Kaczy\u0144skiego i Ziobry przed T.S. Wniosek, jak najbardziej zrozumia\u0142y, podobno jest na uko\u0144czeniu. Ledwo Grupi\u0144ski, b\u0105d\u017a co b\u0105d\u017a przewodnicz\u0105cy Klubu Parlamentarnego Platformy, zd\u0105\u017cy\u0142 wypowiedzie\u0107 te s\u0142owa, a ju\u017c minister Sprawiedliwo\u015bci (!) w rz\u0105dzie tej\u017ce P.O. powiedzia\u0142, \u017ce on za tym wnioskiem r\u0119ki nie podniesie. Wyra\u017anie zmieszany rozwojem wypadk\u00f3w, premier\/premier Tusk powiedzia\u0142 enigmatycznie,  \u017ce taki wniosek musi by\u0107 bardzo dobrze przygotowany (czytaj: od\u0142o\u017cony), co natychmiast podchwyci\u0142 Grupi\u0144ski, m\u00f3wi\u0105c, \u017ce teraz czas, \u017ceby wnioskowi przyjrzeli si\u0119 konstytucjonali\u015bci.<\/p>\n<p>Mo\u017ce kto\u015b z Pa\u0144stwa wie, czy cz\u0142onkowie kierownictwa P.O. \u2013 Tusk, Grupi\u0144ski, Gowin &#8211;  ze sob\u0105 rozmawiaj\u0105, zanim podadz\u0105 co\u015b do publicznej wiadomo\u015bci? Czy Donald Tusk kontroluje sytuacj\u0119 w swojej partii? Przecie\u017c taka wa\u017cna decyzja i \u201enews\u201d nie mo\u017ce zaskakiwa\u0107 przewodnicz\u0105cego partii. Czy jest tak, jak twierdz\u0105 politycy i publicy\u015bci PiS, \u017ce Platforma celowo sonduje opini\u0119, bada reakcj\u0119, a dopiero potem podejmuje decyzj\u0119? A mo\u017ce w tej partii nie wie lewica, co robi prawica? Nie jest to jasne.<\/p>\n<p>Fakt, \u017ce Platforma nie popar\u0142a wcze\u015bniej wniosku o Trybuna\u0142 Stanu dla PP. K. i Z. powoduje, \u017ce obecnie, kiedy ta partia do\u0142uje, chwyta si\u0119 Trybuna\u0142u jak ton\u0105cy brzytwy. Wygl\u0105da to na zemst\u0119 na obu politykach i mo\u017ce by\u0107 \u017ale odebrane przez opini\u0119 publiczn\u0105. Dzi\u015b ju\u017c ma\u0142o kto pami\u0119ta konferencje prasowe Ziobry, jego s\u0142owa o doktorze G., \u017ce \u201eju\u017c nikt nigdy przez tego pana \u017cycia pozbawiony nie b\u0119dzie\u201d, nie pami\u0119ta atmosfery wobec Barbary Blidy, kajdanek, kamer TV, sprawy z Januszem Kaczmarkiem \u2013 \u00f3wczesnym ministrem Spraw Wewn\u0119trznych i   Administracji.<\/p>\n<p>Je\u017celi Zbigniew Ziobro nie stanie przed Trybuna\u0142em Stanu, to z\u0142o, jakie reprezentowa\u0142, mo\u017ce powr\u00f3ci\u0107.  Na tym przyk\u0142adzie wida\u0107, jak lito\u015bciwa i opiesza\u0142a by\u0142a Platforma w rozliczaniu IV RP. O co Platformie chodzi \u2013 trudno zrozumie\u0107. Idea likwidacji Funduszu Ko\u015bcielnego i zast\u0105pienia go dobrowolnym odpisem z podatku jest s\u0142uszna, to krok we w\u0142a\u015bciw\u0105 stron\u0119. Niech wierni si\u0119 policz\u0105, niech finansuj\u0105 na swoje ko\u015bcio\u0142y, a Pa\u0144stwo niech wspiera to, co ma warto\u015b\u0107 powszechn\u0105, np. renowacj\u0119 zabytkowych \u015bwi\u0105ty\u0144, dzia\u0142alno\u015b\u0107 charytatywn\u0105 ko\u015bcio\u0142\u00f3w etc. Ale zn\u00f3w pojawia si\u0119 pytanie \u2013 czy minister Finans\u00f3w faktycznie nie zna\u0142 propozycji min. Boniewo, czy chodzi\u0142o o balon pr\u00f3bny, a dopiero z czasem ustali si\u0119, czy chodzi o 0,3 czy mo\u017ce 0,6 procenta? Czy zn\u00f3w trzeba czeka\u0107 a\u017c Donald Tusk postawi kropk\u0119 nad i, a mo\u017ce nie postawi, tylko powie, \u017ce to temat, lu\u017ana propozycja do rozm\u00f3w z Ko\u015bcio\u0142em? Mo\u017ce jeszcze si\u0119 cofnie w sprawie ograniczenia ordynariatu?  <\/p>\n<p>Czy wpadka z ACTA nie nauczy\u0142a Platformy, \u017ce najpierw trzeba si\u0119 sprawie przyjrze\u0107, a potem decydowa\u0107?  S\u0142abo\u015b\u0107, zamieszanie, brak komunikacji wewn\u0119trznej \u2013 czy o to chodzi Platformie?<\/p>\n<p>PS. MARIAN K. \u2013 Serdecznie dzi\u0119kuj\u0119 za s\u0142owa  pod adresem \u201ePassy\u201d na blogu.<\/p>\n","protected":false},"excerpt":{"rendered":"<p>Mo\u017ce kto\u015b z Pa\u0144stwa rozumie, o co chodzi Platformie? We\u017amy kwesti\u0119 Trybuna\u0142u Stanu dla Jaros\u0142awa Kaczy\u0144skiego i Zbigniewa Ziobry. Pi\u0119\u0107 lat po wniosku SLD, co najmniej rok \u2013 dwa po w\u0142asnych zapowiedziach, jaki\u015b czas po ustaleniach \u201ekomisji Kalisza\u201d, Platforma nie\u015bmia\u0142o, ustami Rafa\u0142a Grupi\u0144skiego, zapowiada wniosek o postawienie obu pan\u00f3w Kaczy\u0144skiego i Ziobry przed T.S. Wniosek, [&hellip;]<\/p>\n","protected":false},"author":4,"featured_media":0,"comment_status":"open","ping_status":"open","sticky":false,"template":"","format":"standard","meta":{"footnotes":""},"categories":[1],"tags":[],"_links":{"self":[{"href":"https:\/\/blog.polityka.pl\/passent\/wp-json\/wp\/v2\/posts\/1374"}],"collection":[{"href":"https:\/\/blog.polityka.pl\/passent\/wp-json\/wp\/v2\/posts"}],"about":[{"href":"https:\/\/blog.polityka.pl\/passent\/wp-json\/wp\/v2\/types\/post"}],"author":[{"embeddable":true,"href":"https:\/\/blog.polityka.pl\/passent\/wp-json\/wp\/v2\/users\/4"}],"replies":[{"embeddable":true,"href":"https:\/\/blog.polityka.pl\/passent\/wp-json\/wp\/v2\/comments?post=1374"}],"version-history":[{"count":2,"href":"https:\/\/blog.polityka.pl\/passent\/wp-json\/wp\/v2\/posts\/1374\/revisions"}],"predecessor-version":[{"id":1377,"href":"https:\/\/blog.polityka.pl\/passent\/wp-json\/wp\/v2\/posts\/1374\/revisions\/1377"}],"wp:attachment":[{"href":"https:\/\/blog.polityka.pl\/passent\/wp-json\/wp\/v2\/media?parent=1374"}],"wp:term":[{"taxonomy":"category","embeddable":true,"href":"https:\/\/blog.polityka.pl\/passent\/wp-json\/wp\/v2\/categories?post=1374"},{"taxonomy":"post_tag","embeddable":true,"href":"https:\/\/blog.polityka.pl\/passent\/wp-json\/wp\/v2\/tags?post=1374"}],"curies":[{"name":"wp","href":"https:\/\/api.w.org\/{rel}","templated":true}]}}