
{"id":1394,"date":"2012-04-15T22:04:35","date_gmt":"2012-04-15T21:04:35","guid":{"rendered":"http:\/\/passent.blog.polityka.pl\/?p=1394"},"modified":"2012-04-15T22:04:35","modified_gmt":"2012-04-15T21:04:35","slug":"topor-prezesa","status":"publish","type":"post","link":"https:\/\/blog.polityka.pl\/passent\/2012\/04\/15\/topor-prezesa\/","title":{"rendered":"Top\u00f3r prezesa"},"content":{"rendered":"<p>Prezes Kaczy\u0144ski ma dwie twarze \u2013 obie prawdziwe. Z jednej strony cz\u0142owiek okrutnie do\u015bwiadczony przez los, w pewnym  sensie biedny, budz\u0105cy wsp\u00f3\u0142czucie. Z drugiej strony brutalny, bezwzgl\u0119dny polityk, najwi\u0119kszy beneficjent 10 kwietnia 2010. Dzi\u0119ki katastrofie otrzyma\u0142 do r\u0119ki or\u0119\u017c niezwyk\u0142ej mocy, znalaz\u0142 temat, \u201eissue\u201d, przy pomocy kt\u00f3rego mo\u017ce bez przerwy atakowa\u0107, bezkarnie oskar\u017ca\u0107 premiera i prezydenta o zdrad\u0119 narodow\u0105,  o to, \u017ce premier zosta\u0142 by\u0107 mo\u017ce zwerbowany przez rosyjski wywiad. <\/p>\n<p>Jaros\u0142aw Kaczy\u0144ski, Antoni Macierewicz i S-ka  zr\u0119cznie i cynicznie  wykorzystuj\u0105 \u015bmier\u0107 prezydenta i 95 innych os\u00f3b do dyskredytacji rz\u0105du. Trudno dziwi\u0107 si\u0119 opozycji, \u017ce nie marnuje okazji.  Smole\u0144skie trumny s\u0105 dla prezesa  taranem, przy pomocy kt\u00f3rego bombarduje \u201eFestung Tusk\u201d.   Teorie, kt\u00f3re jeszcze niedawno wydawa\u0142y si\u0119 absurdalne, nie warte tego, \u017ceby si\u0119 nimi zajmowa\u0107, jak wybuchy w samolocie, sztuczna mg\u0142a, a ostatnio \u2013 zamach, trafiaj\u0105 do coraz wi\u0119kszej cz\u0119\u015bci spo\u0142ecze\u0144stwa. Brednia powtarzana milion razy staje si\u0119 powa\u017cn\u0105 hipotez\u0105. <\/p>\n<p>Prawda jest narz\u0119dziem, a  nie celem. Najwa\u017cniejszym celem PiS nie jest ustalenie prawdy o katastrofie, jest nim obalenie rz\u0105du przy pomocy smole\u0144skich trumien. Trumny s\u0142u\u017c\u0105 jako taran. Rozumowanie jest proste: Je\u017celi Tusk i Komorowski spaprali Smole\u0144sk, to znaczy, \u017ce mog\u0105 spapra\u0107 wszystko \u2013 gospodark\u0119, obronno\u015b\u0107, polityk\u0119 zagraniczn\u0105. Smole\u0144ska plama ma si\u0119 rozla\u0107 szeroko, daleko poza Smole\u0144sk. Wedle prezesa, trwa atak na prawd\u0119 smole\u0144sk\u0105, ale tak\u017ce na Ko\u015bci\u00f3\u0142, na wolno\u015b\u0107 s\u0142owa \u201eTrwam\u201d, na biednych, emeryt\u00f3w, nauk\u0119 historii, atak w\u0142adzy na Polsk\u0119.<\/p>\n<p>W obliczu zmasowanej ofensywy PiS, przy okazji rocznicy 10 kwietnia nawet media \u201emainstreamowe\u201d zacz\u0119\u0142y krytykowa\u0107 Tuska, prokuratur\u0119, prezydenta, polityk\u0119 informacyjn\u0105 rz\u0105du. Tusk i Komorowski nie powinni byli milcze\u0107, lepiej by by\u0142o gdyby 10 kwietnia przem\u00f3wili, prokurator generalny nie podj\u0105\u0142 polemiki z krytyk\u0105 \u015bledztwa czy dochodzenia, trzeba by\u0142o dopu\u015bci\u0107 zagranicznych specjalist\u00f3w do sekcji zw\u0142ok, a najlepiej doprowadzi\u0107 do mi\u0119dzynarodowej komisji &#8211; m\u00f3wi\u0105. Jest w tym troch\u0119 racji, milczenie premiera i prezydenta by\u0142o zbyt g\u0142o\u015bne, prokuratura niepotrzebnie milcza\u0142a.  Ba, nawet cz\u0142owiek tak powa\u017cny jak profesor Kleiber, prezes PAN, by\u0142y doradca prezydenta Kaczy\u0144skiego, uwa\u017ca, \u017ce bez zaanga\u017cowania zagranicznych specjalist\u00f3w kontrowersje nie ustan\u0105. Jest to wyra\u017anie po my\u015bli PiS, kt\u00f3ry pragnie umi\u0119dzynarodowienia Smole\u0144ska, bo b\u0119dzie to dow\u00f3d na nieudolno\u015b\u0107 Tuska i Putina. <\/p>\n<p>Bardzo szanuj\u0119 profesora Kleibera, ale jestem innego zdania. Nawet zagraniczni specjali\u015bci nie zako\u0144cz\u0105 wojny polsko-polskiej. Kaczy\u0144skiemu ta wojna jest potrzebna jak tlen. Zacznie kwestionowa\u0107 dob\u00f3r zagranicznych specjalist\u00f3w,  a je\u015bli nie potwierdz\u0105 oni hipotezy zamachu oraz innych fantazji, to zacznie podwa\u017ca\u0107 ich bezstronno\u015b\u0107. Jeden z bliskich wsp\u00f3\u0142pracownik\u00f3w prezesa, PP. Brudzi\u0144ski albo B\u0142aszczak (zapomnia\u0142em, kt\u00f3ry z nich, ale oni obaj powtarzaj\u0105 to samo), m\u00f3wi\u0142 niedawno o tym, jak \u017c\u0105dny w\u0142adzy Komorowski obj\u0105\u0142 stanowisko prezydenta nie czekaj\u0105c na odpowiedni dokument \u201eprawno-medyczny\u201d. Warto zapyta\u0107: A gdyby ze Smole\u0144ska nadesz\u0142o \u015bwiadectwo zgonu i \u201erecepta konstytucyjna\u201d \u2013 czy nie m\u00f3wiono by w\u00f3wczas, \u017ce Komorowski  zosta\u0142 samozwa\u0144czym prezydentem w oparciu o \u015bwistek podpisany przez rosyjskiego felczera? Nie ma takiego dowodu, takiej ekspertyzy, takich cudzoziemc\u00f3w, kt\u00f3rzy zaspokoj\u0105 stale rosn\u0105ce wymagania prezesa i \u017c\u0105dz\u0119 zemsty, zanim nast\u0105pi polityczna  egzekucja Tuska, Komorowskiego i Sikorskiego. S\u0105 przecie\u017c w Polsce zwolennicy kary \u015bmierci.  Potrzebny tylko top\u00f3r.<\/p>\n","protected":false},"excerpt":{"rendered":"<p>Prezes Kaczy\u0144ski ma dwie twarze \u2013 obie prawdziwe. Z jednej strony cz\u0142owiek okrutnie do\u015bwiadczony przez los, w pewnym sensie biedny, budz\u0105cy wsp\u00f3\u0142czucie. Z drugiej strony brutalny, bezwzgl\u0119dny polityk, najwi\u0119kszy beneficjent 10 kwietnia 2010. Dzi\u0119ki katastrofie otrzyma\u0142 do r\u0119ki or\u0119\u017c niezwyk\u0142ej mocy, znalaz\u0142 temat, \u201eissue\u201d, przy pomocy kt\u00f3rego mo\u017ce bez przerwy atakowa\u0107, bezkarnie oskar\u017ca\u0107 premiera i [&hellip;]<\/p>\n","protected":false},"author":4,"featured_media":0,"comment_status":"open","ping_status":"open","sticky":false,"template":"","format":"standard","meta":{"footnotes":""},"categories":[1],"tags":[],"_links":{"self":[{"href":"https:\/\/blog.polityka.pl\/passent\/wp-json\/wp\/v2\/posts\/1394"}],"collection":[{"href":"https:\/\/blog.polityka.pl\/passent\/wp-json\/wp\/v2\/posts"}],"about":[{"href":"https:\/\/blog.polityka.pl\/passent\/wp-json\/wp\/v2\/types\/post"}],"author":[{"embeddable":true,"href":"https:\/\/blog.polityka.pl\/passent\/wp-json\/wp\/v2\/users\/4"}],"replies":[{"embeddable":true,"href":"https:\/\/blog.polityka.pl\/passent\/wp-json\/wp\/v2\/comments?post=1394"}],"version-history":[{"count":2,"href":"https:\/\/blog.polityka.pl\/passent\/wp-json\/wp\/v2\/posts\/1394\/revisions"}],"predecessor-version":[{"id":1396,"href":"https:\/\/blog.polityka.pl\/passent\/wp-json\/wp\/v2\/posts\/1394\/revisions\/1396"}],"wp:attachment":[{"href":"https:\/\/blog.polityka.pl\/passent\/wp-json\/wp\/v2\/media?parent=1394"}],"wp:term":[{"taxonomy":"category","embeddable":true,"href":"https:\/\/blog.polityka.pl\/passent\/wp-json\/wp\/v2\/categories?post=1394"},{"taxonomy":"post_tag","embeddable":true,"href":"https:\/\/blog.polityka.pl\/passent\/wp-json\/wp\/v2\/tags?post=1394"}],"curies":[{"name":"wp","href":"https:\/\/api.w.org\/{rel}","templated":true}]}}