
{"id":1397,"date":"2012-04-18T22:40:46","date_gmt":"2012-04-18T21:40:46","guid":{"rendered":"http:\/\/passent.blog.polityka.pl\/?p=1397"},"modified":"2012-04-18T22:40:46","modified_gmt":"2012-04-18T21:40:46","slug":"wojna-domowa","status":"publish","type":"post","link":"https:\/\/blog.polityka.pl\/passent\/2012\/04\/18\/wojna-domowa\/","title":{"rendered":"Wojna domowa?"},"content":{"rendered":"<p>Z jednej strony Tadeusz Mazowiecki i wt\u00f3ruj\u0105cy mu Aleksander Smolar, z drugiej \u2013 Roman Giertych. M\u00f3wi\u0105 to samo: Pe\u0142zaj\u0105cy rokosz. Pe\u0142zaj\u0105cy pucz. Wojna domowa.<\/p>\n<p>Wol\u0119 Romana Giertycha jako komentatora w telewizji ni\u017c jako polityka. Kiedy sta\u0142 na czele LPR, by\u0142 koalicjantem PiS i ministrem edukacji, odgrywa\u0142 paskudn\u0105 rol\u0119. Chcia\u0142 nie tylko ubra\u0107 dzieci w mundurki (akurat w tej sprawie by\u0142em \u201eza\u201d), ale te\u017c wt\u0142acza\u0107 im do g\u0142owy tre\u015bci tak konserwatywne, \u017ce dzi\u0119ki opatrzno\u015bci upad\u0142 wraz ze swoim rz\u0105dem. Pewnego razu, kiedy na polskie wody terytorialne podp\u0142yn\u0105\u0142 statek aborcyjny z Holandii, minister Giertych zapowiada\u0142 wys\u0142anie do Holandii \u0142odzi z Polski. Projekt ten chyba nie zosta\u0142 zrealizowany, cho\u0107 ja ch\u0119tnie widzia\u0142bym ministra na \u0142\u00f3dce, jak dop\u0142ywa do Amsterdamu, gdzie dopiero ujrza\u0142by gorsz\u0105ce sceny.<\/p>\n<p>Po upadku rz\u0105du Kaczy\u0144skiego i swojej partii LPR, Roman Giertych rozwin\u0105\u0142 praktyk\u0119 adwokack\u0105 i wycofa\u0142 si\u0119 z dzia\u0142alno\u015bci politycznej. Ogl\u0105dam go i s\u0142ucham czasami  w roli go\u015bcia TVN, gdzie jest inteligentnym i pogodnym rozm\u00f3wc\u0105. Ostatnio jednak Giertych si\u0119 zafrasowa\u0142. Jego zdaniem, je\u017celi nienawi\u015b\u0107, agresja, oskar\u017cenia i z\u0142o\u015b\u0107 b\u0119d\u0105 w Polsce narasta\u0107 w dotychczasowym tempie, to mo\u017ce doj\u015b\u0107 do  wojny domowej.  My\u015bl ta wcale nie wydaje mi si\u0119 absurdalna, w ka\u017cdym razie godna jest rozwa\u017cenia. <\/p>\n<p>Starcie demonstrant\u00f3w z policj\u0105 jest ca\u0142kiem mo\u017cliwe. Mo\u017cliwe jest na przyk\u0142ad ustawienie przez uczestnik\u00f3w manifestacji gilotyny albo szubienicy przed Belwederem czy przed siedzib\u0105 premiera i krewka reakcja zwolennik\u00f3w rz\u0105du. Mo\u017cliwa jest nadgorliwo\u015b\u0107 policjanta, lub \u201ecelny\u201d rzut kamieniem. T\u0142um, na przyk\u0142ad po meczu w ramach Euro 2012, t\u0142um z udzia\u0142em kiboli i aktywu z transparentami politycznymi, kt\u00f3ry b\u0119dzie niezadowolony i wybije jedno czy drugie okno wystawowe, jest trudny do opanowania. W starciu z policj\u0105 mog\u0105 si\u0119 pojawi\u0107 ofiary po obu stronach. Kilka lat temu widzia\u0142em w Zakopanym okna wystawowe zas\u0142oni\u0119te dykt\u0105 w obawie przed rozbawionym chamstwem. A co dopiero przed t\u0142umem miotanym gniewem i z\u0142o\u015bci\u0105.<\/p>\n<p>Czy mo\u017cna wykluczy\u0107 r\u0119koczyny na tle politycznym, pomi\u0119dzy uczestnikami demonstracji z dw\u00f3ch stron? Warszawa by\u0142a tego bliska 11 listopada. A una-bomber, czy jest w Polsce nie do pomy\u015blenia? A Breivik? Zab\u00f3jstwo dzia\u0142acza PiS w \u0141odzi, oby by\u0142o ostatnim takim przypadkiem. Kaboty\u0144ski okrzyk \u201eNie zabijajcie nas!\u201d w ustach pos\u0142a Waszczykowskiego brzmia\u0142 fa\u0142szywie, ale obawy Romana Giertycha przed wojn\u0105 domow\u0105 \u015bmieszne nie s\u0105. Podobnie jak ostrze\u017cenia przed puczem i rokoszem. Nawet Ko\u015bci\u00f3\u0142 \u2013 tradycyjnie ostoja spokoju \u2013 nie trzyma si\u0119 z dala od konfliktu politycznego. Jest stron\u0105. Kto b\u0119dzie la\u0142 oliw\u0119 na wzburzone wody i czy mog\u0105 one wyst\u0105pi\u0107 z brzeg\u00f3w? Wojn\u0119 domow\u0105, tak\u0105 jak w Hiszpanii w latach 30., trudno sobie w Polsce wyobrazi\u0107. Ale to, co powiedzieli Mazowiecki, Giertych i Smolar, to nie jest dmuchanie na zimne.      <\/p>\n","protected":false},"excerpt":{"rendered":"<p>Z jednej strony Tadeusz Mazowiecki i wt\u00f3ruj\u0105cy mu Aleksander Smolar, z drugiej \u2013 Roman Giertych. M\u00f3wi\u0105 to samo: Pe\u0142zaj\u0105cy rokosz. Pe\u0142zaj\u0105cy pucz. Wojna domowa. Wol\u0119 Romana Giertycha jako komentatora w telewizji ni\u017c jako polityka. Kiedy sta\u0142 na czele LPR, by\u0142 koalicjantem PiS i ministrem edukacji, odgrywa\u0142 paskudn\u0105 rol\u0119. Chcia\u0142 nie tylko ubra\u0107 dzieci w mundurki [&hellip;]<\/p>\n","protected":false},"author":4,"featured_media":0,"comment_status":"open","ping_status":"open","sticky":false,"template":"","format":"standard","meta":{"footnotes":""},"categories":[1],"tags":[],"_links":{"self":[{"href":"https:\/\/blog.polityka.pl\/passent\/wp-json\/wp\/v2\/posts\/1397"}],"collection":[{"href":"https:\/\/blog.polityka.pl\/passent\/wp-json\/wp\/v2\/posts"}],"about":[{"href":"https:\/\/blog.polityka.pl\/passent\/wp-json\/wp\/v2\/types\/post"}],"author":[{"embeddable":true,"href":"https:\/\/blog.polityka.pl\/passent\/wp-json\/wp\/v2\/users\/4"}],"replies":[{"embeddable":true,"href":"https:\/\/blog.polityka.pl\/passent\/wp-json\/wp\/v2\/comments?post=1397"}],"version-history":[{"count":2,"href":"https:\/\/blog.polityka.pl\/passent\/wp-json\/wp\/v2\/posts\/1397\/revisions"}],"predecessor-version":[{"id":1399,"href":"https:\/\/blog.polityka.pl\/passent\/wp-json\/wp\/v2\/posts\/1397\/revisions\/1399"}],"wp:attachment":[{"href":"https:\/\/blog.polityka.pl\/passent\/wp-json\/wp\/v2\/media?parent=1397"}],"wp:term":[{"taxonomy":"category","embeddable":true,"href":"https:\/\/blog.polityka.pl\/passent\/wp-json\/wp\/v2\/categories?post=1397"},{"taxonomy":"post_tag","embeddable":true,"href":"https:\/\/blog.polityka.pl\/passent\/wp-json\/wp\/v2\/tags?post=1397"}],"curies":[{"name":"wp","href":"https:\/\/api.w.org\/{rel}","templated":true}]}}