
{"id":1404,"date":"2012-04-27T10:05:53","date_gmt":"2012-04-27T09:05:53","guid":{"rendered":"http:\/\/passent.blog.polityka.pl\/?p=1404"},"modified":"2012-04-27T10:05:53","modified_gmt":"2012-04-27T09:05:53","slug":"potkniecia-kwasniewskiego","status":"publish","type":"post","link":"https:\/\/blog.polityka.pl\/passent\/2012\/04\/27\/potkniecia-kwasniewskiego\/","title":{"rendered":"Potkni\u0119cia Kwa\u015bniewskiego"},"content":{"rendered":"<p>Aleksander Kwa\u015bniewski by\u0142 najlepszym prezydentem po 1989 roku i \u017cadne budowanie innej legendy tego nie zmieni. Nie znaczy to jednak, \u017ce by\u0142y prezydent nie mo\u017ce si\u0119 potkn\u0105\u0107, wszak ko\u0144 ma cztery nogi i te\u017c si\u0119 potknie.<\/p>\n<p>W programie Moniki Olejnik \u201eKropka nad i\u201d (TVN 24, 26 kwietnia) by\u0142y prezydent powiedzia\u0142 mniej wi\u0119cej co\u015b takiego: Lepiej przyzna\u0107 Telewizji Trwam miejsce na multipleksie, ni\u017c mie\u0107 co drugi dzie\u0144 do czynienia z takimi demonstracjami. Jan Dworak, przewodnicz\u0105cy KRRiTV powinien znale\u017a\u0107 rozwi\u0105zanie, tak jak robi\u0142 to Czarzasty, kiedy by\u0142 w Radzie.<\/p>\n<p>Wypowied\u017a ta wzbudzi\u0142a moje zdumienie. Jak to, by\u0142y prezydent jest za tym, \u017ceby dla \u015bwi\u0119tego spokoju omin\u0105\u0107 prawo i przyzna\u0107 miejsce telewizji, kt\u00f3ra nie spe\u0142nia warunk\u00f3w konkursu? Oznacza to,  \u017ce odmowna przy pierwszym podej\u015bciu decyzja Rady by\u0142a b\u0142\u0119dem, bo telewizja Ojca dyrektora Rydzyka jest telewizj\u0105 szczeg\u00f3lnej troski?  Bo  nie rada nie przewidzia\u0142a demonstracji? Bo dostarczy\u0142a paliwa prawicy?  Bo Rydzyk, Kaczy\u0144ski, Macierewicz ,  PiS, Gazeta Polska i sp\u00f3\u0142ka tak bardzo zak\u0142\u00f3c\u0105 spok\u00f3j publiczny, \u017ce rz\u0105dowi to si\u0119 nie op\u0142aci? <\/p>\n<p>Je\u015bli wszystko b\u0119dzie mo\u017cna wymusi\u0107 si\u0142\u0105, wychodz\u0105c na ulice, to po co wprowadza si\u0119 regulaminy, powo\u0142uje instytucje, kt\u00f3re maj\u0105 sta\u0107 na ich stra\u017cy? To jakie szanse ma reforma emerytur, przeciwko kt\u00f3rej szykuj\u0105 si\u0119 wielkie demonstracje i to akurat w dniu inauguracji Euro 2012? Je\u015bli zamiast prawa b\u0119dzie obowi\u0105zywa\u0142a zasada \u201ekup\u0105, mo\u015bci panowie!\u201d, to po co spraw\u0119 TV Trwam\/KRRiTV skierowano do s\u0105du? I po co ten s\u0105d ma rozstrzyga\u0107, skoro i tak zadecyduje kryterium uliczne? Jak to pogodzi\u0107 z m\u00f3wieniem o pa\u0144stwie prawa, o procedurach, instytucjach, je\u015bli faktycznie sprawy maj\u0105 by\u0107 za\u0142atwiane inaczej? Telewizja, kt\u00f3ra ma przeci\u0119tnie kilka tysi\u0119cy widz\u00f3w, musi mie\u0107 miejsce na multipleksie, bo jak nie, to lepiej  nie wychodzi\u0107 z domu. <\/p>\n<p>Nie s\u0105dzi\u0142em, \u017ce b. prezydent tak pr\u0119dko doradzi faktyczne ugi\u0119cie si\u0119 przed szanta\u017cem. Zgadzam si\u0119, \u017ce znalezienie dobrego wyj\u015bcia przez  KRRiTV i fundacj\u0119 Tadeusza  Rydzyka by\u0142oby po\u017c\u0105dane, ale nie kosztem prawa, procedur, regulamin\u00f3w obowi\u0105zuj\u0105cych wszystkie strony uczestnicz\u0105ce w konkursie,  oraz instytucji powo\u0142anych do ich przestrzegania.<\/p>\n<p>Aleksander Kwa\u015bniewski nie mia\u0142 chyba wczoraj dobrego dnia. W tej samej rozmowie skrytykowa\u0142 rz\u0105d za zbyt ma\u0142e starania o zwrot szcz\u0105tk\u00f3w samolotu z pod Smole\u0144ska przez stron\u0119 rosyjsk\u0105. Na pierwszy rzut oka prezydent ma racj\u0119 \u2013 polski rz\u0105d m\u00f3g\u0142by robi\u0107 wi\u0119cej i \u2013 przede wszystkim \u2013 g\u0142o\u015bniej.  Ale w tych nawo\u0142ywaniach \u201eWrak, skrzynki! Wrak, skrzynki!\u201d  Tusk i Seremet nie przekrzycz\u0105 Kaczy\u0144skiego z Macierewiczem. Je\u017celi w Rosji obowi\u0105zuje prawo, wedle kt\u00f3rego dowody w tocz\u0105cym si\u0119 dochodzeniu prokuratorskim musz\u0105 pozosta\u0107 na terenie kraju, to jedynym sposobem odzyskania wraku i skrzynek by\u0142oby \u201edogadanie si\u0119\u201d, podobne do tego jakie Kwa\u015bniewski proponuje Dworakowi i Rydzykowi.<br \/>\nWrak i skrzynki s\u0105 w\u0142asno\u015bci\u0105 polsk\u0105, ale katastrofa mia\u0142a miejsce na terenie Rosji, gdzie obowi\u0105zuje prawo rosyjskie, je\u017celi Tusk i Seremet widz\u0105 jakakolwiek szans\u0119 na dogadanie si\u0119 z Moskw\u0105, to nie osi\u0105gn\u0105 tego krzykiem, tylko stanowczymi, upartymi dzia\u0142aniami innej natury. Mam nadziej\u0119, \u017ce prezydent Kwa\u015bniewski jest podobnego zdania. <\/p>\n<p>Wszystkim blogowiczom \u017cycz\u0119 pi\u0119knego weekendu!<\/p>\n","protected":false},"excerpt":{"rendered":"<p>Aleksander Kwa\u015bniewski by\u0142 najlepszym prezydentem po 1989 roku i \u017cadne budowanie innej legendy tego nie zmieni. Nie znaczy to jednak, \u017ce by\u0142y prezydent nie mo\u017ce si\u0119 potkn\u0105\u0107, wszak ko\u0144 ma cztery nogi i te\u017c si\u0119 potknie. W programie Moniki Olejnik \u201eKropka nad i\u201d (TVN 24, 26 kwietnia) by\u0142y prezydent powiedzia\u0142 mniej wi\u0119cej co\u015b takiego: Lepiej [&hellip;]<\/p>\n","protected":false},"author":4,"featured_media":0,"comment_status":"open","ping_status":"open","sticky":false,"template":"","format":"standard","meta":{"footnotes":""},"categories":[1],"tags":[],"_links":{"self":[{"href":"https:\/\/blog.polityka.pl\/passent\/wp-json\/wp\/v2\/posts\/1404"}],"collection":[{"href":"https:\/\/blog.polityka.pl\/passent\/wp-json\/wp\/v2\/posts"}],"about":[{"href":"https:\/\/blog.polityka.pl\/passent\/wp-json\/wp\/v2\/types\/post"}],"author":[{"embeddable":true,"href":"https:\/\/blog.polityka.pl\/passent\/wp-json\/wp\/v2\/users\/4"}],"replies":[{"embeddable":true,"href":"https:\/\/blog.polityka.pl\/passent\/wp-json\/wp\/v2\/comments?post=1404"}],"version-history":[{"count":2,"href":"https:\/\/blog.polityka.pl\/passent\/wp-json\/wp\/v2\/posts\/1404\/revisions"}],"predecessor-version":[{"id":1406,"href":"https:\/\/blog.polityka.pl\/passent\/wp-json\/wp\/v2\/posts\/1404\/revisions\/1406"}],"wp:attachment":[{"href":"https:\/\/blog.polityka.pl\/passent\/wp-json\/wp\/v2\/media?parent=1404"}],"wp:term":[{"taxonomy":"category","embeddable":true,"href":"https:\/\/blog.polityka.pl\/passent\/wp-json\/wp\/v2\/categories?post=1404"},{"taxonomy":"post_tag","embeddable":true,"href":"https:\/\/blog.polityka.pl\/passent\/wp-json\/wp\/v2\/tags?post=1404"}],"curies":[{"name":"wp","href":"https:\/\/api.w.org\/{rel}","templated":true}]}}