
{"id":1416,"date":"2012-05-11T10:21:25","date_gmt":"2012-05-11T09:21:25","guid":{"rendered":"http:\/\/passent.blog.polityka.pl\/?p=1416"},"modified":"2012-05-11T10:21:25","modified_gmt":"2012-05-11T09:21:25","slug":"jak-zyc","status":"publish","type":"post","link":"https:\/\/blog.polityka.pl\/passent\/2012\/05\/11\/jak-zyc\/","title":{"rendered":"Jak \u017cy\u0107?"},"content":{"rendered":"<p>Wiosna pi\u0119kna, ale zewsz\u0105d atakuj\u0105 z\u0142e wiadomo\u015bci. W TVN 24 kr\u00f3luj\u0105 niedoko\u0144czone drogi i autostrady, prezes Kaczy\u0144ski na placu rozbabranej budowy, minister Nowak t\u0142umaczy si\u0119 jak umie, mo\u017ce zd\u0105\u017cymy, ale szykujemy si\u0119 na najgorsze, przewodnicz\u0105cy \u201eS\u201d, pan Duda m\u00f3wi, \u017ce \u201ejeste\u015bmy na wojnie\u201d z rz\u0105dem w sprawie reformy emerytur, Tymoszenko grozi nowy proces, Putin obejmuje urz\u0105d prezydenta w stylu carskim, Warszawa zerwa\u0142a wsp\u00f3\u0142prac\u0119 ze szwajcarskim architektem p. Kerezem i podaje go do s\u0105du, itd. itp.<\/p>\n<p>Dla uspokojenia bior\u0119 do r\u0119ki \u201eRzeczpospolit\u0105\u201d (8 maja). Co tytu\u0142 \u2013 to kl\u0119ska. Nad winiet\u0105 i or\u0142em \u201eRz\u201d wielki tytu\u0142 \u201eWidmo lewicy unosi si\u0119 nad Europ\u0105\u201d (to po wyborach we Francji). Czo\u0142\u00f3wka I. strony: \u201eEuro: a mia\u0142o by\u0107 pi\u0119knie. Szykuje si\u0119 komunikacyjny horror, pozamykane zostan\u0105 szko\u0142y, uczelnie, teatry, muzea\u201d. Obok ponura wiadomo\u015b\u0107 o nadchodz\u0105cej katastrofie energetycznej: \u201eBlack out ju\u017c za trzy lata\u201d. Poni\u017cej: \u201eLubimy aresztowa\u0107\u201d \u2013 Polska przoduje w ilo\u015bci wniosk\u00f3w o europejski nakaz aresztowania.<\/p>\n<p>Strach zajrze\u0107 na kolejne strony \u201eRz.\u201d, bo tam mo\u017cna oczekiwa\u0107 rozwini\u0119cia ponurych wiadomo\u015bci. \u2013 No, c\u00f3\u017c \u2013 my\u015bl\u0119 sobie, gazeta opozycyjna ma swoje prawa. Widzia\u0142em to w Chile. Najlepszy tamtejszy dziennik, \u201eEl Mercurio\u201d (najstarsza gazeta w Ameryce \u0141aci\u0144skiej), w czasie Pinocheta \u2013 jego gor\u0105cy zwolennik &#8211; by\u0142 za czas\u00f3w transformacji i mojego tam pobytu (5 lat) wiecznie niezadowolony. Na \u015bwiecie Chile uchodzi\u0142o za symbol sukcesu, za gwiazd\u0119 na firmamencie Ameryk (Clinton), a czytelnicy \u201eEl Mercurio\u201d mogli odnie\u015b\u0107 wra\u017cenie, \u017ce ich kraj chyli si\u0119 ku upadkowi. <\/p>\n<p>Dla poprawy nastroju (zaczyna si\u0119 majowy weekend) si\u0119gn\u0105\u0142em po bli\u017csz\u0105 rz\u0105dowi \u201eWyborcz\u0105\u201d (11 maja). Zamiast spodziewanych uk\u0142on\u00f3w pod adresem Tuska i jego rz\u0105du \u2013 na pierwszej stronie prawie same  Hiobowe wie\u015bci. Na czo\u0142\u00f3wce \u201ePolowanie na s\u0142upy\u201d, czyli jak przez Internet werbowano do mi\u0119dzynarodowej pralni pieni\u0119dzy. Obok, kolejny \u201ebad news\u201d: \u201eWi\u0119zienia CIA. \u015aci\u015ble tajne kwity na Millera i Kwa\u015bniewskiego\u201d, mo\u017cna ich postawi\u0107 przed Trybuna\u0142em Stanu. (Nie ma si\u0119 z czego cieszy\u0107, je\u015bli Konstytucja by\u0142a \u0142amana). Pozosta\u0142e tytu\u0142y: \u201eDuda: \u2018S\u2019 jest na wojnie\u201d (o emerytury), \u201eMatura przez telefon\u201d (za tysi\u0105c z\u0142otych\u2026), \u201eOskar\u017caj\u0105 Tymoszenko o zlecenia zab\u00f3jstwa\u201d, \u201eZamiast Muzeum (sztuki nowoczesnej) \u2013 wstyd\u201d, \u201eNieszczere \u0142zy na Ukrain\u0105\u201d i jedyny tytu\u0142 pogodny: \u201ePo o\u015bmiu latach Europa to nasz dom\u201d. <\/p>\n<p>Odk\u0142adam \u201eGazet\u0119\u201d pe\u0142en troski. Niekt\u00f3re wiadomo\u015bci s\u0105 naprawd\u0119 przygn\u0119biaj\u0105ce, zw\u0142aszcza ta o fiasku budowy muzeum i \u2013 co z tym zwi\u0105zane \u2013 pat w dziedzinie roszcze\u0144 w\u0142a\u015bcicieli dzia\u0142ek upa\u0144stwowionych tzw dekretem Bieruta. &#8211; Dekret by\u0142 konieczny dla odbudowy Warszawy, ale teraz trzeba p\u0142aci\u0107 odszkodowania \u2013 m\u00f3wi adwokat, kt\u00f3ry reprezentuje interesy by\u0142ych w\u0142a\u015bcicieli.<\/p>\n<p>Wiele jest powod\u00f3w, \u017ce media skupiaj\u0105 si\u0119 na trudno\u015bciach i pora\u017ckach. Jeden, to autentyczna troska o dobro naszego miasta, naszego kraju, szlachetne d\u0105\u017cenie medi\u00f3w do prawdy, do poprawy i naprawy, to kontrolna rola dziennikarzy. Druga, to walka polityczna, w kt\u00f3r\u0105 media s\u0105 zaanga\u017cowane. I wreszcie trzecia \u2013 z\u0142e wiadomo\u015bci to dobry interes. Z\u0142e wiadomo\u015bci sprzedaj\u0105 si\u0119 lepiej. <\/p>\n<p>Jak z tym wszystkim \u017cy\u0107? Co robi\u0107, \u017ceby nie strzeli\u0107 sobie w \u0142eb, bo wiosna jest taka pi\u0119kna? Moim zdaniem \u2013 nie da\u0107 si\u0119 zwariowa\u0107, w ocenie rzeczywisto\u015bci nie zdawa\u0107 si\u0119 wy\u0142\u0105cznie na media, ani na polityk\u00f3w, rozgl\u0105da\u0107 si\u0119 dooko\u0142a siebie, wybi\u0107 si\u0119 na niezale\u017cno\u015b\u0107 w ocenie rzeczywisto\u015bci, patrze\u0107 na \u015bwiat w\u0142asnymi oczami, spojrze\u0107 na paszport w szufladzie, przypomnie\u0107 sobie jak wygl\u0105da\u0142a Polska dwadzie\u015bcia \u2013 trzydzie\u015bci lat temu. To niema\u0142a  pociecha,  wystarczy, \u017ceby  \u017cy\u0107. <\/p>\n<p>PS. Zainteresowanych spotkaniem, zapraszam na Targi Ksi\u0105zki w PKiN, Sektor A, stoisko 124, FK Olesiejuk, sobota 12 maja, godz. 11.30 \u2013 12.45. Do zobaczenia! <\/p>\n","protected":false},"excerpt":{"rendered":"<p>Wiosna pi\u0119kna, ale zewsz\u0105d atakuj\u0105 z\u0142e wiadomo\u015bci. W TVN 24 kr\u00f3luj\u0105 niedoko\u0144czone drogi i autostrady, prezes Kaczy\u0144ski na placu rozbabranej budowy, minister Nowak t\u0142umaczy si\u0119 jak umie, mo\u017ce zd\u0105\u017cymy, ale szykujemy si\u0119 na najgorsze, przewodnicz\u0105cy \u201eS\u201d, pan Duda m\u00f3wi, \u017ce \u201ejeste\u015bmy na wojnie\u201d z rz\u0105dem w sprawie reformy emerytur, Tymoszenko grozi nowy proces, Putin obejmuje [&hellip;]<\/p>\n","protected":false},"author":4,"featured_media":0,"comment_status":"open","ping_status":"open","sticky":false,"template":"","format":"standard","meta":{"footnotes":""},"categories":[1],"tags":[],"_links":{"self":[{"href":"https:\/\/blog.polityka.pl\/passent\/wp-json\/wp\/v2\/posts\/1416"}],"collection":[{"href":"https:\/\/blog.polityka.pl\/passent\/wp-json\/wp\/v2\/posts"}],"about":[{"href":"https:\/\/blog.polityka.pl\/passent\/wp-json\/wp\/v2\/types\/post"}],"author":[{"embeddable":true,"href":"https:\/\/blog.polityka.pl\/passent\/wp-json\/wp\/v2\/users\/4"}],"replies":[{"embeddable":true,"href":"https:\/\/blog.polityka.pl\/passent\/wp-json\/wp\/v2\/comments?post=1416"}],"version-history":[{"count":3,"href":"https:\/\/blog.polityka.pl\/passent\/wp-json\/wp\/v2\/posts\/1416\/revisions"}],"predecessor-version":[{"id":1419,"href":"https:\/\/blog.polityka.pl\/passent\/wp-json\/wp\/v2\/posts\/1416\/revisions\/1419"}],"wp:attachment":[{"href":"https:\/\/blog.polityka.pl\/passent\/wp-json\/wp\/v2\/media?parent=1416"}],"wp:term":[{"taxonomy":"category","embeddable":true,"href":"https:\/\/blog.polityka.pl\/passent\/wp-json\/wp\/v2\/categories?post=1416"},{"taxonomy":"post_tag","embeddable":true,"href":"https:\/\/blog.polityka.pl\/passent\/wp-json\/wp\/v2\/tags?post=1416"}],"curies":[{"name":"wp","href":"https:\/\/api.w.org\/{rel}","templated":true}]}}