
{"id":1425,"date":"2012-05-16T09:28:37","date_gmt":"2012-05-16T08:28:37","guid":{"rendered":"http:\/\/passent.blog.polityka.pl\/?p=1425"},"modified":"2012-05-16T09:28:37","modified_gmt":"2012-05-16T08:28:37","slug":"stankiewicz-mowi-kaczynskim","status":"publish","type":"post","link":"https:\/\/blog.polityka.pl\/passent\/2012\/05\/16\/stankiewicz-mowi-kaczynskim\/","title":{"rendered":"Stankiewicz m\u00f3wi Kaczy\u0144skim"},"content":{"rendered":"<p>Nie wszystkim jest znany dorobek Ewy Stankiewicz, dziennikarki \u201eGazety Polskiej Codziennie\u201d, autorki film\u00f3w dokumentalnych, wsp\u00f3\u0142za\u0142o\u017cycielki \u201eSolidarnych 2010\u201d, kata i ofiary Stefana Niesio\u0142owskiego. Ewa Stankiewicz jest nie tylko dziennikark\u0105. Jest bojowniczk\u0105, aktywistk\u0105 polityczn\u0105, gor\u0105c\u0105 or\u0119downiczk\u0105 telewizji Trwam, uwa\u017ca ona Polsk\u0119 za kraj okupowany przez re\u017cim Tuska i z\u0142owrogi uk\u0142ad. Nie dziwi mnie, \u017ce zmierza\u0142a do zwarcia z pos\u0142em Niesio\u0142owskim, kt\u00f3ry z kolei niepotrzebnie da\u0142 si\u0119 sprowokowa\u0107. Oto fragmenty jej wypowiedzi w dyskusji na \u0142amach powa\u017cnego sk\u0105din\u0105d, konserwatywnego rocznika filozoficznego \u201eTeologia Polityczna\u201d (nr 6\/2012), kt\u00f3ry si\u0119 w\u0142a\u015bnie ukaza\u0142. <\/p>\n<p>\u201eJ\u0119zyk dzisiejszej polityki jest absolutnym j\u0119zykiem propagandy, i to bardzo  \u015bwiadomym. Katastrofa (smole\u0144ska) to bardzo dok\u0142adnie obna\u017cy\u0142a, natomiast to jest proces wieloletni, bardzo gro\u017any, bo to znacznie skuteczniejsza propaganda ni\u017c ta w stanie wojennym. Dlatego, \u017ce wtedy nie by\u0142o pozor\u00f3w dyskusji. Wtedy by\u0142o wiadomo, \u017ce telewizja k\u0142amie. Teraz s\u0105 pozory dyskusji. \u017be jest ile\u015b tam telewizji, \u017ce one s\u0105 niezale\u017cne, \u017ce s\u0105 prywatne itd. Ta choroba (\u2026) grozi re\u017cimem. Wydaje mi si\u0119, \u017ce w takim pa\u0144stwie w tej chwili \u017cyjemy. I  nie s\u0105 to s\u0142owa zbyt ostre. Ten j\u0119zyk propagandy nie ma nic wsp\u00f3lnego z rzeczywisto\u015bci\u0105. (\u2026) Na jednym z mur\u00f3w pod warszawsk\u0105 star\u00f3wk\u0105 jest napis: \u2018Michnik morduje powtarzaniem\u2019. Co\u015b w tym jest\u2026<\/p>\n<p>\u2026to jest tyrania mniejszo\u015bci. To tyrania manipulacji establishmentu, kt\u00f3ry ma w r\u0119kach media.<\/p>\n<p>\u2026Ta dyskusja jest ustawiona. Tak\u017ce je\u017celi chodzi o pochodzenie medi\u00f3w, kt\u00f3re reprezentuj\u0105 konkretne interesy. Wiadomo, \u017ce media to s\u0105 wielkie pieni\u0105dze, \u017ce powstawa\u0142y w 1989 roku, gdzie\u015b te kariery si\u0119 kszta\u0142towa\u0142y.<\/p>\n<p>\u2026To, co si\u0119 wydarzy\u0142o po katastrofie, spos\u00f3b post\u0119powania rz\u0105du polskiego po katastrofie, demonstracyjna nieudolno\u015b\u0107 czy wr\u0119cz niech\u0119\u0107 do wype\u0142nienia swoich podstawowych obowi\u0105zk\u00f3w, to by\u0142 bezkarny akt niszczenia pa\u0144stwa, niezwykle szkodliwy przekaz dla m\u0142odych pokole\u0144.<\/p>\n<p>\u2026Postawa rz\u0105du po katastrofie wpisa\u0142a si\u0119  w t\u0119 cywilizacj\u0119 wschodni\u0105, takiej dziczy, i wdrukowa\u0142a w kolejne pokolenia m\u0142odych Polak\u00f3w pewien z\u0142y standard post\u0119powania, pewn\u0105 norm\u0119 moraln\u0105  opart\u0105 na bardzo niezdrowych zasadach\u201d.<\/p>\n<p>Przytoczone fragmenty, np. ten o mediach, kt\u00f3re powsta\u0142y w 1989 roku (czyli wyros\u0142y z PRL), o pieni\u0105dzach, (- Je\u017celi kto\u015b ma pieni\u0105dze, to sk\u0105d\u015b je ma \u2013 jak m\u00f3wi\u0142 prezes PiS), o karierach, kt\u00f3re \u201egdzie\u015b si\u0119 kszta\u0142towa\u0142y\u201d, s\u0105 jak gdyby wyj\u0119te z ust Jaros\u0142awa Kaczy\u0144skiego. \u201eWschodnia dzicz\u201d to wk\u0142ad w\u0142asny autorki. Ca\u0142o\u015b\u0107 do przeczytania w \u201eTeologii Politycznej\u201d, str. 97-99. Przyjemnej  lektury!<br \/>\n.<br \/>\nPS. S-21 (15 V godz.3.17): Co\u015b si\u0119 Pani (-u) pomyli\u0142o. Wiktor Herer i Zdzis\u0142aw Sadowski NIE \u201eBYLI\u201d w latach 40 ub. wieku oficerami \u015bledczymi MBP, jak Pan (i) utrzymuje. Tylko Herer by\u0142 oficerem i przes\u0142uchiwa\u0142 aresztowanego studenta Sadowskiego. Potem obaj zostali profesorami ekonomii, ale to jedyne co ich \u0142\u0105czy. Pisanie o prof. Sadowskim, \u017ce by\u0142 oficerem \u015bledczym to b\u0142\u0105d i kalumnia. Proponuj\u0119, \u017ceby Pan(i) przeprosi\u0142 Profesora. <\/p>\n","protected":false},"excerpt":{"rendered":"<p>Nie wszystkim jest znany dorobek Ewy Stankiewicz, dziennikarki \u201eGazety Polskiej Codziennie\u201d, autorki film\u00f3w dokumentalnych, wsp\u00f3\u0142za\u0142o\u017cycielki \u201eSolidarnych 2010\u201d, kata i ofiary Stefana Niesio\u0142owskiego. Ewa Stankiewicz jest nie tylko dziennikark\u0105. Jest bojowniczk\u0105, aktywistk\u0105 polityczn\u0105, gor\u0105c\u0105 or\u0119downiczk\u0105 telewizji Trwam, uwa\u017ca ona Polsk\u0119 za kraj okupowany przez re\u017cim Tuska i z\u0142owrogi uk\u0142ad. Nie dziwi mnie, \u017ce zmierza\u0142a do zwarcia [&hellip;]<\/p>\n","protected":false},"author":4,"featured_media":0,"comment_status":"open","ping_status":"open","sticky":false,"template":"","format":"standard","meta":{"footnotes":""},"categories":[1],"tags":[],"_links":{"self":[{"href":"https:\/\/blog.polityka.pl\/passent\/wp-json\/wp\/v2\/posts\/1425"}],"collection":[{"href":"https:\/\/blog.polityka.pl\/passent\/wp-json\/wp\/v2\/posts"}],"about":[{"href":"https:\/\/blog.polityka.pl\/passent\/wp-json\/wp\/v2\/types\/post"}],"author":[{"embeddable":true,"href":"https:\/\/blog.polityka.pl\/passent\/wp-json\/wp\/v2\/users\/4"}],"replies":[{"embeddable":true,"href":"https:\/\/blog.polityka.pl\/passent\/wp-json\/wp\/v2\/comments?post=1425"}],"version-history":[{"count":2,"href":"https:\/\/blog.polityka.pl\/passent\/wp-json\/wp\/v2\/posts\/1425\/revisions"}],"predecessor-version":[{"id":1427,"href":"https:\/\/blog.polityka.pl\/passent\/wp-json\/wp\/v2\/posts\/1425\/revisions\/1427"}],"wp:attachment":[{"href":"https:\/\/blog.polityka.pl\/passent\/wp-json\/wp\/v2\/media?parent=1425"}],"wp:term":[{"taxonomy":"category","embeddable":true,"href":"https:\/\/blog.polityka.pl\/passent\/wp-json\/wp\/v2\/categories?post=1425"},{"taxonomy":"post_tag","embeddable":true,"href":"https:\/\/blog.polityka.pl\/passent\/wp-json\/wp\/v2\/tags?post=1425"}],"curies":[{"name":"wp","href":"https:\/\/api.w.org\/{rel}","templated":true}]}}