
{"id":143,"date":"2006-10-05T05:13:36","date_gmt":"2006-10-05T03:13:36","guid":{"rendered":"http:\/\/passent.blog.polityka.pl\/?p=143"},"modified":"2006-10-05T05:13:36","modified_gmt":"2006-10-05T03:13:36","slug":"kryterium-uliczne","status":"publish","type":"post","link":"https:\/\/blog.polityka.pl\/passent\/2006\/10\/05\/kryterium-uliczne\/","title":{"rendered":"Kryterium uliczne"},"content":{"rendered":"<p>Kryterium uliczne zosta\u0142o zainaugurowane przez wiec poparcia dla PiS przed Stoczni\u0105 Gda\u0144sk\u0105. My\u015bla\u0142em, \u017ce na tych gestach Kozakiewicza skierowanych do kamery TV, na okrzykach w rodzaju \u201e\u017cydowska telewizja\u201d oraz na j\u0105trz\u0105cym przem\u00f3wieniu premiera Kaczy\u0144skiego si\u0119 sko\u0144czy. Zastanawia\u0142em si\u0119, dlaczego Jaros\u0142aw Kaczy\u0144ski wybra\u0142 taktyk\u0119 konfrontacji, dlaczego wymy\u015bla od ZOMO, dlaczego panowie ur\u0105gaj\u0105 wykszta\u0142ciuchom, \u0142\u017ce-elitom, mediom, lekarzom, adwokatom, otumanionym demonstrantom, dlaczego zamiast szuka\u0107 sojusznik\u00f3w\u00a0\u00a0mno\u017c\u0105 sobie wrog\u00f3w? Sk\u0105d ten awanturniczy ton?<\/p>\n<p>Nie rozumiem, sk\u0105d ta taktyka, ale jest stosowana konsekwentnie. \u015awiadczy o tym zgoda wydana przez p.o. prezydenta Marcinkiewicza na kolejne demonstracje i wiece w Warszawie. Nie bardzo wiem, dlaczego Platforma zwo\u0142a\u0142a demonstracj\u0119, ale domy\u015blam si\u0119, \u017ce chodzi o to, \u017ceby wykaza\u0107 si\u0119 jak\u0105\u015b dzia\u0142alno\u015bci\u0105, gdy\u017c PO poza trzema tenorami (Rokita, Komorowski i Tusk, kt\u00f3ry chyba taktycznie ostatnio si\u0119 ulotni\u0142), raczej nie jest widoczna. Pochody uliczne nie s\u0105 moj\u0105 ulubion\u0105 form\u0105 dzia\u0142alno\u015bci, gdy\u017c obok ka\u017cdego pochodu pojawiaj\u0105 si\u0119 ogolone na pa\u0142\u0119 hieny pod has\u0142ami heteroseksualnymi i ultra-patriotycznymi, od kt\u00f3rych mo\u017cna oberwa\u0107, za czym nie ka\u017cdy przepada.<\/p>\n<p>Jednak\u017ce , skoro Platforma chce, a ma do tego prawo, demonstrowa\u0107, podobnie jak ka\u017cda inna grupa obywateli, to dlaczego\u00a0Prezydent Marcinkiewicz wyda\u0142 zgod\u0119 na inne demonstracje tego samego dnia? Dlaczego firmuje kryterium uliczne? Dlaczego nie mo\u017cna tych demonstracji roz\u0142o\u017cy\u0107 na raty?\u00a0 Dlaczego tego samego dnia manifestacja PO, poch\u00f3d LPR, wiec PiS i inne? Gdyby Platforma wyst\u0105pi\u0142a w Gda\u0144sku o prawo do demonstracji tego samego dnia i w tych samych godzinach, kiedy odbywa\u0142 si\u0119 wiec PiS przed stoczni\u0105, to prezydent Adamowicz\u00a0musia\u0142by chyba upa\u015b\u0107 na g\u0142ow\u0119, \u017ceby wyrazi\u0107 zgod\u0119 na takie kryterium uliczne. Przecie\u017c ka\u017cda demonstracja, a tym bardziej wi\u0119cej ni\u017c jedna, to do pewnego stopnia \u017cywio\u0142. Po co igra\u0107 z ogniem? Dlaczego politycy bawi\u0105 si\u0119 zapa\u0142kami i zwo\u0142uj\u0105 manifestacje na t\u0119 sam\u0105 por\u0119, a miasto na to zezwala?<\/p>\n<p>Tymczasem Kazimierz Marcinkiewicz nie odmawia, tylko wydaje zgody na lewo i na prawo, a potem przychodzi po rozum do g\u0142owy i wzywa przysz\u0142ych demonstrant\u00f3w, \u017ceby zrezygnowali z pochodu. Trudno o wi\u0119ksz\u0105 ob\u0142ud\u0119. Gdzie prezydent Marcinkiewicz mia\u0142 rozum, kiedy rozdawa\u0142 te zgody? Przecie\u017c rok ma 365 dni, pa\u017adziernik zapowiada si\u0119 pogodny (mam na my\u015bli komunikat meteo), po c\u00f3\u017c wi\u0119c pcha\u0107 wszystkie koty do jednego worka? \u017beby si\u0119 wydusi\u0142y? Po co puszcza\u0107 wszystkie poci\u0105gi o tej samej godzinie? \u017beby pokaza\u0107, jak w\u0142adza dba o bezpiecze\u0144stwo mieszka\u0144c\u00f3w? A mo\u017ce o to, \u017ceby pokaza\u0107, kto w stolicy stoi tam, gdzie sta\u0142, a kto tam gdzie sta\u0142o ZOMO? Mo\u017ce po prostu chodzi o to, \u017ceby pot\u0119gowa\u0107 klimat grozy i awantury, z Sejmu oraz z medi\u00f3w przenie\u015b\u0107 go na ulice, bo wtedy b\u0119dzie mo\u017cna wskaza\u0107, kto szerzy anarchi\u0119, a komu mieszka\u0144cy stolicy b\u0119d\u0105\u00a0 zawdzi\u0119cza\u0107 bezpiecze\u0144stwo \u2013 ministrowi Dornowi oraz prezydentowi Marcinkiewiczowi.<\/p>\n<p>Jedna demonstracja dziennie by\u0142aby chyba lepsza ni\u017c sze\u015b\u0107 demonstracji jednego dnia. Czy to takie trudne do zrozumienia?<\/p>\n","protected":false},"excerpt":{"rendered":"<p>Kryterium uliczne zosta\u0142o zainaugurowane przez wiec poparcia dla PiS przed Stoczni\u0105 Gda\u0144sk\u0105. My\u015bla\u0142em, \u017ce na tych gestach Kozakiewicza skierowanych do kamery TV, na okrzykach w rodzaju \u201e\u017cydowska telewizja\u201d oraz na j\u0105trz\u0105cym przem\u00f3wieniu premiera Kaczy\u0144skiego si\u0119 sko\u0144czy. Zastanawia\u0142em si\u0119, dlaczego Jaros\u0142aw Kaczy\u0144ski wybra\u0142 taktyk\u0119 konfrontacji, dlaczego wymy\u015bla od ZOMO, dlaczego panowie ur\u0105gaj\u0105 wykszta\u0142ciuchom, \u0142\u017ce-elitom, mediom, lekarzom, [&hellip;]<\/p>\n","protected":false},"author":4,"featured_media":0,"comment_status":"open","ping_status":"open","sticky":false,"template":"","format":"standard","meta":{"footnotes":""},"categories":[1],"tags":[],"_links":{"self":[{"href":"https:\/\/blog.polityka.pl\/passent\/wp-json\/wp\/v2\/posts\/143"}],"collection":[{"href":"https:\/\/blog.polityka.pl\/passent\/wp-json\/wp\/v2\/posts"}],"about":[{"href":"https:\/\/blog.polityka.pl\/passent\/wp-json\/wp\/v2\/types\/post"}],"author":[{"embeddable":true,"href":"https:\/\/blog.polityka.pl\/passent\/wp-json\/wp\/v2\/users\/4"}],"replies":[{"embeddable":true,"href":"https:\/\/blog.polityka.pl\/passent\/wp-json\/wp\/v2\/comments?post=143"}],"version-history":[{"count":0,"href":"https:\/\/blog.polityka.pl\/passent\/wp-json\/wp\/v2\/posts\/143\/revisions"}],"wp:attachment":[{"href":"https:\/\/blog.polityka.pl\/passent\/wp-json\/wp\/v2\/media?parent=143"}],"wp:term":[{"taxonomy":"category","embeddable":true,"href":"https:\/\/blog.polityka.pl\/passent\/wp-json\/wp\/v2\/categories?post=143"},{"taxonomy":"post_tag","embeddable":true,"href":"https:\/\/blog.polityka.pl\/passent\/wp-json\/wp\/v2\/tags?post=143"}],"curies":[{"name":"wp","href":"https:\/\/api.w.org\/{rel}","templated":true}]}}