
{"id":1454,"date":"2012-05-22T17:47:43","date_gmt":"2012-05-22T15:47:43","guid":{"rendered":"http:\/\/passent.blog.polityka.pl\/?p=1454"},"modified":"2012-05-22T17:47:43","modified_gmt":"2012-05-22T15:47:43","slug":"olimpijski-spokoj-watpie","status":"publish","type":"post","link":"https:\/\/blog.polityka.pl\/passent\/2012\/05\/22\/olimpijski-spokoj-watpie\/","title":{"rendered":"Olimpijski spok\u00f3j? W\u0105tpi\u0119!"},"content":{"rendered":"<p>Podobno prezes Kaczy\u0144ski ma og\u0142osi\u0107 olimpijski spok\u00f3j, czyli zawieszenie broni w wojnie polsko \u2013 polskiej. Oby jego s\u0142owa cia\u0142em si\u0119 sta\u0142y, chocia\u017c bardzo w\u0105tpi\u0119. Oto kilka powod\u00f3w:<\/p>\n<p>PRZYGOTOWANIA do EURO 2012 stanowi\u0105 bardzo smakowity k\u0105sek dla opozycji. Je\u017celi ostatni brakuj\u0105cy odcinek autostrady A2 nie zostanie oddany, to b\u0119dzie o czym m\u00f3wi\u0107: \u201efiasko i kompromitacja\u201d wobec tysi\u0119cy zagranicznych turyst\u00f3w i kibic\u00f3w. Je\u017celi zostanie oddany, to znaczy, \u017ce zosta\u0142 \u201ezrobiony na \u0142apu-capu, zwyk\u0142a pokaz\u00f3wa w stylu PRL\u201d,\u00a0 wkr\u00f3tce po EURO zaczn\u0105 si\u0119 naprawy, uzupe\u0142nienia, wy\u0142\u0105czenia z ruchu etc. Dla niepokornych dziennikarzy smakowity k\u0105sek, a media\u00a0 spokoju nie obiecuj\u0105, zreszt\u0105 ich misja jest kontrolna, uwielbiaj\u0105 patrze\u0107 na r\u0119ce i kompromitowa\u0107.<\/p>\n<p>ZWROT WRAKU TU 154, kt\u00f3ry ma nast\u0105pi\u0107 w ci\u0105gu kilku miesi\u0119cy, rozpali nami\u0119tno\u015bci, emocje takie, \u017ce EURO niech si\u0119 schowa! Dlaczego tak p\u00f3\u017ano? Dlaczego teraz? O co chodzi Rosjanom? Dlaczego odst\u0105pili od zasady, \u017ce wrak, jako dow\u00f3d w sprawie, pozostanie na terenie Rosji do ko\u0144ca rosyjskiego \u015bledztwa? Co Putin chce tym osi\u0105gn\u0105\u0107 (na pewno nic dobrego)? Co Tusk obieca\u0142 w zamian? To, \u017ce wrak jest w\u0142asno\u015bci\u0105 Polski,\u00a0 nie wyja\u015bnia czyjej Polski \u2013 smole\u0144skiej czy platformerskiej? Kto ma decydowa\u0107 gdzie wrak spocznie w Polsce? Kto b\u0119dzie dysponentem wraku?\u00a0 Muzeum Powstania Warszawskiego? Muzeum Wojska? Plac Defilad? Nowe mauzoleum? B\u0119dzie si\u0119 dzia\u0142o\u2026<\/p>\n<p>WYROK NA BEAT\u0118 SAWICK\u0104 stanowi niew\u0105tpliw\u0105 satysfakcj\u0119 dla PiS, Kaczy\u0144skiego, Ziobry, agenta Tomka et consortes. Nie ma co temu zaprzecza\u0107. To nie zmienia tego, \u017ce za rz\u0105du PiS d\u0105\u017cono do wymiany elit na wszelkie mo\u017cliwe sposoby,\u00a0 kompromitacji \u00f3wczesnej opozycji, \u201ewyj\u015bcia na lewic\u0119\u201d w aferze w\u0119glowej, aresztowa\u0144 transmitowanych i filmowanych, rzucania podejrze\u0144, dyskredytacji ca\u0142ych \u015brodowisk &#8211; medi\u00f3w, ludzi zamo\u017cnych, postkomunist\u00f3w, koalicjanta\u00a0 itd. itp. Troch\u0119 o tym m\u00f3wi Roman Giertych, b. wicepremier.<\/p>\n<p>LOT TUSKA nad niedoko\u0144czon\u0105 autostrad\u0105, jego gospodarska wizyta, wywo\u0142a\u0142y wiele kpin, za\u015b EURO stanowi doskona\u0142\u0105 okazj\u0119, \u017ceby krytykowa\u0107 prezydenta i premiera, \u017ce wykorzystuj\u0105 imprez\u0119 dla w\u0142asnego PR. Moim zdaniem, \u201emeldunki\u201d ministr\u00f3w by\u0142y \u2013 delikatnie pisz\u0105c \u2013 niezr\u0119czne, przypomina\u0142y meldunki na Kremlu czy w Mi\u0144sku. A co do wizyt Tuska, to zgadzam si\u0119 z Leszkiem Millerem: Tusk ma tak\u0105 prac\u0119, \u017ce je\u015bli nie pojedzie \u2013 to \u017ale, bo bagatelizuje i nie chce bra\u0107 odpowiedzialno\u015bci, je\u015bli natomiast pojedzie, to Gierek itp. Moim zdaniem, Tusk powinien robi\u0107 swoje, tylko zr\u0119cznie, bez \u201emeldunk\u00f3w\u201d jak na apelu szkolnym.<\/p>\n<p>APOSTAZJA PALIKOTA \u2013 gest teatralny i troch\u0119 kaboty\u0144ski, ale w sumie potrzebny, bo naruszaj\u0105cy nietykalno\u015b\u0107 Ko\u015bcio\u0142a instytucjonalnego. Nic to, oczywi\u015bcie, nie zmieni, ale kropla dr\u0105\u017cy ska\u0142\u0119. Laicyzacja post\u0119puje, dojdzie do tego, \u017ce kandydat na premiera nie b\u0119dzie w ostatniej chwili przed wyborami bra\u0142 \u015blubu ko\u015bcielnego ze swoj\u0105 \u017con\u0105 od lat. Mo\u017ce nawet kiedy\u015b w pa\u0142acu prezydenckim zamieszka para, kt\u00f3ra sobie \u017cyje na koci\u0105 \u0142ap\u0119. Wcale o tym nie marz\u0119, ale kijem Sekwany nie zawr\u00f3cisz!<\/p>\n","protected":false},"excerpt":{"rendered":"<p>Podobno prezes Kaczy\u0144ski ma og\u0142osi\u0107 olimpijski spok\u00f3j, czyli zawieszenie broni w wojnie polsko \u2013 polskiej. Oby jego s\u0142owa cia\u0142em si\u0119 sta\u0142y, chocia\u017c bardzo w\u0105tpi\u0119. Oto kilka powod\u00f3w: PRZYGOTOWANIA do EURO 2012 stanowi\u0105 bardzo smakowity k\u0105sek dla opozycji. Je\u017celi ostatni brakuj\u0105cy odcinek autostrady A2 nie zostanie oddany, to b\u0119dzie o czym m\u00f3wi\u0107: \u201efiasko i kompromitacja\u201d wobec [&hellip;]<\/p>\n","protected":false},"author":4,"featured_media":0,"comment_status":"open","ping_status":"open","sticky":false,"template":"","format":"standard","meta":{"footnotes":""},"categories":[1],"tags":[],"_links":{"self":[{"href":"https:\/\/blog.polityka.pl\/passent\/wp-json\/wp\/v2\/posts\/1454"}],"collection":[{"href":"https:\/\/blog.polityka.pl\/passent\/wp-json\/wp\/v2\/posts"}],"about":[{"href":"https:\/\/blog.polityka.pl\/passent\/wp-json\/wp\/v2\/types\/post"}],"author":[{"embeddable":true,"href":"https:\/\/blog.polityka.pl\/passent\/wp-json\/wp\/v2\/users\/4"}],"replies":[{"embeddable":true,"href":"https:\/\/blog.polityka.pl\/passent\/wp-json\/wp\/v2\/comments?post=1454"}],"version-history":[{"count":2,"href":"https:\/\/blog.polityka.pl\/passent\/wp-json\/wp\/v2\/posts\/1454\/revisions"}],"predecessor-version":[{"id":1456,"href":"https:\/\/blog.polityka.pl\/passent\/wp-json\/wp\/v2\/posts\/1454\/revisions\/1456"}],"wp:attachment":[{"href":"https:\/\/blog.polityka.pl\/passent\/wp-json\/wp\/v2\/media?parent=1454"}],"wp:term":[{"taxonomy":"category","embeddable":true,"href":"https:\/\/blog.polityka.pl\/passent\/wp-json\/wp\/v2\/categories?post=1454"},{"taxonomy":"post_tag","embeddable":true,"href":"https:\/\/blog.polityka.pl\/passent\/wp-json\/wp\/v2\/tags?post=1454"}],"curies":[{"name":"wp","href":"https:\/\/api.w.org\/{rel}","templated":true}]}}