
{"id":146,"date":"2006-10-10T10:06:44","date_gmt":"2006-10-10T08:06:44","guid":{"rendered":"http:\/\/passent.blog.polityka.pl\/?p=146"},"modified":"2006-10-10T10:06:44","modified_gmt":"2006-10-10T08:06:44","slug":"sprawy-prywatne-i-publiczne","status":"publish","type":"post","link":"https:\/\/blog.polityka.pl\/passent\/2006\/10\/10\/sprawy-prywatne-i-publiczne\/","title":{"rendered":"Sprawy prywatne i publiczne"},"content":{"rendered":"<p>Wczoraj by\u0142a 70-ta rocznica urodzin Agnieszki Osieckiej i umar\u0142 Marek Grechuta \u2013 troch\u0119 du\u017co, \u017ceby to wszystko prze\u017cy\u0107, zw\u0142aszcza \u017ce jestem z ich pokolenia. Dzie\u0144 by\u0142 smutny i nie bardzo mam ochot\u0119 pisa\u0107 o takich brudach, jakimi cz\u0119sto si\u0119 w tym blogu zajmujemy. Wieczorem spotka\u0142em si\u0119 z przyjaci\u00f3\u0142mi, z kt\u00f3rymi znamy si\u0119 kilkadziesi\u0105t lat \u2013 jedna osoba po zawale, opowiada\u0142a, jak cudem usz\u0142a z \u017cyciem, druga z cukrzyc\u0105, zrobi\u0142a sobie zastrzyk przed jedzeniem, trzecia jest wychudzona\u00a0po ci\u0119\u017ckiej walce z nowotworem, czwarty walczy z rakiem, ale trzyma si\u0119 dzielnie, pi\u0105ta zdrowa, ale przedwcze\u015bnie owdowia\u0142a,\u00a0sz\u00f3sta i si\u00f3dma &#8211; zdrowe, ale samotne, m\u0119\u017cowie\u00a0porzucili je dla m\u0142odszych, \u00f3smy si\u0119 sp\u00f3\u017ani\u0142, bo\u00a0przyszed\u0142 prosto od ortopedy,\u00a0kr\u0119gos\u0142up odm\u00f3wi\u0142 mu pos\u0142usze\u0144stwa,\u00a0dziewi\u0105ta, dziesi\u0105ty i ja jedenasty \u2013 jeszcze cali i zdrowi, ale jak d\u0142ugo, skoro bior\u0105 ju\u017c z naszej p\u00f3\u0142ki?<\/p>\n<p>Podczas kolacji nie rozmawiali\u015bmy wcale o sprawach smutnych. Moja przyjaci\u00f3\u0142ka, kt\u00f3ra mieszka od lat w USA, opowiada\u0142a z rado\u015bci\u0105, \u017ce szanse Hilary Clinton na to, \u017ceby\u00a0zosta\u0107 prezydentem \u2013 rosn\u0105. Co prawda by\u0142by to ewenement, \u017ceby by\u0142a pierwsza dama zosta\u0142a prezydentem USA (Stany to jednak nie to samo, co Argentyna czy Filipiny), ale u nas ma miejsce jeszcze wi\u0119kszy ewenement \u2013 bli\u017aniacy jednojajowi stoj\u0105 na czele pa\u0144stwa, partii i rz\u0105du. I jeszcze nie wypada o tym pisa\u0107. Co prawda przed wyborami jeden m\u00f3wi\u0142, \u017ce nie zostanie premierem, bo Polacy nie znios\u0105 dw\u00f3ch braci na najwa\u017cniejszych stanowiskach, ale zmieni\u0142 zdanie i \u015bwiat si\u0119 nie zawali\u0142 (aczkolwiek moim zdaniem\u00a0w Polsce si\u0119 wali), bo Polacy s\u0105 wielkoduszni, wyrozumiali i znios\u0105 bardzo du\u017co.<\/p>\n<p>Nasi przyjaciele ze Stan\u00f3w potwornie narzekali na Busha: \u017ce cynik, prostak, nawr\u00f3cony neofita, k\u0142amczuch, kt\u00f3ry wp\u0119dzi\u0142 ich w katastrof\u0119 w Iraku, kompromituje przed \u015bwiatem i tak dalej w tym duchu. A ja sobie my\u015bla\u0142em \u2013 macie racj\u0119, ja bym reagowa\u0142 podobnie na takiego prezydenta jak Bush (musze dobiera\u0107 s\u0142owa, \u017ceby\u00a0nie obrazi\u0107 g\u0142owy innego pa\u0144stwa i nie trafi\u0107 do s\u0105du, jak Urban), ALE jednego Amerykanom zazdroszcz\u0119: \u017ce chocia\u017c ich prezydent jest g\u0142ow\u0105 pa\u0144stwa i szefem rz\u0105du w jednej osobie (czyli jeszcze gorzej ni\u017c dwaj bracia, bo dwa w jednym ciele), i jest najpot\u0119\u017cniejszym cz\u0142owiekiem na kuli ziemskiej, to jednak nawet on nie mo\u017ce w USA zmieni\u0107 szefa Banku Rezerwy Federalnej,\u00a0 sze\u015bciu s\u0119dzi\u00f3w S\u0105du Najwy\u017cszego, publicznej telewizji (bo takiej nie ma), ani publicznego radia (bo jest niezale\u017cne od rz\u0105du), naczelnego p\u00f3\u0142pa\u0144stwowej gazety (nie ma takiej), gubernator\u00f3w, szeryf\u00f3w (bo s\u0105 wybieralni), kurator\u00f3w, historii Stan\u00f3w Zjednoczonych AP, lektur szkolnych, podr\u0119cznik\u00f3w, dawa\u0107 pieni\u0119dzy na ko\u015bcio\u0142y, poni\u017ca\u0107 lekarzy, adwokat\u00f3w i wykszta\u0142ciuch\u00f3w (cho\u0107 sam uko\u0144czy\u0142 prawo na uniwersytecie Yale), wyrzuca\u0107 z szafy akt CIA i FBI, d\u0105\u017cy\u0107 do dalszego wzmocnienia w\u0142adzy wykonawczej itd. itp. Po raz pierwszy od dawna zacz\u0105\u0142em im zazdro\u015bci\u0107, \u017ce s\u0105 Amerykanami, a\u00a0ich\u00a0prezydentem\u00a0jest George W. Bush. Teraz \u0142atwiej zrozumie\u0107, jak dalekowzroczni byli ojcowie\u2013za\u0142o\u017cyciele Stan\u00f3w Zjednoczonych. Warto wzi\u0105\u0107 udzia\u0142 w loterii wizowej.<\/p>\n<p><strong>PS<\/strong>.<br \/>\nZ wczorajszych komentarzy szczeg\u00f3lnie popieram \u2018Andrzeja\u2019, kt\u00f3ry apeluje, \u017ceby si\u0119 nie zniech\u0119ca\u0107, tylko dzia\u0142a\u0107 i koniecznie p\u00f3j\u015b\u0107 do wybor\u00f3w.<\/p>\n<p>Podzielam \u017cal \u2018Tadeusza\u2019, kiedy my\u015bli o Agnieszce Osieckiej i Marku Grechucie. \u201eDlaczego genialni tak spiesznie odchodz\u0105?&#8221; \u2013 pyta \u2018Tadeusz\u2019. Odpowiadam: Bo Pan B\u00f3g woli by\u0107 w dobrym towarzystwie i najlepszych zabiera do siebie w pierwszej kolejno\u015bci.<\/p>\n","protected":false},"excerpt":{"rendered":"<p>Wczoraj by\u0142a 70-ta rocznica urodzin Agnieszki Osieckiej i umar\u0142 Marek Grechuta \u2013 troch\u0119 du\u017co, \u017ceby to wszystko prze\u017cy\u0107, zw\u0142aszcza \u017ce jestem z ich pokolenia. Dzie\u0144 by\u0142 smutny i nie bardzo mam ochot\u0119 pisa\u0107 o takich brudach, jakimi cz\u0119sto si\u0119 w tym blogu zajmujemy. Wieczorem spotka\u0142em si\u0119 z przyjaci\u00f3\u0142mi, z kt\u00f3rymi znamy si\u0119 kilkadziesi\u0105t lat \u2013 [&hellip;]<\/p>\n","protected":false},"author":4,"featured_media":0,"comment_status":"open","ping_status":"open","sticky":false,"template":"","format":"standard","meta":{"footnotes":""},"categories":[1],"tags":[],"_links":{"self":[{"href":"https:\/\/blog.polityka.pl\/passent\/wp-json\/wp\/v2\/posts\/146"}],"collection":[{"href":"https:\/\/blog.polityka.pl\/passent\/wp-json\/wp\/v2\/posts"}],"about":[{"href":"https:\/\/blog.polityka.pl\/passent\/wp-json\/wp\/v2\/types\/post"}],"author":[{"embeddable":true,"href":"https:\/\/blog.polityka.pl\/passent\/wp-json\/wp\/v2\/users\/4"}],"replies":[{"embeddable":true,"href":"https:\/\/blog.polityka.pl\/passent\/wp-json\/wp\/v2\/comments?post=146"}],"version-history":[{"count":0,"href":"https:\/\/blog.polityka.pl\/passent\/wp-json\/wp\/v2\/posts\/146\/revisions"}],"wp:attachment":[{"href":"https:\/\/blog.polityka.pl\/passent\/wp-json\/wp\/v2\/media?parent=146"}],"wp:term":[{"taxonomy":"category","embeddable":true,"href":"https:\/\/blog.polityka.pl\/passent\/wp-json\/wp\/v2\/categories?post=146"},{"taxonomy":"post_tag","embeddable":true,"href":"https:\/\/blog.polityka.pl\/passent\/wp-json\/wp\/v2\/tags?post=146"}],"curies":[{"name":"wp","href":"https:\/\/api.w.org\/{rel}","templated":true}]}}