
{"id":1468,"date":"2012-05-31T23:21:51","date_gmt":"2012-05-31T21:21:51","guid":{"rendered":"http:\/\/passent.blog.polityka.pl\/?p=1468"},"modified":"2012-05-31T23:21:51","modified_gmt":"2012-05-31T21:21:51","slug":"bbc-do-kwadratu","status":"publish","type":"post","link":"https:\/\/blog.polityka.pl\/passent\/2012\/05\/31\/bbc-do-kwadratu\/","title":{"rendered":"BBC do kwadratu"},"content":{"rendered":"<p>W poprzednim wpisie napisa\u0142em \u201eWol\u0119 BBC ni\u017c kiboli\u201d. Wojciech Maziarski w dzisiejszej \u201eWyborczej\u201d poszed\u0142 dalej i napisa\u0142, \u201edlaczego jest wdzi\u0119czny kolegom z BBC\u201d, wyrazi\u0142 wdzi\u0119czno\u015b\u0107 i \u201eprosi o jeszcze\u201d: \u201eTak jest, my, polscy demokraci i libera\u0142owie, zwolennicy tolerancji i praw cz\u0142owieka, potrzebujemy i oczekujemy wsparcia w walce z mroczna plag\u0105 ksenofobii, antysemityzmu, nienawi\u015bci. Chyba nie ma lepszego sposobu udzielenia tego wsparcia ni\u017c brutalne m\u00f3wienie prawdy w oczy. Tak, by zabola\u0142o. By potrz\u0105sn\u0105\u0107 tymi, kt\u00f3rym si\u0119 wydaje, \u017ce ich to nie dotyczy, bo przecie\u017c nie maj\u0105 nic do \u017byd\u00f3w. I \u017ce w og\u00f3le problem jest wyolbrzymiony. To w\u0142a\u015bnie oni \u2013 ideolodzy, politycy i publicy\u015bci narodowej prawicy \u2013 s\u0105 dzi\u015b g\u0142\u00f3wnymi winowajcami. To oni ponosz\u0105 odpowiedzialno\u015b\u0107 za to, \u017ce nie uda\u0142o si\u0119 stworzy\u0107 wok\u00f3\u0142 \u015brodowisk antysemickich kordonu sanitarnego. O kogo chodzi? Prosz\u0119 bardzo, po nazwisku\u2026\u201d<\/p>\n<p>Nast\u0119pnie Maziarski wymienia znanych dziennikarzy prawicy, kt\u00f3rzy poparli Marsz Niepodleg\u0142o\u015bci, \u201emarsz faszyst\u00f3w, antysemit\u00f3w i kiboli\u201d, publikuj\u0105 materia\u0142y usypiaj\u0105ce polskie sumienia, wmawiaj\u0105 ludziom, \u017ce g\u0142\u00f3wnym problemem jest \u201eantypolonizm\u201d.<\/p>\n<p>Popieram uznanie Maziarskiego dla BBC, chocia\u017c nie popieram agitacji, \u017ceby nie przyje\u017cd\u017ca\u0107 do Polski na Euro. Uwa\u017cam, \u017ce my powinni\u015bmy Anglik\u00f3w do Polski zaprasza\u0107, a\u00a0 nie odstrasza\u0107, ale poza tym &#8211; szkoda, \u017ce takiego programu nie nada\u0142y telewizje polskie. \u017be program by\u0142 jednostronny, \u017ce przesadny, \u017ce nie wspomina\u0142 i\u017c na og\u00f3\u0142 na polskich stadionach nic strasznego si\u0119 nie dzieje? To prawda, ale od kiedy to dziennikarze musz\u0105 wszystko zaczyna\u0107 od pieca,\u00a0 kiedy chc\u0105 m\u00f3wi\u0107 o pedolifilii w Ko\u015bciele \u2013 musz\u0105 wyg\u0142osi\u0107 litani\u0119 o historycznych zas\u0142ugach Ko\u015bcio\u0142a, kiedy chc\u0105 m\u00f3wi\u0107 o karze \u015bmierci w Chinach \u2013 musz\u0105 najpierw opiewa\u0107 wzrost gospodarczy Chin, kiedy pisz\u0105 o plagiatach \u2013 musza najpierw pisa\u0107 o pracach oryginalnych,\u00a0 itd. itp. Co prawda mam i inne\u00a0 zastrze\u017cenia do artyku\u0142u Maziarskiego (ogranicza si\u0119 tylko do dziennikarzy, a winnych jest wi\u0119cej), ale i tak by\u0142o to potrzebne. Niech koledzy w BBC wiedz\u0105, \u017ce nie wszyscy w Polsce s\u0105 kibolami.<\/p>\n","protected":false},"excerpt":{"rendered":"<p>W poprzednim wpisie napisa\u0142em \u201eWol\u0119 BBC ni\u017c kiboli\u201d. Wojciech Maziarski w dzisiejszej \u201eWyborczej\u201d poszed\u0142 dalej i napisa\u0142, \u201edlaczego jest wdzi\u0119czny kolegom z BBC\u201d, wyrazi\u0142 wdzi\u0119czno\u015b\u0107 i \u201eprosi o jeszcze\u201d: \u201eTak jest, my, polscy demokraci i libera\u0142owie, zwolennicy tolerancji i praw cz\u0142owieka, potrzebujemy i oczekujemy wsparcia w walce z mroczna plag\u0105 ksenofobii, antysemityzmu, nienawi\u015bci. Chyba nie [&hellip;]<\/p>\n","protected":false},"author":4,"featured_media":0,"comment_status":"open","ping_status":"open","sticky":false,"template":"","format":"standard","meta":{"footnotes":""},"categories":[1],"tags":[],"_links":{"self":[{"href":"https:\/\/blog.polityka.pl\/passent\/wp-json\/wp\/v2\/posts\/1468"}],"collection":[{"href":"https:\/\/blog.polityka.pl\/passent\/wp-json\/wp\/v2\/posts"}],"about":[{"href":"https:\/\/blog.polityka.pl\/passent\/wp-json\/wp\/v2\/types\/post"}],"author":[{"embeddable":true,"href":"https:\/\/blog.polityka.pl\/passent\/wp-json\/wp\/v2\/users\/4"}],"replies":[{"embeddable":true,"href":"https:\/\/blog.polityka.pl\/passent\/wp-json\/wp\/v2\/comments?post=1468"}],"version-history":[{"count":2,"href":"https:\/\/blog.polityka.pl\/passent\/wp-json\/wp\/v2\/posts\/1468\/revisions"}],"predecessor-version":[{"id":1470,"href":"https:\/\/blog.polityka.pl\/passent\/wp-json\/wp\/v2\/posts\/1468\/revisions\/1470"}],"wp:attachment":[{"href":"https:\/\/blog.polityka.pl\/passent\/wp-json\/wp\/v2\/media?parent=1468"}],"wp:term":[{"taxonomy":"category","embeddable":true,"href":"https:\/\/blog.polityka.pl\/passent\/wp-json\/wp\/v2\/categories?post=1468"},{"taxonomy":"post_tag","embeddable":true,"href":"https:\/\/blog.polityka.pl\/passent\/wp-json\/wp\/v2\/tags?post=1468"}],"curies":[{"name":"wp","href":"https:\/\/api.w.org\/{rel}","templated":true}]}}