
{"id":147,"date":"2006-10-11T07:44:06","date_gmt":"2006-10-11T05:44:06","guid":{"rendered":"http:\/\/passent.blog.polityka.pl\/?p=147"},"modified":"2006-10-11T07:44:06","modified_gmt":"2006-10-11T05:44:06","slug":"gwalt-niech-sie-gwaltem-odciska","status":"publish","type":"post","link":"https:\/\/blog.polityka.pl\/passent\/2006\/10\/11\/gwalt-niech-sie-gwaltem-odciska\/","title":{"rendered":"Gwa\u0142t niech si\u0119 gwa\u0142tem odciska"},"content":{"rendered":"<p>Melancholia nie pasuje do Internetu. Nawet tak wyrafinowane grono, jak nasi Blogowicze, nie lubi wpis\u00f3w smutnych, przygn\u0119biaj\u0105cych, pe\u0142nych rezygnacji \u2013 domaga si\u0119 postawy aktywnej, woli walki i czynnego przeciwstawiania z\u0142u. Owszem, \u201ez\u0142o \u2013 dobrem zwalczaj\u201d, ale bez przesady, to dobro musi by\u0107 z biglem, a nie md\u0142e. No, i \u201educha nie ga\u015bcie\u201d. Chyba s\u0142usznie, bo zauwa\u017cy\u0142em, \u017ce nawet taki rycerz niez\u0142omny, jak Jaros\u0142aw Kaczy\u0144ski, kiedy napotyka\u00a0zbyt silny op\u00f3r \u2013 wtedy ulega. S\u0142usznie, bo jak m\u00f3wi wschodnie przys\u0142owie \u2013 &#8222;kiedy wieje wiatr, m\u0105dra trzcina si\u0119 ugina&#8221;. (Jaka trudna jest polska ortografia, przecie\u017c to samo mo\u017cna by\u00a0napisa\u0107: \u2018mondra cztrzcina si\u0119 \u00f3gina\u2026\u2019).<\/p>\n<p>Oto przyk\u0142ady. Kiedy Zyta Gilowska zapowiedzia\u0142a likwidacj\u0119 obowi\u0105zuj\u0105cych od czas\u00f3w II RP przywilej\u00f3w podatkowych dla artyst\u00f3w i tw\u00f3rc\u00f3w, w tym naukowc\u00f3w i dziennikarzy, zainteresowani, czyli \u2018my\u2019 (ja akurat milcza\u0142em), s\u0142usznie podnie\u015bli larum i rwetes. Rz\u0105d najpierw broni\u0142 swojej decyzji, a gdy op\u00f3r nie ustawa\u0142, sam Jaros\u0142aw Kaczy\u0144ski &#8211; jeszcze tylko jako prezes,\u00a0bo nie by\u0142 wtedy premierem &#8211; przyzna\u0142 wreszcie, \u017ce to nie by\u0142 dobry pomys\u0142. Mo\u017ce troch\u0119 wystawi\u0142 Gilowsk\u0105 do wiatru, ale to inna sprawa. Ja bym tylko zabroni\u0142 pewnemu znanemu felietoni\u015bcie je\u017cd\u017cenia kosztownym samochodem marki Lexus. Zar\u00f3wno z zazdro\u015bci, jak i dlatego, \u017ce to jest argument dla ustawodawcy\u2026<\/p>\n<p>Kiedy zbrodnicza TVN pokaza\u0142a ta\u015bmy pos\u0142anki Begerowej, premier Kaczy\u0144ski utrzymywa\u0142, \u017ce negocjacje, jakie prowadzi\u0142a z ministrem Lipi\u0144skim, toczy\u0142y si\u0119 \u201ew normalnym trybie\u201d. Aktyw partyjny i propagandowy PiS-u powtarza\u0142, \u017ce to by\u0142y zwykle negocjacje, \u017ce tak si\u0119 dzieje na ca\u0142ym \u015bwiecie, \u017ce spadkobiercy PRL nie rozumiej\u0105 mechanizm\u00f3w demokracji.\u00a0 I tak by chyba zosta\u0142o, gdyby nie \u201ehisteria\u201d\u00a0medi\u00f3w prywatnych i opozycji, kt\u00f3re nie mia\u0142y trudno\u015bci w przekonaniu wi\u0119kszo\u015bci, \u017ce ten tryb \u2018normalny\u2019 nie jest. I prosz\u0119:\u00a0po kilku dniach,\u00a0stanowczy sk\u0105din\u0105d, premier\u00a0przeprosi\u0142, i to nie raz, bo w przem\u00f3wieniu na wiecu w Warszawie wspomnia\u0142, \u017ce dosz\u0142o do ubolewania godnego faktu, czym wystawi\u0142 do wiatru wszystkich, kt\u00f3rzy za nim powtarzali, \u017ce nie ma za co przeprasza\u0107, faulu nie by\u0142o \u2013 gramy dalej.<\/p>\n<p>Od dw\u00f3ch dni s\u0142ysz\u0119, \u017ce je\u015bli przew\u00f3d s\u0105dowy wyka\u017ce, \u017ce nie by\u0142o przest\u0119pstwa, to Jacek Kurski przeprosi za afer\u0119 billboardow\u0105. Miejmy nadziej\u0119, \u017ce przest\u0119pstwa nie by\u0142o i pose\u0142 przeprosi, co by tylko potwierdza\u0142o, \u017ce insynuacji nie nale\u017cy puszcza\u0107 p\u0142azem i \u201es\u0105 jeszcze s\u0119dziowie w Warszawie\u201d (aczkolwiek nie wiem, jak d\u0142ugo b\u0119d\u0105).<\/p>\n<p>Wszystko to wskazuje, \u017ce \u201enec Hercules contra plures\u201d, warto broni\u0107 swojego zdania, nie opuszcza\u0107 r\u0105k ani nie chodzi\u0107 z nosem na kwint\u0119. Blogowicz\u00f3w, kt\u00f3rzy do tego wzywaj\u0105 \u2013 popieram.<\/p>\n","protected":false},"excerpt":{"rendered":"<p>Melancholia nie pasuje do Internetu. Nawet tak wyrafinowane grono, jak nasi Blogowicze, nie lubi wpis\u00f3w smutnych, przygn\u0119biaj\u0105cych, pe\u0142nych rezygnacji \u2013 domaga si\u0119 postawy aktywnej, woli walki i czynnego przeciwstawiania z\u0142u. Owszem, \u201ez\u0142o \u2013 dobrem zwalczaj\u201d, ale bez przesady, to dobro musi by\u0107 z biglem, a nie md\u0142e. No, i \u201educha nie ga\u015bcie\u201d. Chyba s\u0142usznie, bo [&hellip;]<\/p>\n","protected":false},"author":4,"featured_media":0,"comment_status":"open","ping_status":"open","sticky":false,"template":"","format":"standard","meta":{"footnotes":""},"categories":[1],"tags":[],"_links":{"self":[{"href":"https:\/\/blog.polityka.pl\/passent\/wp-json\/wp\/v2\/posts\/147"}],"collection":[{"href":"https:\/\/blog.polityka.pl\/passent\/wp-json\/wp\/v2\/posts"}],"about":[{"href":"https:\/\/blog.polityka.pl\/passent\/wp-json\/wp\/v2\/types\/post"}],"author":[{"embeddable":true,"href":"https:\/\/blog.polityka.pl\/passent\/wp-json\/wp\/v2\/users\/4"}],"replies":[{"embeddable":true,"href":"https:\/\/blog.polityka.pl\/passent\/wp-json\/wp\/v2\/comments?post=147"}],"version-history":[{"count":0,"href":"https:\/\/blog.polityka.pl\/passent\/wp-json\/wp\/v2\/posts\/147\/revisions"}],"wp:attachment":[{"href":"https:\/\/blog.polityka.pl\/passent\/wp-json\/wp\/v2\/media?parent=147"}],"wp:term":[{"taxonomy":"category","embeddable":true,"href":"https:\/\/blog.polityka.pl\/passent\/wp-json\/wp\/v2\/categories?post=147"},{"taxonomy":"post_tag","embeddable":true,"href":"https:\/\/blog.polityka.pl\/passent\/wp-json\/wp\/v2\/tags?post=147"}],"curies":[{"name":"wp","href":"https:\/\/api.w.org\/{rel}","templated":true}]}}