
{"id":1478,"date":"2012-06-08T14:34:20","date_gmt":"2012-06-08T12:34:20","guid":{"rendered":"http:\/\/passent.blog.polityka.pl\/?p=1478"},"modified":"2012-06-08T14:34:20","modified_gmt":"2012-06-08T12:34:20","slug":"pilka-w-plot","status":"publish","type":"post","link":"https:\/\/blog.polityka.pl\/passent\/2012\/06\/08\/pilka-w-plot\/","title":{"rendered":"Pi\u0142k\u0105 w p\u0142ot"},"content":{"rendered":"<p>Ju\u017c wiem dlaczego \u201eRzeczpospolita\u201d jest najcz\u0119\u015bciej cytowan\u0105 gazet\u0105: poniewa\u017c od czasu do czasu publikuje takie opinie, \u017ce trudno nie zareagowa\u0107. W dniu inauguracji Euro 2012 na czo\u0142\u00f3wce pierwszej strony pojawi\u0142 si\u0119 artyku\u0142 pt. \u201eCzas polskiej dumy\u201d i na stronie 6 \u201eDumni z Polski wbrew elitom\u201d.\u00a0 Wojciech Wybranowski twierdzi w nim, \u017ce \u201ewbrew elitom\u201d m\u0142odzi pragn\u0105 poczucia wsp\u00f3lnoty narodowej i wywieszaj\u0105c bia\u0142o-czerwona flag\u0119 z or\u0142em manifestuj\u0105 dum\u0119. \u201eTakie postawy stoj\u0105 w skrajnej opozycji do tego, co lansuj\u0105 lewicowe elity. Dla\u00a0 nich Polska to \u2018nienormalno\u015b\u0107\u2019, cywilizacyjny za\u015bcianek Europy\u2019, \u2018polsko\u015bci trzeba si\u0119 wyprze\u0107\u2019\u201d itd. itp.<\/p>\n<p>Mia\u0142em zamiar za\u0142o\u017cy\u0107 dzisiaj bia\u0142o-czerwon\u0105 koszulk\u0119 reprezentacji Polski, z moim nazwiskiem i nr 21 na plecach, kt\u00f3r\u0105 otrzyma\u0142em w upominku\u00a0 od naszych pi\u0142karzy, kiedy byli w Chile, a tak\u017ce wyj\u015b\u0107 z flag\u0105, kt\u00f3ra wywieszam przed domem, ale doszed\u0142em do wniosku, \u017ce nie mam do tego prawa, bo prawdziwi patrioci s\u0105 na prawicy. Ja, jako publicysta lewicuj\u0105cy, wstydz\u0119 si\u0119 Polski, wypieram si\u0119 polsko\u015bci,\u00a0 Polska kojarzy mi si\u0119 z przegran\u0105 itp. Opiewa\u0142em co prawda w \u201ePolityce\u201d sukcesy polskich sportowc\u00f3w w relacjach\u00a0 z Mundialu w Meksyku\u00a0 i w Niemczech, a tak\u017ce z igrzysk olimpijskich w Monachium,\u00a0 oraz w ksi\u0105\u017cce o tenisie i o Fibaku \u201e(Moja gra\u201d), ale czyni\u0142em to bezprawnie, by\u0142a to z mojej strony uzurpacja. Gdybym za\u0142o\u017cy\u0142 bia\u0142o-czerwon\u0105 koszulk\u0119, zapisa\u0142bym si\u0119 wedle dziennikarza \u201eRz\u201d do prawicy.<\/p>\n<p>Prawdziwa (czytaj: lewicowa) elita, do kt\u00f3rej ja si\u0119 na szcz\u0119\u015bcie nie zaliczam, pluje bowiem na Polsk\u0119. Udowadnia to red. Wybranowski, kt\u00f3ry pieczo\u0142owicie wygrzeba\u0142 cytaty z Tuska (z 1987 roku!), Sierakowskiego, Cezarego Michalskiego\u00a0 i \u2013 oczywi\u015bcie Seweryna Blumsztajna, kt\u00f3ry co prawda za Polsk\u0119 siedzia\u0142 w wi\u0119zieniu, ale dla redaktora W. to si\u0119 nie liczy, bo Blumsztajn jest z \u201eWyborczej\u201d.<\/p>\n<p>Publicysta \u201eRzeczpospolitej: dziwnie sobie dobra\u0142 anty-patriotyczn\u0105 elit\u0119. Co to za elita? Tusk \u2013 ch\u0142opiec wychowany na ulicy, kt\u00f3ry ma krew na rekach, zaprzaniec i wsp\u00f3lnik Putina? Michalski \u2013 prawicowy pampers i renegat, kt\u00f3ry schroni\u0142 si\u0119 u Sierakowskiego? Blumsztajn \u2013 co on mo\u017ce wiedzie\u0107 o polsko\u015bci, skoro pracuje w polako\u017cerczej \u201eGazecie\u201d?<\/p>\n<p>Panu Wybranowskiemu chyba si\u0119 pomyli\u0142o na kt\u00f3r\u0105 gra bramk\u0119. Czy to Tusk, Blumsztajn i Sp\u00f3\u0142ka od lat obrzydzaj\u0105 Polsk\u0119 jako niemiecko \u2013 rosyjskie kondominium? Czy to oni m\u00f3wi\u0105, \u017ce obecny prezydent Polsko zosta\u0142 wybrany przez przypadek? Czy to Wajda\u00a0 przez wszystkie przypadki odmienia s\u0142owa \u201eupadek, kl\u0119ska, zapa\u015b\u0107, kryzys, zdrada\u201d, czy mo\u017ce jednak Rymkiewicz? Czy to oni utrzymuj\u0105, \u017ce przyw\u00f3dca \u201eS\u201d i laureat Nobla\u00a0 szed\u0142 na pasku bezpieki?<\/p>\n<p>Czy to mo\u017ce jednak\u00a0 lewica twierdzi, \u017ce od 1989 roku Polska prze\u017cywa najlepszy od kilku stuleci okres w swoich dziejach? Czy to nie tusko-lewica (z Tuska taka lewica jak ze mnie baletmistrz, ale to inna sprawa) chwali si\u0119 \u201ezielon\u0105 wysp\u0105\u201d?\u00a0 Czy to nie \u201elewica\u201d by\u0142a dumna z wyboru prof. Buzka na przewodnicz\u0105cego Europarlamentu? Czy to mo\u017ce\u00a0 lewica kpi\u0142a z polskiej prezydencji w Unii Europejskiej? Czy to lewica poni\u017ca Polsk\u0119, m\u00f3wi\u0105c, \u017ce to jest kraj rz\u0105dzony przez agent\u00f3w, uk\u0142ad i mafi\u0119 oligarch\u00f3w, zaprza\u0144c\u00f3w oraz medi\u00f3w? Czy to lewica s\u0105czy, \u017ce polski premier do sp\u00f3\u0142ki z Rosjanami zamordowali prezydenta RP i 95 innych os\u00f3b?<\/p>\n<p>Pan redaktor Wybranowski nie tylko trafi\u0142 pi\u0142k\u0105 w p\u0142ot i stroi si\u0119 w patriotyczne szaty,\u00a0 ale w dodatku fauluje. I za to nale\u017cy mu pokaza\u0107 bia\u0142o \u2013 czerwon\u0105 kartk\u0119.<\/p>\n<p>Wszystkim blogowiczom \u017cycz\u0119 zwyci\u0119stwa bia\u0142o-czerwonych, a przede wszystkim\u00a0 du\u017co pi\u0119knej pi\u0142ki i sukcesu Polski jako wsp\u00f3\u0142organizatora Euro 2012. Has\u0142o \u201ePolityki\u201d to \u201ePolska \u2013 gola!\u201d.<\/p>\n","protected":false},"excerpt":{"rendered":"<p>Ju\u017c wiem dlaczego \u201eRzeczpospolita\u201d jest najcz\u0119\u015bciej cytowan\u0105 gazet\u0105: poniewa\u017c od czasu do czasu publikuje takie opinie, \u017ce trudno nie zareagowa\u0107. W dniu inauguracji Euro 2012 na czo\u0142\u00f3wce pierwszej strony pojawi\u0142 si\u0119 artyku\u0142 pt. \u201eCzas polskiej dumy\u201d i na stronie 6 \u201eDumni z Polski wbrew elitom\u201d.\u00a0 Wojciech Wybranowski twierdzi w nim, \u017ce \u201ewbrew elitom\u201d m\u0142odzi pragn\u0105 [&hellip;]<\/p>\n","protected":false},"author":4,"featured_media":0,"comment_status":"open","ping_status":"open","sticky":false,"template":"","format":"standard","meta":{"footnotes":""},"categories":[1],"tags":[],"_links":{"self":[{"href":"https:\/\/blog.polityka.pl\/passent\/wp-json\/wp\/v2\/posts\/1478"}],"collection":[{"href":"https:\/\/blog.polityka.pl\/passent\/wp-json\/wp\/v2\/posts"}],"about":[{"href":"https:\/\/blog.polityka.pl\/passent\/wp-json\/wp\/v2\/types\/post"}],"author":[{"embeddable":true,"href":"https:\/\/blog.polityka.pl\/passent\/wp-json\/wp\/v2\/users\/4"}],"replies":[{"embeddable":true,"href":"https:\/\/blog.polityka.pl\/passent\/wp-json\/wp\/v2\/comments?post=1478"}],"version-history":[{"count":2,"href":"https:\/\/blog.polityka.pl\/passent\/wp-json\/wp\/v2\/posts\/1478\/revisions"}],"predecessor-version":[{"id":1480,"href":"https:\/\/blog.polityka.pl\/passent\/wp-json\/wp\/v2\/posts\/1478\/revisions\/1480"}],"wp:attachment":[{"href":"https:\/\/blog.polityka.pl\/passent\/wp-json\/wp\/v2\/media?parent=1478"}],"wp:term":[{"taxonomy":"category","embeddable":true,"href":"https:\/\/blog.polityka.pl\/passent\/wp-json\/wp\/v2\/categories?post=1478"},{"taxonomy":"post_tag","embeddable":true,"href":"https:\/\/blog.polityka.pl\/passent\/wp-json\/wp\/v2\/tags?post=1478"}],"curies":[{"name":"wp","href":"https:\/\/api.w.org\/{rel}","templated":true}]}}