
{"id":148,"date":"2006-10-12T07:34:53","date_gmt":"2006-10-12T05:34:53","guid":{"rendered":"http:\/\/passent.blog.polityka.pl\/?p=148"},"modified":"2006-10-12T07:34:53","modified_gmt":"2006-10-12T05:34:53","slug":"miniatura-komendanta","status":"publish","type":"post","link":"https:\/\/blog.polityka.pl\/passent\/2006\/10\/12\/miniatura-komendanta\/","title":{"rendered":"Miniatura Komendanta"},"content":{"rendered":"<p>\u201eKiedy Komendant m\u00f3wi\u0142 o swojej walce z draniami w Polsce, wypowiedzia\u0142 gorzk\u0105 uwag\u0119, \u017ce wszyscy my jeste\u015bmy os\u0142ami, nie umiej\u0105cymi walczy\u0107, i rol\u0119 t\u0119 zawsze musi Komendant spe\u0142nia\u0107\u201d \u2013 zanotowa\u0142 w 1929 r. Kazimierz \u015awitalski, jeden z najbli\u017cszych Pi\u0142sudskiemu. Pod pewnymi wzgl\u0119dami Jaros\u0142aw Kaczy\u0144ski przypomina Komendanta, np. ma sk\u0142onno\u015b\u0107 do wzmocnienia w\u0142adzy wykonawczej kosztem dw\u00f3ch, a nawet trzech (licz\u0105c media) pozosta\u0142ych, brak skrupu\u0142\u00f3w w nominacjach personalnych i w obsadzaniu stanowisk swoimi \u2013 na czele z pp. Kruk (KRRiTV), Wildsteinem (TVP), Czaba\u0144skim (PR), Wolskim (PR I), Skwieci\u0144skim (PAP), nieufno\u015b\u0107 i pogarda dla inaczej my\u015bl\u0105cych, drastyczne s\u0142ownictwo (\u201e\u0142ajdactwo\u201d jako komplement dla niedawnego partnera\u00a0 Rokity).<\/p>\n<p>Nie podzielam opinii, \u017ce JK to posta\u0107\u00a0 wielkiego formatu \u2013 wr\u0119cz przeciwnie, wydaje\u00a0si\u0119, \u017ce to cz\u0142owiek zapalczywy, nieufny, podejrzliwy, k\u0142\u00f3tliwy, m\u015bciwy, szkodliwy awanturnik i podskakiewicz. Kiedy m\u00f3wi, \u017ce mo\u017ce Lepperowi i Giertychowi \u201ezafundowa\u0107\u201d wybory, to wida\u0107, \u017ce traktuje polityk\u0119 jako bijatyk\u0119. Jego alergiczna reakcja na niepos\u0142uszne media, trybuna\u0142y, polityk\u00f3w, wskazuje, \u017ce chce by\u0107 najwa\u017cniejszy na ca\u0142ym podw\u00f3rku.<\/p>\n<p>C\u00f3\u017c to za wybitny polityk, kt\u00f3ry przedwczoraj m\u00f3wi\u0142, \u017ce Lepper si\u0119 wyrobi\u0142 i do koalicji dojrza\u0142, wczoraj\u00a0go z koalicji wyrzuci\u0142, a dzi\u015b rozmawia o koalicji z tandemem chuligan\u00f3w i warcho\u0142\u00f3w, z kt\u00f3rych jeden szanta\u017cuje wekslami, a drugi &#8211;\u00a0mimo m\u0142odego wieku &#8211;\u00a0cierpi na pomroczno\u015b\u0107 i zapomnia\u0142, \u017ce na Jasnej G\u00f3rze spotka\u0142 si\u0119 z milionerem. Jaki to partner, kt\u00f3ry najpierw zapewnia\u0142, \u017ce skoro brat jest prezydentem, to on nie zostanie premierem i obsadzi\u0142 w tej roli Marcinkiewicza, a po kilku miesi\u0105cach rzuci\u0142 go na Warszaw\u0119 i sam zaj\u0105\u0142 jego miejsce?\u00a0 C\u00f3\u017c to za m\u0105\u017c stanu, kt\u00f3ry opowiada, \u017ce jego nadrz\u0119dnym celem jest oczyszczenie polityki, a zarazem miota oskar\u017cenia na lewo i na prawo, antagonizuje kogo tylko mo\u017ce, zatrzaskuje\u00a0drzwi do dialogu, wymachuje kwitami wyci\u0105ganymi z szafy, wymy\u015bla adwersarzom od ZOMO? C\u00f3\u017c to za du\u017cy format, kt\u00f3ry zapewnia, \u017ce jego celem jest wzmocnienie pa\u0144stwa, a skutki s\u0105 takie, \u017ce pa\u0144stwo staje si\u0119 po\u015bmiewiskiem Europy. C\u00f3\u017c to za antykomunista, kt\u00f3ry na stanowisku ministra czy szefa radia\u00a0toleruje by\u0142ych cz\u0142onk\u00f3w PZPR, a z\u0142orzeczy\u00a0weteranom antykomunistycznej opozycji \u2013 Tuska i Rokit\u0119?<\/p>\n<p>Premier Kaczy\u0144ski przypomina czasami Komendanta, ale nie pod tym wzgl\u0119dem, co\u00a0trzeba. JK potrafi na przyk\u0142ad, tak jak Marsza\u0142ek, zmienia\u0107 ton \u2013 na wiecu w Gda\u0144sku by\u0142 jastrz\u0119biem &#8211;\u00a0wojowniczy, bu\u0144czuczny, wymy\u015bla\u0142 od ZOMO, za\u015b na wiecu w Warszawie by\u0142 go\u0142\u0105bkiem pokoju &#8211; wyci\u0105ga\u0142\u00a0do zgody r\u0119k\u0119, kt\u00f3r\u0105 nazajutrz z kolei\u00a0zacisn\u0105\u0142 w pi\u0119\u015b\u0107 i wymierzy\u0142 kuksa\u0144ca Rokicie. Komendant robi\u0142 to samo: \u201eNie mog\u0119 odda\u0107 w\u0142adzy w tej chwili, kiedy banda g\u2026 zak\u0142\u00f3ca spok\u00f3j, zniewa\u017ca prezydenta\u2026\u201d \u2013 m\u00f3wi\u0142. Prezydenta \u2013 elekta Narutowicza potraktowa\u0142 Komendant\u00a0niegrzecznie, podczas \u015bniadania w Belwederze zacz\u0105\u0142 krzycze\u0107, ju\u017c nie pami\u0119tam do kogo: \u201eMy z I Brygady nie darowujemy, potrafimy w mord\u0119 bi\u0107\u2026\u201d, by zaraz potem wznie\u015b\u0107 toast na cze\u015b\u0107 Gabriela\u00a0Narutowicza: \u201e Panie Prezydencie, jako jedyny oficer polskiej s\u0142u\u017cby czynnej, kt\u00f3ry dot\u0105d nigdy przed nikim nie stawa\u0142 na baczno\u015b\u0107, staje oto na baczno\u015b\u0107 przed Polsk\u0105, kt\u00f3r\u0105 Ty reprezentujesz, wznosz\u0105c toast: Pierwszy Prezydent Rzeczypospolitej niech \u017cyje!\u201d<\/p>\n<p>Gdyby JK wzni\u00f3s\u0142 taki toast na cze\u015b\u0107 prezydenta, \u017cartom i \u015bmiechom nie by\u0142oby ko\u0144ca \u2013 sam sobie winien.<br \/>\n\u00a0<br \/>\n\u00a0<br \/>\n<strong>PS<\/strong>. \u2018Krystyna\u2019 zastanawia si\u0119, dlaczego prasa milczy o sprawie Milczanowskiego, kt\u00f3ry zniewa\u017cy\u0142 Oleksego. Mo\u017ce kto\u015b z Pa\u0144stwa wie? Chyba dlatego, \u017ce Oleksy stanowi dla medi\u00f3w niewygodny obiekt do obrony. SLD \u017ale si\u0119 zapisa\u0142a. Poza tym, kiedy tylko \u00f3wczesny minister Spraw Wewn\u0119trznych, A.M.,\u00a0wskaza\u0142 trop, media prawie jednomy\u015blnie pod\u0105\u017cy\u0142y jego \u015bladem. Teraz jest mediom nie do honoru wraca\u0107 do tej sprawy, bo ka\u017cdy m\u00f3g\u0142by im przypomnie\u0107, co twierdzi\u0142y w\u00f3wczas.<\/p>\n<p>\u2018Abisynia11\u2019 \u2013 witamy w naszym blogu moralnego niepokoju!<\/p>\n<p>\u201aWojtek z Przytoka\u2019 uwa\u017ca, \u017ce dyskusje z lud\u017ami PiS s\u0105 ja\u0142owe i bezcelowe. Zgoda, to dotyczy nie tylko ludzi PiS, ale wszystkich fanatyk\u00f3w. Z fanatykami (tak\u017ce w Internecie) nie warto wdawa\u0107 si\u0119 w polemik\u0119, to dla nich zbyt wielki zaszczyt, tylko na to czekaj\u0105. Bijatyka to ich \u017cywio\u0142.\u00a0 Moja rada: ignorowa\u0107 i robi\u0107 swoje.<\/p>\n","protected":false},"excerpt":{"rendered":"<p>\u201eKiedy Komendant m\u00f3wi\u0142 o swojej walce z draniami w Polsce, wypowiedzia\u0142 gorzk\u0105 uwag\u0119, \u017ce wszyscy my jeste\u015bmy os\u0142ami, nie umiej\u0105cymi walczy\u0107, i rol\u0119 t\u0119 zawsze musi Komendant spe\u0142nia\u0107\u201d \u2013 zanotowa\u0142 w 1929 r. Kazimierz \u015awitalski, jeden z najbli\u017cszych Pi\u0142sudskiemu. Pod pewnymi wzgl\u0119dami Jaros\u0142aw Kaczy\u0144ski przypomina Komendanta, np. ma sk\u0142onno\u015b\u0107 do wzmocnienia w\u0142adzy wykonawczej kosztem dw\u00f3ch, [&hellip;]<\/p>\n","protected":false},"author":4,"featured_media":0,"comment_status":"open","ping_status":"open","sticky":false,"template":"","format":"standard","meta":{"footnotes":""},"categories":[1],"tags":[],"_links":{"self":[{"href":"https:\/\/blog.polityka.pl\/passent\/wp-json\/wp\/v2\/posts\/148"}],"collection":[{"href":"https:\/\/blog.polityka.pl\/passent\/wp-json\/wp\/v2\/posts"}],"about":[{"href":"https:\/\/blog.polityka.pl\/passent\/wp-json\/wp\/v2\/types\/post"}],"author":[{"embeddable":true,"href":"https:\/\/blog.polityka.pl\/passent\/wp-json\/wp\/v2\/users\/4"}],"replies":[{"embeddable":true,"href":"https:\/\/blog.polityka.pl\/passent\/wp-json\/wp\/v2\/comments?post=148"}],"version-history":[{"count":0,"href":"https:\/\/blog.polityka.pl\/passent\/wp-json\/wp\/v2\/posts\/148\/revisions"}],"wp:attachment":[{"href":"https:\/\/blog.polityka.pl\/passent\/wp-json\/wp\/v2\/media?parent=148"}],"wp:term":[{"taxonomy":"category","embeddable":true,"href":"https:\/\/blog.polityka.pl\/passent\/wp-json\/wp\/v2\/categories?post=148"},{"taxonomy":"post_tag","embeddable":true,"href":"https:\/\/blog.polityka.pl\/passent\/wp-json\/wp\/v2\/tags?post=148"}],"curies":[{"name":"wp","href":"https:\/\/api.w.org\/{rel}","templated":true}]}}