
{"id":1481,"date":"2012-06-11T13:41:54","date_gmt":"2012-06-11T11:41:54","guid":{"rendered":"http:\/\/passent.blog.polityka.pl\/?p=1481"},"modified":"2012-06-11T13:42:45","modified_gmt":"2012-06-11T11:42:45","slug":"1481","status":"publish","type":"post","link":"https:\/\/blog.polityka.pl\/passent\/2012\/06\/11\/1481\/","title":{"rendered":"OPIUM DLA MAS"},"content":{"rendered":"<p>Euro 2012? \u2013 Jestem za! Pierwszym zwyci\u0119zc\u0105 Euro jest Tomasz Wo\u0142ek, kt\u00f3rego ksi\u0105\u017cka \u201eFUTBOL \u2013 HISTORIE PRAWDZIWE\u201d, ukaza\u0142a si\u0119 w sam\u0105 por\u0119 i warta jest przeczytania. To istna kopalnia wiedzy i anegdot o pi\u0142ce no\u017cnej. Wo\u0142ek doczeka\u0142 si\u0119 nie lada zaszczyt\u00f3w. Na promocji jego ksi\u0105\u017cki widziano (prywatnie) Donalda Tuska, ponadto autor dal wywiad dla \u201eGazety Wybiorczej\u201d i TVN 24 \u2013 g\u0142\u00f3wnych organ\u00f3w przebrzyd\u0142ego \u201esalonu\u201d. Tomasza Wo\u0142ka znam od Mundialu w Meksyku, wtedy grali\u015bmy w r\u00f3\u017cnych dru\u017cynach \u2013 on w prasie katolickiej i niezale\u017cnej, a ja w \u201ePolityce\u201d. Po 1989 roku Wo\u0142ek najpierw by\u0142 bardzo radykalny, jako redaktor tzw. Wo\u0142kowego \u201e\u017bycia\u201d rozrabia\u0142 z powodu rzekomych wakacji prezydenta Kwa\u015bniewskiego z agentem, a mnie lekko faulowa\u0142 przed wyjazdem do Chile, ale z czasem sta\u0142 si\u0119 bardziej umiarkowany i dzisiaj \u2013 pochlebiam sobie \u2013 gramy w jednej dru\u017cynie. W czasie Euro red. Wo\u0142ek prze\u017cywa swoje wielkie dni, ca\u0142kiem zas\u0142u\u017cone. Ksi\u0105\u017cka jest \u015bwietna. Ku mojemu zdumieniu \u2013 jest dost\u0119pna tylko w sieci Biedronka. Jako klient \u017babki wyra\u017cam zdziwienie, ale rozumiem, \u017ce kiedy nie wiadomo o co chodzi, to na og\u00f3\u0142 chodzi o \u2026\u00a0\u00a0\u00a0\u00a0<\/p>\n<p>Kiedy czytam lub s\u0142ysz\u0119 krytyk\u0119 pi\u0142ki no\u017cnej, jako rozrywki podpitych m\u0119\u017cczyzn i mato\u0142\u00f3w, mog\u0119 jeszcze doda\u0107, \u017ce jest to tak\u017ce szko\u0142a hipokryzji i szowinizmu. Hipokryzji, gdy\u017c po ka\u017cdym zagraniu faul pi\u0142karze s\u0105 bardzo zdziwieni gwizdkiem s\u0119dziego i bezradnie rozk\u0142adaj\u0105 r\u0119ce, zaskoczeni i skrzywdzeni jak niewini\u0105tka. Szowinizmu, poniewa\u017c publika jest bardzo stronnicza i gwi\u017cd\u017ce, kiedy tylko przeciwnik ma pi\u0142k\u0119. A mimo wszystko pi\u0142ka to opium dla mas i trudno nie ulec pokusie. Dla kibic\u00f3w tenisa (w\u0142a\u015bnie ko\u0144czy si\u0119 turniej na Roland Garros, brawo Szarapowa!), to tak\u017ce wejrzenie w inny \u015bwiat, kontakt z innymi lud\u017ami.<\/p>\n<p>Wi\u0119c za\u017cywam to opium dla mas, obejrza\u0142em wszystkie dotychczasowe mecze, ale w telewizji. Na kolacj\u0119 po meczu z Grecj\u0105 mieli\u015bmy nawet ryb\u0119 po grecku, ale Grecy nie dali si\u0119 zje\u015b\u0107. Pocz\u0105tkowo Polacy grali znakomicie, niestety potem opadli z si\u0142. Faul, moment usuni\u0119cia\u00a0Wojciecha Szcz\u0119snego i obrona karnego przez Tytonia, przejd\u0105 do historii polskiego futbolu.\u00a0 Du\u017ce wra\u017cenie zrobi\u0142o na mnie g\u0142adkie zwyci\u0119stwo Rosjan nad Czechami. Rosjanie grali szybko, ofensywnie i skutecznie \u2013 mo\u017cna im tylko pozazdro\u015bci\u0107 tego meczu.<\/p>\n<p>Ciesz\u0119 si\u0119, \u017ce Polska zdaje egzamin z organizacji Euro. By\u0142em zwiedzi\u0107 poblisk\u0105 stref\u0119 kibica, (na \u017boliborzu, ko\u0142o Centrum Olimpijskiego), wst\u0119p co prawda wolny, ale za okazaniem wa\u017cnego dokumentu ze zdj\u0119ciem, wi\u0119c widzia\u0142em tyle, ile przez p\u0142ot. Ze zdumieniem przeczyta\u0142em, \u017ce po meczu z Grecj\u0105, w g\u0142\u00f3wnej\u00a0 strefie kibica zabrak\u0142o picia i nie by\u0142o \u017cadnych napoj\u00f3w. To, rzeczywi\u015bcie, wstyd, obrazek jak z przed \u201989, kiedy po d\u0142ugim weekendzie brakowa\u0142o chleba, bo weekend zaskoczy\u0142 piekarzy, a zima zaskakiwa\u0142a drogowc\u00f3w.<\/p>\n<p>Je\u015bli chodzi o dyplomacj\u0119 futbolow\u0105, to na uznanie zas\u0142uguj\u0105 ekipy, kt\u00f3rych przedstawiciele udali si\u0119 do obozu Auschwitz ( w tym Niemcy), a tak\u017ce z\u0142o\u017cyli kwiaty przed tablic\u0105 upami\u0119tniaj\u0105c\u0105 \u017ca\u0142ob\u0119 smole\u0144sk\u0105 (Rosjanie). Wbrew pos\u0142om Hofmanowi i\u00a0 Cyma\u0144skiemu uwa\u017cam, \u017ce kibice ka\u017cdego kraju (w tym rosyjscy) maj\u0105 prawo do przemarszu na stadion, je\u017celi narusz\u0105 dobre obyczaje i wyci\u0105gn\u0105 portret Stalina,\u00a0 to z\u0142e \u015bwiadectwo wystawi\u0105 sobie, a nie nam. Wtedy licz\u0119 na policj\u0119. W Polsce s\u0105 dzi\u015b setki (tysi\u0105ce?) dziennikarzy zagranicznych, i nic nie ujdzie ich uwadze. Gospodarzy powinna cechowa\u0107 otwarto\u015b\u0107, \u017cyczliwo\u015b\u0107, ale i stanowczo\u015b\u0107. Za bicie steward\u00f3w\u00a0 &#8211; pod s\u0105d! A poza tym podoba mi si\u0119 idea Tuska, \u017ceby przy\u0142\u0105czy\u0107 si\u0119 do demonstracji z okazji wyst\u0105pienia Rosji z ZSRR, bo to co Putin nazywa najwi\u0119ksz\u0105 tragedi\u0105, by\u0142o dla nas b\u0142ogos\u0142awie\u0144stwem. Mniemam, \u017ce tak\u017ce dla Rosji, z czego Putin, lub jego nast\u0119pcy, zdadz\u0105 sobie kiedy\u015b spraw\u0119.<br \/>\nChcia\u0142bym, \u017ceby mecz z Rosj\u0105 nie przekszta\u0142ci\u0142 si\u0119 w awantur\u0119 i \u017ceby wygra\u0142a lepsza dru\u017cyna \u2013 najlepiej nasza.<\/p>\n","protected":false},"excerpt":{"rendered":"<p>Euro 2012? \u2013 Jestem za! Pierwszym zwyci\u0119zc\u0105 Euro jest Tomasz Wo\u0142ek, kt\u00f3rego ksi\u0105\u017cka \u201eFUTBOL \u2013 HISTORIE PRAWDZIWE\u201d, ukaza\u0142a si\u0119 w sam\u0105 por\u0119 i warta jest przeczytania. To istna kopalnia wiedzy i anegdot o pi\u0142ce no\u017cnej. Wo\u0142ek doczeka\u0142 si\u0119 nie lada zaszczyt\u00f3w. Na promocji jego ksi\u0105\u017cki widziano (prywatnie) Donalda Tuska, ponadto autor dal wywiad dla \u201eGazety [&hellip;]<\/p>\n","protected":false},"author":4,"featured_media":0,"comment_status":"open","ping_status":"open","sticky":false,"template":"","format":"standard","meta":{"footnotes":""},"categories":[1],"tags":[],"_links":{"self":[{"href":"https:\/\/blog.polityka.pl\/passent\/wp-json\/wp\/v2\/posts\/1481"}],"collection":[{"href":"https:\/\/blog.polityka.pl\/passent\/wp-json\/wp\/v2\/posts"}],"about":[{"href":"https:\/\/blog.polityka.pl\/passent\/wp-json\/wp\/v2\/types\/post"}],"author":[{"embeddable":true,"href":"https:\/\/blog.polityka.pl\/passent\/wp-json\/wp\/v2\/users\/4"}],"replies":[{"embeddable":true,"href":"https:\/\/blog.polityka.pl\/passent\/wp-json\/wp\/v2\/comments?post=1481"}],"version-history":[{"count":3,"href":"https:\/\/blog.polityka.pl\/passent\/wp-json\/wp\/v2\/posts\/1481\/revisions"}],"predecessor-version":[{"id":1484,"href":"https:\/\/blog.polityka.pl\/passent\/wp-json\/wp\/v2\/posts\/1481\/revisions\/1484"}],"wp:attachment":[{"href":"https:\/\/blog.polityka.pl\/passent\/wp-json\/wp\/v2\/media?parent=1481"}],"wp:term":[{"taxonomy":"category","embeddable":true,"href":"https:\/\/blog.polityka.pl\/passent\/wp-json\/wp\/v2\/categories?post=1481"},{"taxonomy":"post_tag","embeddable":true,"href":"https:\/\/blog.polityka.pl\/passent\/wp-json\/wp\/v2\/tags?post=1481"}],"curies":[{"name":"wp","href":"https:\/\/api.w.org\/{rel}","templated":true}]}}