
{"id":1491,"date":"2012-06-18T15:02:01","date_gmt":"2012-06-18T13:02:01","guid":{"rendered":"http:\/\/passent.blog.polityka.pl\/?p=1491"},"modified":"2012-06-18T15:02:01","modified_gmt":"2012-06-18T13:02:01","slug":"hurra-%e2%80%93-nasi-przegrali","status":"publish","type":"post","link":"https:\/\/blog.polityka.pl\/passent\/2012\/06\/18\/hurra-%e2%80%93-nasi-przegrali\/","title":{"rendered":"Hurra \u2013 nasi przegrali!"},"content":{"rendered":"<p>Ca\u0142e szcz\u0119\u015bcie, \u017ce nasi przegrali, bo Tusk nie b\u0119dzie mia\u0142 sukcesu.<\/p>\n<p>Szcz\u0119\u015bliwy to kraj, kt\u00f3rego najwi\u0119kszym zmartwieniem jest pora\u017cka pi\u0142karzy. Media pe\u0142ne s\u0105 rozwa\u017ca\u0144 na temat przyczyn presti\u017cowej przegranej: ostatnie miejsce w najs\u0142abszej grupie to dla gospodarzy \u017caden pow\u00f3d do chwa\u0142y. Wi\u0119ksi i mniejsi spece od futbolu prezentuj\u0105 ca\u0142\u0105 gam\u0119 pogl\u0105d\u00f3w. \u2013 Smuda musi odej\u015b\u0107 \u2013 m\u00f3wi\u0105 jedni. \u2013 Smuda to nadal najlepszy polski trener \u2013 m\u00f3wi\u0105 inni. Ja nie rozpaczam, mo\u017ce dlatego, \u017ce nie czuj\u0119 si\u0119 bardzo rozczarowany. Jak na kraj, w kt\u00f3rym pi\u0142ka no\u017cna od lat stoi (raczej \u201ele\u017cy\u201d) na niskim poziomie (miejsce w si\u00f3dmej dziesi\u0105tce rankingu FIFA), reprezentacja si\u0119 nie skompromitowa\u0142a. Inni, np. Czesi,\u00a0 s\u0105 po prostu lepsi, cho\u0107 i z nimi przy odrobinie szcz\u0119\u015bcia mo\u017cna by\u0142o wygra\u0107. W pierwszej cz\u0119\u015bci by\u0142o kilka okazji, kiedy polska dru\u017cyna by\u0142a o krok od zdobycia bramki. Niestety, szcz\u0119\u015bcie sprzyja lepszym.<\/p>\n<p>W sumie, po Euro 2012, kt\u00f3re jeszcze trwa, pozostan\u0105 chyba jednak dobre wspomnienia. Polska, jako wsp\u00f3\u0142organizator, zdaje egzamin. Nie s\u0142yszy si\u0119 o wpadkach, \u017ce na przyk\u0142ad jaka\u015b dru\u017cyna nie zosta\u0142a na czas dowieziona na miejsce, \u017ce zdarzy\u0142o si\u0119 masowe zatrucie, lub sprzedano dwa bilety na jedno miejsce. Pod \u015bcis\u0142ym nadzorem UEFA organizujemy\u00a0 najwi\u0119ksza imprez\u0119 w naszej historii \u2013 to kapita\u0142 cywilizacyjny, kt\u00f3ry b\u0119dzie procentowa\u0142. Nasi pi\u0142karze przegrali, ale Polska wygrywa. Zacofanie (koleje!) na pewno daje si\u0119 we znaki i nie jest do ukrycia. B\u0142\u0119dy i niedoci\u0105gni\u0119cia, takie jak przep\u0142acone inwestycje czy niedoko\u0144czone, a zapowiadane,\u00a0 drogi, b\u0119d\u0105 na pewno rozliczone przez media i opozycj\u0119. Niekt\u00f3re, na przyk\u0142ad nieop\u0142acenie w por\u0119 bankrutuj\u0105cych z tego powodu podwykonawc\u00f3w, staj\u0105 si\u0119 zaczynem nowego ustawodawstwa, kt\u00f3re powinno temu w przysz\u0142o\u015bci zapobiec. W miastach \u2013 organizatorach nie dosz\u0142o do zapowiadanej kl\u0119ski komunikacyjnej,\u00a0 nie ma trz\u0119sienia ziemi. Mo\u017ce niemieccy tury\u015bci uznaj\u0105, \u017ce \u201ePolnische Wirtschaft\u201d odchodzi w przesz\u0142o\u015b\u0107.<\/p>\n<p>Euro 2012 sta\u0142o si\u0119\u00a0 miejscem gorsz\u0105cej bijatyki, zapocz\u0105tkowanej w du\u017cym stopniu przez\u00a0 nasz\u0105 \u0142obuzeri\u0119. Na szcz\u0119\u015bcie by\u0142o to wydarzenie odosobnione. Policja stan\u0119\u0142a na wysoko\u015bci zadania, natomiast prezydent Putin nie musia\u0142 temu wydarzeniu nadawa\u0107 rangi mi\u0119dzypa\u0144stwowej i prezydenckiej, nie musia\u0142 w tej sprawie telefonowa\u0107 do Donalda Tuska i odgrywa\u0107 roli zatroskanego ojca narodu. Nie m\u00f3g\u0142 jednak oprze\u0107 si\u0119 pokusie. Z kolei polskie media, zw\u0142aszcza prawicowe (\u201eGazeta Polska\u201d), zamiast wyrazi\u0107 ubolewanie, nie musia\u0142y pisa\u0107 o \u201erosyjskich bandytach\u201d, skoro \u015bwiadkowie m\u00f3wi\u0105, \u017ce znaczny udzia\u0142 w zaj\u015bciach w Warszawie\u00a0\u00a0 mieli nasi rodacy (przy czynnej wsp\u00f3\u0142pracy Rosjan we Wroc\u0142awiu). Przeprasza\u0107 to ma Obama i Putin, a nie my.<\/p>\n<p>Na szcz\u0119\u015bcie dla opozycji, polska dru\u017cyna odpad\u0142a z turnieju, wi\u0119c akcje Tuska nie p\u00f3jd\u0105 nadmiernie w g\u00f3r\u0119. Gdyby Euro 2012 okaza\u0142o si\u0119 kl\u0119sk\u0105 organizacyjn\u0105 \u2013 o wszystko obwiniano by rz\u0105d. Skoro \u2013 jak dotychczas \u2013 toczy si\u0119 dobrze, trzeba pilnowa\u0107, \u017ceby Tusk i sp\u00f3\u0142ka na tym nie skorzystali. Kiedy jest sukces \u2013 to jest to sukces Polak\u00f3w. Kiedy jest pora\u017cka \u2013 to jest to kl\u0119ska rz\u0105dz\u0105cych.\u00a0 Gry fair wymagamy od pi\u0142karzy, ale nie od dziennikarzy.<\/p>\n","protected":false},"excerpt":{"rendered":"<p>Ca\u0142e szcz\u0119\u015bcie, \u017ce nasi przegrali, bo Tusk nie b\u0119dzie mia\u0142 sukcesu. Szcz\u0119\u015bliwy to kraj, kt\u00f3rego najwi\u0119kszym zmartwieniem jest pora\u017cka pi\u0142karzy. Media pe\u0142ne s\u0105 rozwa\u017ca\u0144 na temat przyczyn presti\u017cowej przegranej: ostatnie miejsce w najs\u0142abszej grupie to dla gospodarzy \u017caden pow\u00f3d do chwa\u0142y. Wi\u0119ksi i mniejsi spece od futbolu prezentuj\u0105 ca\u0142\u0105 gam\u0119 pogl\u0105d\u00f3w. \u2013 Smuda musi odej\u015b\u0107 [&hellip;]<\/p>\n","protected":false},"author":4,"featured_media":0,"comment_status":"open","ping_status":"open","sticky":false,"template":"","format":"standard","meta":{"footnotes":""},"categories":[1],"tags":[],"_links":{"self":[{"href":"https:\/\/blog.polityka.pl\/passent\/wp-json\/wp\/v2\/posts\/1491"}],"collection":[{"href":"https:\/\/blog.polityka.pl\/passent\/wp-json\/wp\/v2\/posts"}],"about":[{"href":"https:\/\/blog.polityka.pl\/passent\/wp-json\/wp\/v2\/types\/post"}],"author":[{"embeddable":true,"href":"https:\/\/blog.polityka.pl\/passent\/wp-json\/wp\/v2\/users\/4"}],"replies":[{"embeddable":true,"href":"https:\/\/blog.polityka.pl\/passent\/wp-json\/wp\/v2\/comments?post=1491"}],"version-history":[{"count":2,"href":"https:\/\/blog.polityka.pl\/passent\/wp-json\/wp\/v2\/posts\/1491\/revisions"}],"predecessor-version":[{"id":1493,"href":"https:\/\/blog.polityka.pl\/passent\/wp-json\/wp\/v2\/posts\/1491\/revisions\/1493"}],"wp:attachment":[{"href":"https:\/\/blog.polityka.pl\/passent\/wp-json\/wp\/v2\/media?parent=1491"}],"wp:term":[{"taxonomy":"category","embeddable":true,"href":"https:\/\/blog.polityka.pl\/passent\/wp-json\/wp\/v2\/categories?post=1491"},{"taxonomy":"post_tag","embeddable":true,"href":"https:\/\/blog.polityka.pl\/passent\/wp-json\/wp\/v2\/tags?post=1491"}],"curies":[{"name":"wp","href":"https:\/\/api.w.org\/{rel}","templated":true}]}}