
{"id":1502,"date":"2012-06-27T23:16:23","date_gmt":"2012-06-27T21:16:23","guid":{"rendered":"http:\/\/passent.blog.polityka.pl\/?p=1502"},"modified":"2012-06-27T23:16:23","modified_gmt":"2012-06-27T21:16:23","slug":"dno-den","status":"publish","type":"post","link":"https:\/\/blog.polityka.pl\/passent\/2012\/06\/27\/dno-den\/","title":{"rendered":"Dno den"},"content":{"rendered":"<p>Po przeczytaniu rozmowy braci Karnowskich (\u201eUwa\u017cam Rze\u201d) z prezesem Kaczy\u0144skim, nie pozostaje nic innego, jak p\u00f3j\u015b\u0107 \u015bladem gen. Petelickiego i si\u0119gn\u0105\u0107 po pistolet. \u201eDekadencja\u201d, \u201ezatrwa\u017caj\u0105cy kierunek, w jakim ekipa rz\u0105dz\u0105ca prowadzi Polsk\u0119\u201d, smr\u00f3d, brud i ub\u00f3stwo\u2013 taki obraz kraju wy\u0142ania si\u0119 z lektury. Hiobowe wie\u015bci od prezesa rozmijaj\u0105 si\u0119 z nastrojami spo\u0142ecznymi, 88 proc. spo\u0142ecze\u0144stwa uwa\u017ca organizacj\u0119 Euro 2012 za udan\u0105, trwa pi\u0142karski karnawa\u0142. Aczkolwiek akceptacja dla rz\u0105du, Platformy i samego Tuska przed Euro spada\u0142y, to jednak trudno m\u00f3wi\u0107 o jakim\u015b wrzeniu w Polsce. Dlaczego? Kaczy\u0144ski ma odpowied\u017a: \u201eLudzie po prostu nie wiedz\u0105, co si\u0119 w Polsce dzieje\u201d. O cenach lek\u00f3w wiedz\u0105 tylko ci, kt\u00f3rzy je kupuj\u0105, a \u201edecyduje to, co jest mi\u0119dzy godz. 19 a 20 w telewizji. A tam jest czysta propaganda sukcesu, poz\u00f3r spokoju i rozwoju, wszystko ca\u0142kowicie oderwane od \u017cycia, wykreowany \u015bwiat\u201d.\u00a0<\/p>\n<p>Wygl\u0105da na to, \u017ce \u017cyjemy wczasach gierkowskich, telewizja k\u0142amie, ludzie \u017cyj\u0105 fikcj\u0105 i wszystko to si\u0119 zawali. Nawet jak na leadera opozycji, kt\u00f3ry z natury rzeczy skupia si\u0119 na cieniach, a nie na blaskach, jest to hipoteza odwa\u017cna. Miejscami prezes ma racj\u0119, Np. autostrad powsta\u0142o mniej ni\u017c przewidywano, Polska nie jest szybko przejezdna w cztery strony \u015bwiata, ale w sumie mam wra\u017cenie, \u017ce to nie telewizje r\u00f3\u017cnej ma\u015bci lecz prezes jest oderwany od \u017cycia. Oto kilka przyk\u0142ad\u00f3w.<\/p>\n<p>\u201ePewna dobrze poinformowana osoba\u201d powiedzia\u0142a prezesowi, \u017ce jest grupka os\u00f3b powi\u0105zanych z specs\u0142u\u017cbami, \u201ekt\u00f3re s\u0105 zagro\u017cone\u201d. Gdy przysz\u0142o co do czego, czyli do prokuratury, prezes \u017cadnych nazwisk nie poda\u0142, by\u0107 mo\u017ce ca\u0142a grupka os\u00f3b powsta\u0142a w bujnej wyobra\u017ani prof. Staniszkis.<\/p>\n<p>W Polsce panuje strach. \u201eCa\u0142a seria rozmaitych samob\u00f3jstw i zab\u00f3jstw ludzi, kt\u00f3rzy du\u017co wiedzieli o mechanizmach i korzeniach III RP, jest wysoce zastanawiaj\u0105ca\u201d. Tu prezes wymienia PP. Papa\u0142\u0119, D\u0119bskiego, Olewnika, \u201eprzypadki dziwnych \u015bmierci\u201d. Co z tego wynika \u2013 tego nie m\u00f3wi, bo trudno znale\u017a\u0107 wsp\u00f3lny mianownik. Ale do stworzenia atmosfery\u00a0\u00a0 grozy \u2013 wystarczy.<br \/>\nW Polsce panuje atmosfera zastraszenia, kto wi\u0105\u017ce si\u0119 z opozycj\u0105 w jakikolwiek spos\u00f3b,\u00a0 \u201enatychmiast jest stygmatyzowany i niszczony\u201d. Czy dotyczy to r\u00f3wnie\u017c Palikota i Millera \u2013 prezes nie m\u00f3wi. Kto zosta\u0142 zniszczony \u2013 te\u017c nie podaje.<\/p>\n<p>Rosyjscy kibice mog\u0105 \u0142ama\u0107 bezkarnie prawo, afiszowa\u0107 si\u0119 z symbolami komunistycznymi, a\u00a0 \u201ez polskich robi si\u0119 koz\u0142y ofiarne\u201d. Prezesowi \u201erelacjonowano\u201d, \u017ce na mo\u015bcie Poniatowskiego \u201eszed\u0142 pot\u0119\u017cny m\u0119\u017cczyzna z napisem \u2018Moskwa\u2019 na koszulce, a za nim chowali si\u0119 gotowi wkroczy\u0107 do akcji inni pot\u0119\u017cni panowie\u201d. Rz\u0105d wiedzia\u0142, \u017ce to mo\u017ce doprowadzi\u0107 do awantury, ale \u201echyba nie mia\u0142 nic przeciw\u201d. Rz\u0105d, kt\u00f3ry pragnie kompromitacji kraju i fiaska imprezy, kt\u00f3rej jest wsp\u00f3\u0142organizatorem \u2013 to chyba tw\u00f3r wyobra\u017ani prezesa.<\/p>\n<p>W ca\u0142ym wywiadzie nie ma ani jednego dobrego s\u0142owa o tym, co si\u0119 w Polsce dzieje. Ani jednego s\u0142owa! Dla Kaczy\u0144skiego, Polska = Tusk, a wi\u0119c nic dobrego nie mo\u017ce powiedzie\u0107. Za to lista nieszcz\u0119\u015b\u0107 jest d\u0142uga: \u201eUderzenie\u201d w szko\u0142y, w\u00a0 nauczycieli, kultur\u0119, likwidacja posterunk\u00f3w policyjnych na prowincji, plac\u00f3wek pocztowych, po\u0142\u0105cze\u0144 komunikacyjnych, \u201eto jest wycofywanie si\u0119 z cywilizacji\u201d. W tych s\u0142owach kryje si\u0119 t\u0119sknota do cywilizacji ma\u0142ego miasteczka, w kt\u00f3rym wszystko by\u0142o: komisariat, s\u0105d, gimnazjum, ko\u015bci\u00f3\u0142, synagoga, kino, szpital i areszt. I komu to przeszkadza\u0142o? A\u017c przysz\u0142a motoryzacja, globalizacja, Internet, ni\u017c demograficzny \u2013 kr\u00f3tko m\u00f3wi\u0105c, inna cywilizacja, a z ni\u0105 mniej szk\u00f3\u0142 \u2013 wi\u0119cej komputer\u00f3w, mniej kin \u2013 wi\u0119cej telewizji, mniej posterunk\u00f3w \u2013 wi\u0119cej radiowoz\u00f3w, a tak\u017ce mniej wyborc\u00f3w, bo coraz wi\u0119cej z nich przenosi si\u0119 do du\u017cych miast (lub zagranic\u0119).<\/p>\n<p>Tuska jest za co punktowa\u0107, cho\u0107by za likwidacj\u0119 ulg podatkowych, od kt\u00f3rych jeszcze niedawno (2006, za rz\u0105d\u00f3w PiS) si\u0119 od\u017cegnywa\u0142, ale twierdzi\u0107, \u017ce Polska chyli si\u0119 ku upadkowi to gruba przesada.<\/p>\n<p>Prowadz\u0105cy wywiad bracia Karnowscy \u2013 jak zwykle nie zawiedli prezesa. Najbardziej podoba\u0142o mi si\u0119 pytanie: \u201eDlaczego Niemcy tak hojnie nagradzaj\u0105 Donalda Tuska?\u201d<\/p>\n","protected":false},"excerpt":{"rendered":"<p>Po przeczytaniu rozmowy braci Karnowskich (\u201eUwa\u017cam Rze\u201d) z prezesem Kaczy\u0144skim, nie pozostaje nic innego, jak p\u00f3j\u015b\u0107 \u015bladem gen. Petelickiego i si\u0119gn\u0105\u0107 po pistolet. \u201eDekadencja\u201d, \u201ezatrwa\u017caj\u0105cy kierunek, w jakim ekipa rz\u0105dz\u0105ca prowadzi Polsk\u0119\u201d, smr\u00f3d, brud i ub\u00f3stwo\u2013 taki obraz kraju wy\u0142ania si\u0119 z lektury. Hiobowe wie\u015bci od prezesa rozmijaj\u0105 si\u0119 z nastrojami spo\u0142ecznymi, 88 proc. spo\u0142ecze\u0144stwa [&hellip;]<\/p>\n","protected":false},"author":4,"featured_media":0,"comment_status":"open","ping_status":"open","sticky":false,"template":"","format":"standard","meta":{"footnotes":""},"categories":[1],"tags":[],"_links":{"self":[{"href":"https:\/\/blog.polityka.pl\/passent\/wp-json\/wp\/v2\/posts\/1502"}],"collection":[{"href":"https:\/\/blog.polityka.pl\/passent\/wp-json\/wp\/v2\/posts"}],"about":[{"href":"https:\/\/blog.polityka.pl\/passent\/wp-json\/wp\/v2\/types\/post"}],"author":[{"embeddable":true,"href":"https:\/\/blog.polityka.pl\/passent\/wp-json\/wp\/v2\/users\/4"}],"replies":[{"embeddable":true,"href":"https:\/\/blog.polityka.pl\/passent\/wp-json\/wp\/v2\/comments?post=1502"}],"version-history":[{"count":2,"href":"https:\/\/blog.polityka.pl\/passent\/wp-json\/wp\/v2\/posts\/1502\/revisions"}],"predecessor-version":[{"id":1504,"href":"https:\/\/blog.polityka.pl\/passent\/wp-json\/wp\/v2\/posts\/1502\/revisions\/1504"}],"wp:attachment":[{"href":"https:\/\/blog.polityka.pl\/passent\/wp-json\/wp\/v2\/media?parent=1502"}],"wp:term":[{"taxonomy":"category","embeddable":true,"href":"https:\/\/blog.polityka.pl\/passent\/wp-json\/wp\/v2\/categories?post=1502"},{"taxonomy":"post_tag","embeddable":true,"href":"https:\/\/blog.polityka.pl\/passent\/wp-json\/wp\/v2\/tags?post=1502"}],"curies":[{"name":"wp","href":"https:\/\/api.w.org\/{rel}","templated":true}]}}