
{"id":1517,"date":"2012-07-11T22:59:30","date_gmt":"2012-07-11T20:59:30","guid":{"rendered":"http:\/\/passent.blog.polityka.pl\/?p=1517"},"modified":"2012-07-11T22:59:30","modified_gmt":"2012-07-11T20:59:30","slug":"rysa-na-platformie","status":"publish","type":"post","link":"https:\/\/blog.polityka.pl\/passent\/2012\/07\/11\/rysa-na-platformie\/","title":{"rendered":"Rysa na Platformie"},"content":{"rendered":"<p>Ciekawe, jak sko\u0144czy si\u0119 konflikt w Platformie. Wys\u0142ucha\u0142em rozmowy z Grzegorzem Schetyn\u0105 w TVN 24. Schetyna to wiceprzewodnicz\u0105cy i podobno \u201ecz\u0142owiek nr 2\u201d w partii. Pisz\u0119 \u201epodobno\u201d, bo jak na \u201enumer dwa\u201d to mia\u0142 zaskakuj\u0105co ma\u0142o do powiedzenia. To mistrz odpowiedzi na okr\u0105g\u0142o, z kt\u00f3rych nic nie wynika. Zapytany o plany rz\u0105du, o nowe otwarcie, o nowy projekt, nowa wizj\u0119 \u2013 kr\u0119ci\u0142,\u00a0 nie wiedzia\u0142 co odpowiedzie\u0107. Z pr\u00f3\u017cnego i Schetyna nie naleje\u2026<\/p>\n<p>Podobno by\u0142 dobrym\u00a0 ministrem Spraw Wewn\u0119trznych i wielka szkoda, \u017ce przy okazji afery hazardowej Tusk go odsun\u0105\u0142 na boczny tor. Ja nie \u017ca\u0142uj\u0119, bo nie przypominam sobie, \u017ceby G.S. powiedzia\u0142 co\u015b interesuj\u0105cego. Podobno jest to mistrz organizacji, ma do tego talent, czemu da\u0142 wyraz przed wyborami. By\u0107 mo\u017ce, ale co dalej?\u00a0 Nie \u201eco dalej ze Schetyn\u0105\u201d, ale co\u00a0 Schetyna ma do pokazania? Jest to taki skromny brat \u2013 \u0142ata, \u017ce swoje atuty g\u0142\u0119boko ukrywa. Atuty Platformy r\u00f3wnie\u017c.<\/p>\n<p>Zupe\u0142nie inny jest przypadek Jaros\u0142awa Gowina. Ten nie ukrywa swoich aspiracji. Konwencja w sprawie przemocy w rodzinie \u2013 jest przeciw, bo jego zdaniem jest niepotrzebna i daje definicj\u0119 ma\u0142\u017ce\u0144stwa, kt\u00f3ra toruje drog\u0119 homoseksualistom. Tusk zapowiada podpisanie konwencji, ale nawet Stefan\u00a0 Niesio\u0142owski jest przeciw. Zap\u0142odnienie in vitro, refundacja? \u2013 Gowin jest przeciw, HGW jest przeciw, Tusk i Niesio\u0142owski s\u0105 raczej\u00a0 \u201eza\u201d. Bardzo pluralistyczna jest ta Platforma, jak du\u017co jeszcze wytrzyma? Na dzisiejszej naradzie w Jachrance ustalono, \u017ce w sprawie\u00a0 in vitro nie mo\u017cna ju\u017c d\u0142u\u017cej zwleka\u0107 i zaczn\u0105 si\u0119 (!) prace nad projektem Kidawy-B\u0142o\u0144skiej, bardziej liberalnym ni\u017c projekt Gowina. Ile\u017c ju\u017c lat Platforma nie mo\u017ce urodzi\u0107 tego projektu, a teraz grozi jej, \u017ce bardziej konserwatywna cz\u0119\u015b\u0107 pos\u0142\u00f3w zamiast poprze\u0107 projekt \u201epartyjny\u201d, z\u0142o\u017cy sw\u00f3j w\u0142asny, odr\u0119bny, po my\u015bli, lub wr\u0119cz autorstwa ministra Gowina. Je\u017celi tak si\u0119 stanie, to b\u0119dzie to cios w Platform\u0119, na kt\u00f3ry czeka PiS. Nie na darmo prezes Kaczy\u0144ski zaproponowa\u0142 \u201eokr\u0105g\u0142y st\u00f3\u0142\u201d (tylko dla swoich) wok\u00f3\u0142 projektu Gowina, za kt\u00f3rego autorem PiS si\u0119 opowiada. Platforma zacz\u0119\u0142a krwawi\u0107 i prezes widzi w tym swoj\u0105 szans\u0119. Gowin jest pupilem PiS i bliskich mu medi\u00f3w, kt\u00f3re nie szcz\u0119dz\u0105 Gowinowi uznania, tak\u017ce za jego projekty deregulacyjne.<\/p>\n<p>Jeszcze kilka tygodni temu Gowin by\u0142 ozdob\u0105 Platformy \u2013 osobi\u015bcie przez Tuska namaszczony\u00a0 na ministra, inteligentny, kulturalny, konserwatywny, ale elegancko, europejsko, w granicach rozs\u0105dku, na tle siermi\u0119\u017cnego Schetyny wr\u0119cz salonowy.\u00a0 Chyba sam Gowin uwierzy\u0142, \u017ce jest \u201enumerem dwa\u201d, a kto wie, czy pewnego dnia nie zajdzie wy\u017cej, mo\u017ce zostanie \u201enumerem jeden\u201d \u2013 niekoniecznie w Platformie, by\u0107 mo\u017ce w nowym ugrupowaniu, kt\u00f3re po\u0142\u0105czy prawic\u0119 \u2013 Solidarn\u0105 Polsk\u0119, PJN, prawic\u0119 Marka Jurka, dysydent\u00f3w z PiS oraz z Platformy.<\/p>\n<p>Gowin i Tusk znale\u017ali si\u0119 w trudnej sytuacji. Przy tak szeroko rozwini\u0119tych skrzyd\u0142ach Platforma mo\u017ce okaza\u0107 si\u0119 niezdolna do rz\u0105dzenia, r\u00f3\u017cnice zda\u0144 w sprawach \u015bwiatopogl\u0105dowych uniemo\u017cliwiaj\u0105 podj\u0119cie decyzji, a nast\u0119pnie\u00a0 ich przeprowadzenie w Sejmie. Okazuje si\u0119, \u017ce najwi\u0119kszym zagro\u017ceniem dla rz\u0105du Platformy nie jest opozycja, ale s\u0142abo\u015b\u0107 wewn\u0119trzna.\u00a0 Platforma\u00a0\u00a0 tak podzielona\u00a0 mo\u017ce\u00a0 nie dotrwa\u0107 do wybor\u00f3w.\u00a0<\/p>\n<p>PS. Polecam Ba\u0142tyk Festiwal MEDIA I SZTUKA w Dar\u0142\u00f3wku , 13-15 lipca. W programie m.in. spotkania z Radiow\u0105 Tr\u00f3jk\u0105, Szk\u0142em Kontaktowym, znakomici go\u015bcie, m.in. PP. Bralczyk, Baron, Czubaszek, Janda, Meller, Sawka, Og\u00f3rek, Szczygie\u0142, koncerty, konkursy i inne atrakcje. Zapraszam na spotkanie w sobot\u0119, 14 lipca, godz. 15:30, Terminal Sztuki, ul. Kotwiczna, Dar\u0142\u00f3wek.<\/p>\n","protected":false},"excerpt":{"rendered":"<p>Ciekawe, jak sko\u0144czy si\u0119 konflikt w Platformie. Wys\u0142ucha\u0142em rozmowy z Grzegorzem Schetyn\u0105 w TVN 24. Schetyna to wiceprzewodnicz\u0105cy i podobno \u201ecz\u0142owiek nr 2\u201d w partii. Pisz\u0119 \u201epodobno\u201d, bo jak na \u201enumer dwa\u201d to mia\u0142 zaskakuj\u0105co ma\u0142o do powiedzenia. To mistrz odpowiedzi na okr\u0105g\u0142o, z kt\u00f3rych nic nie wynika. Zapytany o plany rz\u0105du, o nowe otwarcie, [&hellip;]<\/p>\n","protected":false},"author":4,"featured_media":0,"comment_status":"open","ping_status":"open","sticky":false,"template":"","format":"standard","meta":{"footnotes":""},"categories":[1],"tags":[],"_links":{"self":[{"href":"https:\/\/blog.polityka.pl\/passent\/wp-json\/wp\/v2\/posts\/1517"}],"collection":[{"href":"https:\/\/blog.polityka.pl\/passent\/wp-json\/wp\/v2\/posts"}],"about":[{"href":"https:\/\/blog.polityka.pl\/passent\/wp-json\/wp\/v2\/types\/post"}],"author":[{"embeddable":true,"href":"https:\/\/blog.polityka.pl\/passent\/wp-json\/wp\/v2\/users\/4"}],"replies":[{"embeddable":true,"href":"https:\/\/blog.polityka.pl\/passent\/wp-json\/wp\/v2\/comments?post=1517"}],"version-history":[{"count":2,"href":"https:\/\/blog.polityka.pl\/passent\/wp-json\/wp\/v2\/posts\/1517\/revisions"}],"predecessor-version":[{"id":1519,"href":"https:\/\/blog.polityka.pl\/passent\/wp-json\/wp\/v2\/posts\/1517\/revisions\/1519"}],"wp:attachment":[{"href":"https:\/\/blog.polityka.pl\/passent\/wp-json\/wp\/v2\/media?parent=1517"}],"wp:term":[{"taxonomy":"category","embeddable":true,"href":"https:\/\/blog.polityka.pl\/passent\/wp-json\/wp\/v2\/categories?post=1517"},{"taxonomy":"post_tag","embeddable":true,"href":"https:\/\/blog.polityka.pl\/passent\/wp-json\/wp\/v2\/tags?post=1517"}],"curies":[{"name":"wp","href":"https:\/\/api.w.org\/{rel}","templated":true}]}}