
{"id":1521,"date":"2012-07-15T12:35:55","date_gmt":"2012-07-15T10:35:55","guid":{"rendered":"http:\/\/passent.blog.polityka.pl\/?p=1521"},"modified":"2012-07-16T13:05:09","modified_gmt":"2012-07-16T11:05:09","slug":"traba-w-darlowie","status":"publish","type":"post","link":"https:\/\/blog.polityka.pl\/passent\/2012\/07\/15\/traba-w-darlowie\/","title":{"rendered":"Tr\u0105ba w Dar\u0142owie"},"content":{"rendered":"<p>\u201eWszystkim si\u0119 zdawa\u0142o, \u017ce to echo gra\u0142o\u201d, a to gra\u0142a orkiestra d\u0119ta z Sochaczewa, wzmocniona przez muzyk\u00f3w z Dar\u0142owa. Dali oni koncert pod go\u0142ym niebem, dla mieszka\u0144c\u00f3w i wczasowicz\u00f3w. Co prawda Dar\u0142owo nie ma jeszcze muszli koncertowej (na razie buduje si\u0119 marina), ale i tak by\u0142o \u015blicznie. S\u0142uchaj\u0105c muzyki poczu\u0142em si\u0119 jak w kulturalnym kraju. Dalej by\u0142o ju\u017c tylko lepiej.\u00a0\u00a0 W dniach 12-15 lipca odby\u0142 si\u0119 w Dar\u0142owie Ba\u0142tyk Festiwal Sztuka i Media. Trzy dni spotka\u0144 z udzia\u0142em takich\u00a0 ciekawych i wybitnych os\u00f3b, jak Krystyna Janda (absolutny rekord frekwencji, ludzie, dla kt\u00f3rych zabrak\u0142o miejsc na Sali, a w\u0142a\u015bciwie w gigantycznym namiocie,\u00a0 stali na ulicy, w wichurze i w deszczu, \u017ceby tylko us\u0142ysze\u0107 kilka s\u0142\u00f3w wielkiej aktorki, a przy okazji i felietonistki). Na jej wyst\u0119p nie spos\u00f3b si\u0119 by\u0142o dosta\u0107. Krystyna Janda to\u00a0 wulkan energii, pracowito\u015bci, pomys\u0142\u00f3w, nie do pokonania przez codzienn\u0105 rzeczywisto\u015b\u0107, biurokracj\u0119, indolencj\u0119 i niemo\u017cno\u015b\u0107.<\/p>\n<p>Z innych spotka\u0144 zapami\u0119ta\u0142em m.in. ciekaw\u0105 dyskusje z pos\u0142ank\u0105 Ma\u0142gorzat\u0105 Kidaw\u0105-B\u0142o\u0144sk\u0105, autork\u0105 liberalnego\u00a0\u00a0 projektu ustawy o in vitro, kt\u00f3ra to sprawa jest ko\u015bci\u0105 niezgody w Platformie. Obecnie (po kilku zmarnowanych latach), sz\u00f3stka m\u0119drc\u00f3w z PO ma \u201epracowa\u0107\u201d and projektem pani pos\u0142anki i projektem\u00a0 pos\u0142a\/ministra Gowina, tak, aby stworzy\u0107 jeden, wsp\u00f3lny projekt. Odnosz\u0119 wra\u017cenie, \u017ce jest to kolejny mira\u017c, z\u0142uda i gra na czas. W jednej przynajmniej sprawie (los zarodk\u00f3w) porozumienie nie jest mo\u017cliwe, tak jak nie spos\u00f3b jest by\u0107 \u201ecz\u0119\u015bciowo w ci\u0105\u017cy\u201d. Wyszed\u0142em ze spotkania w przekonaniu, \u017ce Platforma b\u0119dzie \u201epracowa\u0107\u201d nad wsp\u00f3lnym projektem do ko\u0144ca kadencji, byle tylko utrzyma\u0107 jedno\u015b\u0107 partyjn\u0105, kt\u00f3ra pozwala rz\u0105dzi\u0107. Ciekawe, \u017ce na plan pierwszy wysun\u0119\u0142y si\u0119 teraz sprawy \u015bwiatopogl\u0105dowe (konwencja przeciw przemocy w rodzinie, in vitro), kt\u00f3re pragmatyczna, liberalno-konserwatywna Platforma stara\u0142a si\u0119 \u0142agodzi\u0107 i omija\u0107. Je\u017celi do tego dodamy sprawy zwi\u0105zane z finansowaniem Ko\u015bcio\u0142\u00f3w,\u00a0 komisj\u0105 maj\u0105tkow\u0105, telewizj\u0105 Trwam, to oka\u017ce si\u0119, \u017ce nawet pod rz\u0105dami takich pragmatyk\u00f3w, jak Tusk i Pawlak, nie ma ucieczki od spraw duchowych, od warto\u015bci.<\/p>\n<p>Na naszym blogu tak\u017ce. Kto\u015b wspomnia\u0142, \u017ce rodzina pa\u0144stwa Radwa\u0144skich (tych od znanej tenisistki, Agnieszki), popiera PiS, dyrektora\u00a0 Rydzyka, komisj\u0119 Macierewicza etc. Nie mam nic przeciwko. Uwa\u017cam to za prywatn\u0105 spraw\u0119 tej rodziny. Tym nie mniej sukcesy Agnieszki Radwa\u0144skiej wpisuj\u0105 si\u0119 w pasmo sukces\u00f3w (Euro, siatkarze, lekkoatleci), z kt\u00f3rych po\u015brednio korzysta rz\u0105d, bo przez pewien czas\u00a0 Polacy maj\u0105 si\u0119 czym cieszy\u0107. Wbrew tym, kt\u00f3rzy widz\u0105 wszystko na\u00a0 nie.\u00a0 Mamy podobno by\u0107 dumni, ale ostatni pow\u00f3d do dumy to Powstanie\u00a0 w 1944 roku, od tamtego czasu nic, tylko kl\u0119ska i klapa.<\/p>\n<p>W Dar\u0142\u00f3wku by\u0142y te\u017c rozmaite inne spotkania, m.in. z udzia\u0142em legendy opozycji, Seweryna Blumsztajna, i \u015bwietnego rysownika, Henryka Sawki. Na\u00a0 promocji mojej ksi\u0105\u017cki w Warszawie, g\u0142os zabra\u0142 \u017cyczliwy ksi\u0105\u017cce europose\u0142 Micha\u0142 Kami\u0144ski\u00a0 dawniej PiS, znany m.in. z tego, \u017ce kilkana\u015bcie lat temu z\u0142o\u017cy\u0142 ho\u0142d Pinochetowi. Podczas promocji Henryk Sawka narysowa\u0142 Kami\u0144skiego, kt\u00f3ry m\u00f3wi do mnie: \u201eJaka to szkoda, \u017ce kiedy by\u0142em u Pinocheta, nie wst\u0105pi\u0142em do pana do ambasady!\u201d<\/p>\n<p>Z innych spotka\u0144 w Dar\u0142\u00f3wku chcia\u0142em wspomnie\u0107 spotkania i programy tw\u00f3rc\u00f3w popularnego \u201eSzk\u0142a kontaktowego\u201d TVN (Grzegorz Miecugow, Tomasz Sianecki), rozmow\u0119 z red. Ew\u0105 Winnick\u0105, znawczyni\u0105 \u201epolskiego Londynu\u201d, kt\u00f3rej ksi\u0105\u017cka o losach starej emigracji londy\u0144skiej \u201eLondy\u0144czycy\u201d w\u0142a\u015bnie si\u0119 ukaza\u0142a, a tak\u017ce rozmowy z Micha\u0142em Og\u00f3rkiem \u2013 mistrzem kr\u00f3tkiego i dowcipnego felietonu w \u201eGazecie Wyborczej\u201d. \u015awietnym animatorem rozm\u00f3w by\u0142 tak\u017ce Cezary \u0141azarewicz, kiedy\u015b z \u201ePolityki\u201d, od pewnego czasu z \u201eNewsweeka\u201d, czego mu nigdy nie wybacz\u0119. No c\u00f3\u017c, taki ju\u017c los \u201ePolityki\u201d, \u017ce wiele os\u00f3b zdoby\u0142o w niej ostrogi, a potem pomkn\u0119\u0142o na innych rumakach\u2026<\/p>\n<p>W Dar\u0142\u00f3wku prze\u017cyli\u015bmy koszmarn\u0105 pogod\u0119 \u2013 ulewy, wichury, ch\u0142ody, b\u0119d\u0105ce zmor\u0105 wczasowicz\u00f3w, z kt\u00f3rych wielu dotar\u0142o jednak na festiwal.<\/p>\n<p>Z wie\u015bci, jakie przywia\u0142 wiatr z g\u0142\u0119bi kraju, godna odnotowania by\u0142a wizyta Lecha Wa\u0142\u0119sy w domu Wojciecha Jaruzelskiego, zapewne w zwi\u0105zku z rocznic\u0105 urodzin tego ostatniego. Wa\u0142\u0119sa raz jeszcze zaskoczy\u0142 i pokaza\u0142 klas\u0119, oczekiwa\u0142bym tego samego od Donalda Tuska. Na pewno odezw\u0105 si\u0119 krytycy, \u017ce \u201esw\u00f3j poszed\u0142 do swego\u201d, \u017ce jednym i drugim od zawsze sterowa\u0142a bezpieka, \u017ce ca\u0142y Sierpie\u0144, Solidarno\u015b\u0107 i\u00a0 \u201eokr\u0105g\u0142y st\u00f3\u0142\u201d by\u0142y dyrygowane przez Moskw\u0119, \u017ce Smole\u0144sk i \u017ce Katy\u0144, \u017ce Tusk i Putin, ale fakt pozostaje faktem: Wa\u0142\u0119sa poszed\u0142 do Jaruzelskiego (a przedtem pojedna\u0142 si\u0119 z Kwa\u015bniewskim), pokazuj\u0105c jak mimo dawnych r\u00f3\u017cnic mo\u017cna krzewi\u0107 dobre obyczaje.<\/p>\n","protected":false},"excerpt":{"rendered":"<p>\u201eWszystkim si\u0119 zdawa\u0142o, \u017ce to echo gra\u0142o\u201d, a to gra\u0142a orkiestra d\u0119ta z Sochaczewa, wzmocniona przez muzyk\u00f3w z Dar\u0142owa. Dali oni koncert pod go\u0142ym niebem, dla mieszka\u0144c\u00f3w i wczasowicz\u00f3w. Co prawda Dar\u0142owo nie ma jeszcze muszli koncertowej (na razie buduje si\u0119 marina), ale i tak by\u0142o \u015blicznie. S\u0142uchaj\u0105c muzyki poczu\u0142em si\u0119 jak w kulturalnym kraju. [&hellip;]<\/p>\n","protected":false},"author":4,"featured_media":0,"comment_status":"open","ping_status":"open","sticky":false,"template":"","format":"standard","meta":{"footnotes":""},"categories":[1],"tags":[],"_links":{"self":[{"href":"https:\/\/blog.polityka.pl\/passent\/wp-json\/wp\/v2\/posts\/1521"}],"collection":[{"href":"https:\/\/blog.polityka.pl\/passent\/wp-json\/wp\/v2\/posts"}],"about":[{"href":"https:\/\/blog.polityka.pl\/passent\/wp-json\/wp\/v2\/types\/post"}],"author":[{"embeddable":true,"href":"https:\/\/blog.polityka.pl\/passent\/wp-json\/wp\/v2\/users\/4"}],"replies":[{"embeddable":true,"href":"https:\/\/blog.polityka.pl\/passent\/wp-json\/wp\/v2\/comments?post=1521"}],"version-history":[{"count":4,"href":"https:\/\/blog.polityka.pl\/passent\/wp-json\/wp\/v2\/posts\/1521\/revisions"}],"predecessor-version":[{"id":1524,"href":"https:\/\/blog.polityka.pl\/passent\/wp-json\/wp\/v2\/posts\/1521\/revisions\/1524"}],"wp:attachment":[{"href":"https:\/\/blog.polityka.pl\/passent\/wp-json\/wp\/v2\/media?parent=1521"}],"wp:term":[{"taxonomy":"category","embeddable":true,"href":"https:\/\/blog.polityka.pl\/passent\/wp-json\/wp\/v2\/categories?post=1521"},{"taxonomy":"post_tag","embeddable":true,"href":"https:\/\/blog.polityka.pl\/passent\/wp-json\/wp\/v2\/tags?post=1521"}],"curies":[{"name":"wp","href":"https:\/\/api.w.org\/{rel}","templated":true}]}}