
{"id":1526,"date":"2012-07-17T10:31:22","date_gmt":"2012-07-17T08:31:22","guid":{"rendered":"http:\/\/passent.blog.polityka.pl\/?p=1526"},"modified":"2012-07-17T10:31:22","modified_gmt":"2012-07-17T08:31:22","slug":"precz-z-michnikiem","status":"publish","type":"post","link":"https:\/\/blog.polityka.pl\/passent\/2012\/07\/17\/precz-z-michnikiem\/","title":{"rendered":"Precz z Michnikiem!"},"content":{"rendered":"<p>Adam Michnik doczeka\u0142 si\u0119 wreszcie pisma, kt\u00f3re jest po\u015bwi\u0119cone jego osobie, a przy tym nie jest to \u017cadna gazetka podziemna, tylko najwi\u0119kszy w Polsce organ autor\u00f3w niepokornych. Czytaj\u0105c tygodnik \u201eUwa\u017cam Rze\u201d i inne prawicowe publikacje, trudno nie si\u0119gn\u0105\u0107 po pistolet, \u017ceby nie uwolni\u0107 naszej ojczyzny od Michnika. Redaktor naczelny \u201eGazety Wyborczej\u201d sta\u0142 si\u0119 symbolem wszelkiego z\u0142a: zbrodni stalinowskich, k\u0142amstwa, korupcji, demoralizacji, partyjnictwa i innych grzech\u00f3w.<\/p>\n<p>Najnowszy numer \u201eUwa\u017cam Rze\u201d to istny festiwal Michnika. Oto niekt\u00f3re przyk\u0142ady ( wszystkich nie by\u0142em w stanie zgromadzi\u0107, bo mam ciekawsze zaj\u0119cia).<\/p>\n<p>PIOTR SEMKA w artykule o \u201elustracji genetycznej\u201d (czyli rodzicach, dziadkach i pradziadkach polityk\u00f3w i dziennikarzy) na prawicy i na lewicy, pisze: \u017ce nazwisko Michnika, kt\u00f3re by\u0142o symbolem wyzwania dla komunizmu, \u201edla pokole\u0144 pami\u0119taj\u0105cych stalinizm mog\u0142o kojarzy\u0107 si\u0119 tak\u017ce z Barbar\u0105 Michnik, autork\u0105 stalinowskich podr\u0119cznik\u00f3w historii\u201d, czy z \u201ebudz\u0105cym groz\u0119 Stefanem Michnikiem \u2013 stalinowskim prokuratorem\u2026\u201d.<\/p>\n<p>Wies\u0142aw Chrzanowski nie odrzuca\u0142 my\u015bli, \u017ce \u201ewychowanie w dru\u017cynach wolterowskich nie\u00a0 ma \u017cadnego wp\u0142ywu na \u015bwiat idei i mentalno\u015b\u0107 grupy Adama Michnika\u201d. Dzia\u0142acze ROPCiO \u201ezetkn\u0119li si\u0119 z nazwiskiem Michnika w kontek\u015bcie dzia\u0142alno\u015bci prokuratury wojskowej..\u201d<\/p>\n<p>Michnik pot\u0119pia\u0142 lustracj\u0119 . \u201eSkala niech\u0119ci wobec IPN ze strony publicyst\u00f3w \u201eGW\u201d mo\u017ce przecie\u017c by\u0107 wyt\u0142umaczona niech\u0119ci\u0105 do dezawuowania ludzi zapami\u0119tanych cz\u0119sto\u00a0 jako wujkowie lub przyjaciele rodziny\u201d.\u00a0<\/p>\n<p>BRONIS\u0141AW WILDSTEIN w artykule no rozliczaniu zbrodni komunistycznych: ksi\u0105zka Antoniego Dudka by\u0142a \u201eatakowana za pokazanie tajnych rozm\u00f3w Adama Michnika z przyw\u00f3dztwem sowieckiej partii w Moskwie w 1989 r.\u201d. O ile przodkowie reprezentant\u00f3w \u201eGW\u201d \u201eodrzucili \u017cydowsko\u015b\u0107 przyst\u0119puj\u0105c do komunizmu\u201d, o tyle ich dzieci\u00a0 z autentycznej opozycji buduj\u0105 swoj\u0105 to\u017csamo\u015b\u0107 \u201ena rezerwie wobec tradycyjnej polsko\u015bci\u201d.<\/p>\n<p>PIOTR GURSZTYN\u00a0 pisz\u0105c o Jaros\u0142awie Gowinie tak\u017ce nie zapomnia\u0142 o Michniku. \u201eSystematyczne niszczenie Gowina zacz\u0119\u0142o si\u0119 niedawno\u2026(\u2026) Michnik wytoczy\u0142 mu proces za to, \u017ce zosta\u0142 on nazwany faszyst\u0105\u2026\u201d<\/p>\n<p>BRACIA KARNOWSCY\u00a0 w rozmowie o nierozliczonych zbrodniach stalinowskich pytaj\u0105 T.M. Pu\u017ca\u0144skiego \u201eKim by\u0142 Stefan Michnik?\u201d. \u201e- To stalinowski s\u0119dzia wojskowy\u201d, \u201emorderca s\u0105dowy. Nie strzela\u0142 w ty\u0142 g\u0142owy, ale wydawa\u0142 bezpodstawne, haniebne wyroki na \u017co\u0142nierzy\u00a0 niepodleg\u0142o\u015bciowego podziemia. Skazywa\u0142 tak\u017ce na kary \u015bmierci, co najmniej kilku Polak\u00f3w patriot\u00f3w pos\u0142a\u0142 do piachu\u201d. Zygmunta Baumana, kt\u00f3ry z funkcjonariusza represji sta\u0142 si\u0119 my\u015blicielem, red. P\u0142u\u017ca\u0144ski por\u00f3wnuje do \u201eszmaty\u201d, kt\u00f3r\u0105 \u201emo\u017cna by wyciera\u0107 najbrudniejsz\u0105 pod\u0142og\u0119\u201d.<br \/>\n\u00a0<br \/>\nWALDEMAR \u0141YSIAK pastwi si\u0119 nad Salonem, w\u00a0\u00a0 kt\u00f3rym \u201eGazeta Wyborcza\u201d odgrywa t\u0119 sam\u0105 rol\u0119, jaka odgrywa\u0142a moskiewska \u201ePrawda\u201d \u2013\u0142ga\u0142a, \u0142\u017ce i \u0142ga\u0107 b\u0119dzie. \u201eJu\u017c taka si\u0119 urodzi\u0142a\u201d.<\/p>\n<p>To tylko niekt\u00f3re wypisy z \u201eUwa\u017cam Rze\u201d. W gruncie rzeczy jest to lektura krzepi\u0105ca. Wystarczy bowiem pozby\u0107 si\u0119 jednego cz\u0142owieka,\u00a0 \u017ceby Polska by\u0142a Polsk\u0105, i to Polsk\u0105 szcz\u0119\u015bliw\u0105. Jak ma\u0142o brakuje \u201eniepokornym\u201d do szcz\u0119\u015bcia!<\/p>\n","protected":false},"excerpt":{"rendered":"<p>Adam Michnik doczeka\u0142 si\u0119 wreszcie pisma, kt\u00f3re jest po\u015bwi\u0119cone jego osobie, a przy tym nie jest to \u017cadna gazetka podziemna, tylko najwi\u0119kszy w Polsce organ autor\u00f3w niepokornych. Czytaj\u0105c tygodnik \u201eUwa\u017cam Rze\u201d i inne prawicowe publikacje, trudno nie si\u0119gn\u0105\u0107 po pistolet, \u017ceby nie uwolni\u0107 naszej ojczyzny od Michnika. Redaktor naczelny \u201eGazety Wyborczej\u201d sta\u0142 si\u0119 symbolem wszelkiego [&hellip;]<\/p>\n","protected":false},"author":4,"featured_media":0,"comment_status":"open","ping_status":"open","sticky":false,"template":"","format":"standard","meta":{"footnotes":""},"categories":[1],"tags":[],"_links":{"self":[{"href":"https:\/\/blog.polityka.pl\/passent\/wp-json\/wp\/v2\/posts\/1526"}],"collection":[{"href":"https:\/\/blog.polityka.pl\/passent\/wp-json\/wp\/v2\/posts"}],"about":[{"href":"https:\/\/blog.polityka.pl\/passent\/wp-json\/wp\/v2\/types\/post"}],"author":[{"embeddable":true,"href":"https:\/\/blog.polityka.pl\/passent\/wp-json\/wp\/v2\/users\/4"}],"replies":[{"embeddable":true,"href":"https:\/\/blog.polityka.pl\/passent\/wp-json\/wp\/v2\/comments?post=1526"}],"version-history":[{"count":2,"href":"https:\/\/blog.polityka.pl\/passent\/wp-json\/wp\/v2\/posts\/1526\/revisions"}],"predecessor-version":[{"id":1528,"href":"https:\/\/blog.polityka.pl\/passent\/wp-json\/wp\/v2\/posts\/1526\/revisions\/1528"}],"wp:attachment":[{"href":"https:\/\/blog.polityka.pl\/passent\/wp-json\/wp\/v2\/media?parent=1526"}],"wp:term":[{"taxonomy":"category","embeddable":true,"href":"https:\/\/blog.polityka.pl\/passent\/wp-json\/wp\/v2\/categories?post=1526"},{"taxonomy":"post_tag","embeddable":true,"href":"https:\/\/blog.polityka.pl\/passent\/wp-json\/wp\/v2\/tags?post=1526"}],"curies":[{"name":"wp","href":"https:\/\/api.w.org\/{rel}","templated":true}]}}