
{"id":1533,"date":"2012-07-24T18:17:36","date_gmt":"2012-07-24T16:17:36","guid":{"rendered":"http:\/\/passent.blog.polityka.pl\/?p=1533"},"modified":"2012-07-24T18:17:36","modified_gmt":"2012-07-24T16:17:36","slug":"jeden-wielki-pzpn","status":"publish","type":"post","link":"https:\/\/blog.polityka.pl\/passent\/2012\/07\/24\/jeden-wielki-pzpn\/","title":{"rendered":"Jeden wielki PZPN"},"content":{"rendered":"<p>Atmosfera taka, jak gdyby rozla\u0142 si\u0119 kube\u0142 z nieczysto\u015bciami.\u00a0 W\u0142adys\u0142aw Serafin nagra\u0142 swoj\u0105 rozmow\u0119 z by\u0142ym przewodnicz\u0105cym Agencji Rynku Rolnego. Nie pierwszy raz ods\u0142oni\u0119ta zosta\u0142a stajnia Augiasza. Ju\u017c sam\u00a0 fakt nagrania jest \u017cenuj\u0105cy. \u015awiadczy o braku zaufania, o tym, \u017ce jedni kopi\u0105 do\u0142ki pod drugimi, wiedz\u0105 o nagannych praktykach i o korupcyjnych pomys\u0142ach i t\u0119 wiedz\u0119 wykorzystuj\u0105 przeciwko sobie, a nie dla dobra publicznego. Nagrywanie, czy to rozm\u00f3w pos\u0142a Lipi\u0144skiego z pos\u0142ank\u0105 Begerow\u0105, czy w\u015br\u00f3d dzia\u0142aczy PSL, ujawnia poziom tych ludzi, delikatnie m\u00f3wi\u0105c, smutny. Cz\u0142owiekowi wydaje si\u0119, \u017ce politycy, parlamentarzy\u015bci, to osoby na poziomie. Tymczasem zewsz\u0105d , w tym i\u017c z ta\u015bm wynika, \u017ce nie brak prostactwa. Ujawniane ta\u015bmy odkrywaj\u0105 prawd\u0119 o \u017cyciu politycznym, o niskich celach i metodach. Co innego, gdy cz\u0142owiek nagrywa rozmow\u0119 czy wydarzenie i oddaje nagranie prokuraturze, co innego gdy korzysta z tak zdobytego materia\u0142u dla w\u0142asnych cel\u00f3w. Wszystko inne (w\u0142\u0105cznie z trwaj\u0105cym p\u00f3\u0142 roku w\u0142asnym \u015bledztwem \u201eGazety\u201d w sprawie Rywina) to ju\u017c \u201eszara strefa\u201d. Ujawniane ta\u015bmy zniech\u0119caj\u0105 do polityki, do udzia\u0142u w \u017cyciu publicznym<\/p>\n<p>Og\u0142oszona przez \u201eGazet\u0119 Wyborcz\u0105\u201d lista zatrudnionych w Mazowieckiej Jednostce Wdra\u017cania Program\u00f3w Unijnych, gdzie a\u017c roi si\u0119 od os\u00f3b zwi\u0105zanych z Platform\u0105 Obywatelsk\u0105,\u00a0 wo\u0142a o pomst\u0119 do nieba. Wszak to jest tylko jeden przyk\u0142ad. Nawet je\u017celi wszystkie partie maj\u0105 na sumieniu podobne dokonania, to w przypadku Platformy budzi to szczeg\u00f3lny niesmak, zw\u0142aszcza tych, kt\u00f3rzy pok\u0142adali w niej nadziej\u0119. Wszak to premier Tusk m\u00f3wi\u0142 kilka dni temu, w kontek\u015bcie ta\u015bm Serafina, o przyzwoito\u015bci. Walk\u0119 o przyzwoito\u015b\u0107 Platforma powinna prowadzi\u0107 przede wszystkim we w\u0142asnych szeregach, i u swojego koalicjanta.<\/p>\n<p>Na tym tle mniej istotne jest, kiedy premier powo\u0142a ministra rolnictwa, a tak\u017ce do kt\u00f3rej partii b\u0119dzie nale\u017ca\u0142 ten resort. Jak usun\u0105\u0107 prywat\u0119 i partyjnictwo z \u017cycia publicznego \u2013 oto jest pytanie.\u00a0\u00a0 Liczenie na elementarn\u0105 przyzwoito\u015b\u0107 i pow\u015bci\u0105gliwo\u015b\u0107 ewidentnie nie wystarcza. Cale szcz\u0119\u015bcie, \u017ce istniej\u0105 wolne media, ale to\u00a0 za ma\u0142o. Opozycja, przede wszystkim PiS, od lat grzmi na temat korupcji, uk\u0142ad\u00f3w, zaw\u0142aszczania pa\u0144stwa, ale ujawniane po kolei afery nie s\u0105 wystarczaj\u0105cym ostrze\u017ceniem. Cz\u0119sto mamy do czynienia z \u0142amaniem zasad przyzwoito\u015bci, a nie z \u0142amaniem prawa. Powo\u0142anie niezale\u017cnej (?) komisji do zatwierdzania kandydatur do zarz\u0105d\u00f3w czy rad nadzorczych sp\u00f3\u0142ek pa\u0144stwowych to krok we w\u0142a\u015bciwym kierunku, ale by\u0142oby lepiej, gdyby sk\u0142ad komisji zatwierdza\u0142 Sejm, a nie \u017ceby\u00a0 by\u0142o z g\u00f3ry wiadomo, \u017ce na jej czele stanie jeden z najbardziej zaufanych ludzi Donalda Tuska \u2013 Jan Krzysztof Bielecki.<\/p>\n<p>Ch\u0119tnie bym widzia\u0142, jak partie polityczne (zw\u0142aszcza te u w\u0142adzy) stawiaj\u0105 przed swoim s\u0105dami partyjnymi osoby, kt\u00f3re \u0142ami\u0105 normy przyzwoito\u015bci politycznej. Kiedy\u015b Tusk z powodu tego typu sprawy rozsta\u0142 si\u0119 z Zyt\u0105 Gilowsk\u0105. Czy\u017cby od tamtego czasu wszystko by\u0142o w porz\u0105dku? Czasami wydaje si\u0119, \u017ce Polska to jeden wielki PZPN.<\/p>\n<p>I jak tu mie\u0107 zaufanie do polityk\u00f3w, je\u015bli b. minister Grad ma na nowym stanowisku zarabia\u0107 110 tys. z\u0142otych miesi\u0119cznie. Zawsze kiedy si\u0119 kwestionuje tak wysokie zarobki, pojawia si\u0119\u00a0 argument, \u017ce sektor prywatny oferuje mu wi\u0119cej. Skutek: najlepsi id\u0105 do sektora prywatnego. Najgorsi zostaj\u0105 w PZPN. R\u0119ce opadaj\u0105.<\/p>\n","protected":false},"excerpt":{"rendered":"<p>Atmosfera taka, jak gdyby rozla\u0142 si\u0119 kube\u0142 z nieczysto\u015bciami.\u00a0 W\u0142adys\u0142aw Serafin nagra\u0142 swoj\u0105 rozmow\u0119 z by\u0142ym przewodnicz\u0105cym Agencji Rynku Rolnego. Nie pierwszy raz ods\u0142oni\u0119ta zosta\u0142a stajnia Augiasza. Ju\u017c sam\u00a0 fakt nagrania jest \u017cenuj\u0105cy. \u015awiadczy o braku zaufania, o tym, \u017ce jedni kopi\u0105 do\u0142ki pod drugimi, wiedz\u0105 o nagannych praktykach i o korupcyjnych pomys\u0142ach i t\u0119 [&hellip;]<\/p>\n","protected":false},"author":4,"featured_media":0,"comment_status":"open","ping_status":"open","sticky":false,"template":"","format":"standard","meta":{"footnotes":""},"categories":[1],"tags":[],"_links":{"self":[{"href":"https:\/\/blog.polityka.pl\/passent\/wp-json\/wp\/v2\/posts\/1533"}],"collection":[{"href":"https:\/\/blog.polityka.pl\/passent\/wp-json\/wp\/v2\/posts"}],"about":[{"href":"https:\/\/blog.polityka.pl\/passent\/wp-json\/wp\/v2\/types\/post"}],"author":[{"embeddable":true,"href":"https:\/\/blog.polityka.pl\/passent\/wp-json\/wp\/v2\/users\/4"}],"replies":[{"embeddable":true,"href":"https:\/\/blog.polityka.pl\/passent\/wp-json\/wp\/v2\/comments?post=1533"}],"version-history":[{"count":2,"href":"https:\/\/blog.polityka.pl\/passent\/wp-json\/wp\/v2\/posts\/1533\/revisions"}],"predecessor-version":[{"id":1535,"href":"https:\/\/blog.polityka.pl\/passent\/wp-json\/wp\/v2\/posts\/1533\/revisions\/1535"}],"wp:attachment":[{"href":"https:\/\/blog.polityka.pl\/passent\/wp-json\/wp\/v2\/media?parent=1533"}],"wp:term":[{"taxonomy":"category","embeddable":true,"href":"https:\/\/blog.polityka.pl\/passent\/wp-json\/wp\/v2\/categories?post=1533"},{"taxonomy":"post_tag","embeddable":true,"href":"https:\/\/blog.polityka.pl\/passent\/wp-json\/wp\/v2\/tags?post=1533"}],"curies":[{"name":"wp","href":"https:\/\/api.w.org\/{rel}","templated":true}]}}