
{"id":1555,"date":"2012-08-14T21:05:11","date_gmt":"2012-08-14T19:05:11","guid":{"rendered":"http:\/\/passent.blog.polityka.pl\/?p=1555"},"modified":"2012-08-14T21:05:11","modified_gmt":"2012-08-14T19:05:11","slug":"michal-zawinil-%e2%80%93-donalda-powiesili","status":"publish","type":"post","link":"https:\/\/blog.polityka.pl\/passent\/2012\/08\/14\/michal-zawinil-%e2%80%93-donalda-powiesili\/","title":{"rendered":"Micha\u0142 zawini\u0142 \u2013 Donalda powiesili"},"content":{"rendered":"<p>Podczas swojej sp\u00f3\u017anionej (dos\u0142ownie i w przeno\u015bni) konferencji prasowej, premier Tusk zaapelowa\u0142 do dziennikarzy, \u017ceby atakowali jego, a nie syna. Niestety, nie mog\u0119 przychyli\u0107 si\u0119 do tej pro\u015bby. Win\u0119 za \u201eMicha\u0142 Tuskgate\u201d ponosi bowiem syn, a nie ojciec. Donald Tusk zrobi\u0142 to, co zrobi\u0142oby wielu ojc\u00f3w na jego miejscu \u2013 ostrzeg\u0142 syna, \u017ceby nie wi\u0105za\u0142 si\u0119 z szemran\u0105 firm\u0105, a w\u0142a\u015bciwie z lini\u0105 lotnicz\u0105, kt\u00f3ra nale\u017cy do szemranej firmy, nale\u017c\u0105cej z kolei do osoby skazanej. Teraz, kiedy mleko si\u0119 rozla\u0142o, niejeden uwa\u017ca, \u017ce Donald Tusk powinien by\u0142 by\u0107 bardziej stanowczy, ale wtedy premier zachowa\u0142 si\u0119 tak jak wielu ojc\u00f3w \u2013 nie chcia\u0142 ryzykowa\u0107 pogorszenia stosunk\u00f3w z synem, kt\u00f3ry formalnie jest doros\u0142y, sam ma dzieci, ale faktycznie, jak wynika z zachowa\u0144 i wypowiedzi dla medi\u00f3w,\u00a0 nie jest specjalnie dojrza\u0142y. Nie widz\u0119 powodu, \u017ceby skaka\u0107 na ojca kiedy winien jest syn. Dla medi\u00f3w to, oczywi\u015bcie, gratka: \u201eOszust pogr\u0105\u017ca syna premiera\u201d (Super Express), \u201eSyn premiera w z\u0142otym interesie\u201d (Gazeta Polska). Taka jest natura medi\u00f3w i gdyby podobne powi\u0105zania mia\u0142a Marta Kaczy\u0144ska lub jej m\u0105\u017c \u2013 by\u0142oby podobnie, cho\u0107 inne u\u017cywa\u0142yby sobie wtedy media.<\/p>\n<p>Micha\u0142 Tusk ma racj\u0119, \u017ce gdyby nie nazywa\u0142 si\u0119 Tusk, pies z kulaw\u0105 nog\u0105\u00a0 nie zwr\u00f3ci\u0142by na to uwagi, ale na to nie ma ju\u017c rady. Micha\u0142a Tuska obowi\u0105zywa\u0142a i nadal obowi\u0105zuje szczeg\u00f3lna wra\u017cliwo\u015b\u0107 oraz czujno\u015b\u0107. Powinien by\u0142 by\u0107 \u015bwiadomy, \u017ce ryzykuje\u00a0 nie tylko swoj\u0105 reputacj\u0119, daje mediom i opozycji bro\u0144 do r\u0119ki. Pope\u0142nia\u0142 b\u0142\u0105d za b\u0142\u0119dem. Ma\u0142e to by\u0142y b\u0142\u0119dy, ale jednak nie by\u0142 w porz\u0105dku, kiedy dla swoich korzy\u015bci usi\u0142owa\u0142 pogodzi\u0107 role nie do pogodzenia \u2013 niezale\u017cnego dziennikarza, pracownika portu lotniczego i wsp\u00f3\u0142pracownika prywatnej linii lotniczej. S\u0142usznie pisze redaktor naczelny \u201eGW \u2013 Gda\u0144sk\u201d, \u017ce Micha\u0142 Tusk si\u0119 pogubi\u0142. Zosta\u0142 ju\u017c surowo ukarany.<\/p>\n<p>Donald Tusk mo\u017ce \u017ca\u0142owa\u0107, \u017ce poruszy\u0142 spraw\u0119 syna ministra Kalemby. By\u0142 to b\u0142\u0105d, ale nie dlatego, \u017ce naprowadzi\u0142 media na trop swojego syna, tylko dlatego, \u017ce\u00a0 nie walczy si\u0119 z nepotyzmem wskazuj\u0105c palcem na syna swojego ministra. Zar\u00f3wno syn Kalemby, jak i syn Tuska, s\u0105 doro\u015bli. Pierwszy\u00a0 nie zrobi\u0142 nic z\u0142ego i tylko z winy premiera Tuska trafi\u0142 na pierwsze strony gazet. Drugi chcia\u0142 trzyma\u0107 zbyt wiele srok za ogon i teraz zbiera ci\u0119gi.<\/p>\n<p>Wa\u017cniejsze s\u0105 wnioski szerszej natury. Przede wszystkim nieskuteczny wymiar sprawiedliwo\u015bci, kt\u00f3ry pomimo kilku wyrok\u00f3w nie zawr\u00f3ci\u0142 pana Plichty ze z\u0142ej drogi, nara\u017caj\u0105c dziesi\u0105tki tysi\u0119cy ludzi. Po drugie \u2013 luki w prawie. Je\u017celi prokuratura dzisiaj o\u015bwiadcza, \u017ce na razie sprawie Amber Gold nie trafi\u0142a na dowody przest\u0119pstwa, to co\u015b jest nie w porz\u0105dku. Jak mo\u017cna oszuka\u0107 tylu niewinnych ludzi nie wchodz\u0105c w konflikt z prawem? Po trzecie &#8211;\u00a0 naiwno\u015b\u0107 ludzka nie zna granic (mam\u00a0 na my\u015bli ludzi, kt\u00f3rzy zaufali firmie Plichty). Po czwarte \u2013 syn Cezara musi by\u0107 poza wszelkim podejrzeniem.<\/p>\n<p>Jak to si\u0119 wszystko sko\u0144czy? Donald Tusk wyjdzie z afery ca\u0142y, ale os\u0142abiony. Komisja \u015bledcza w Sejmie nie powstanie, by\u0142by to tylko cyrk, podobnie jak inne komisje. Afera ujawnia s\u0142abo\u015b\u0107 pa\u0144stwa polskiego, jego s\u0142u\u017cb, Komisji Nadzoru Finansowego, a nawet medi\u00f3w, kt\u00f3re nie bi\u0142y na alarm z powodu Amber Gold. Za wszystko zap\u0142ac\u0105 naiwni,\u00a0 drobni ciu\u0142acze.<\/p>\n","protected":false},"excerpt":{"rendered":"<p>Podczas swojej sp\u00f3\u017anionej (dos\u0142ownie i w przeno\u015bni) konferencji prasowej, premier Tusk zaapelowa\u0142 do dziennikarzy, \u017ceby atakowali jego, a nie syna. Niestety, nie mog\u0119 przychyli\u0107 si\u0119 do tej pro\u015bby. Win\u0119 za \u201eMicha\u0142 Tuskgate\u201d ponosi bowiem syn, a nie ojciec. Donald Tusk zrobi\u0142 to, co zrobi\u0142oby wielu ojc\u00f3w na jego miejscu \u2013 ostrzeg\u0142 syna, \u017ceby nie wi\u0105za\u0142 [&hellip;]<\/p>\n","protected":false},"author":4,"featured_media":0,"comment_status":"open","ping_status":"open","sticky":false,"template":"","format":"standard","meta":{"footnotes":""},"categories":[1],"tags":[],"_links":{"self":[{"href":"https:\/\/blog.polityka.pl\/passent\/wp-json\/wp\/v2\/posts\/1555"}],"collection":[{"href":"https:\/\/blog.polityka.pl\/passent\/wp-json\/wp\/v2\/posts"}],"about":[{"href":"https:\/\/blog.polityka.pl\/passent\/wp-json\/wp\/v2\/types\/post"}],"author":[{"embeddable":true,"href":"https:\/\/blog.polityka.pl\/passent\/wp-json\/wp\/v2\/users\/4"}],"replies":[{"embeddable":true,"href":"https:\/\/blog.polityka.pl\/passent\/wp-json\/wp\/v2\/comments?post=1555"}],"version-history":[{"count":2,"href":"https:\/\/blog.polityka.pl\/passent\/wp-json\/wp\/v2\/posts\/1555\/revisions"}],"predecessor-version":[{"id":1557,"href":"https:\/\/blog.polityka.pl\/passent\/wp-json\/wp\/v2\/posts\/1555\/revisions\/1557"}],"wp:attachment":[{"href":"https:\/\/blog.polityka.pl\/passent\/wp-json\/wp\/v2\/media?parent=1555"}],"wp:term":[{"taxonomy":"category","embeddable":true,"href":"https:\/\/blog.polityka.pl\/passent\/wp-json\/wp\/v2\/categories?post=1555"},{"taxonomy":"post_tag","embeddable":true,"href":"https:\/\/blog.polityka.pl\/passent\/wp-json\/wp\/v2\/tags?post=1555"}],"curies":[{"name":"wp","href":"https:\/\/api.w.org\/{rel}","templated":true}]}}