
{"id":1558,"date":"2012-08-17T17:05:50","date_gmt":"2012-08-17T15:05:50","guid":{"rendered":"http:\/\/passent.blog.polityka.pl\/?p=1558"},"modified":"2012-08-17T17:05:50","modified_gmt":"2012-08-17T15:05:50","slug":"gosc-w-dom%e2%80%a6","status":"publish","type":"post","link":"https:\/\/blog.polityka.pl\/passent\/2012\/08\/17\/gosc-w-dom%e2%80%a6\/","title":{"rendered":"Go\u015b\u0107 w dom\u2026"},"content":{"rendered":"<p>Je\u015bli chodzi o wizyt\u0119 patriarchy Cyryla w Polsce, to jestem za, ale mam pytania.<\/p>\n<p>ZA: Jestem za zbli\u017ceniem Polski i Rosji, maj\u0105c na my\u015bli wszystkie narodowo\u015bci, ludzi rozmaitych wyzna\u0144, a tak\u017ce\u00a0 niewierz\u0105cych, zamieszkuj\u0105cych oba kraje. Mniej mnie w tej chwili obchodzi sojusz o\u0142tarza i tronu w Rosji, traktowanie Polski jako etapu w drodze do Watykanu, lub papie\u017ca do Moskwy, czy udzia\u0142 rozmaitych os\u00f3b, kt\u00f3re mog\u0105 si\u0119 komu\u015b nie podoba\u0107, w pracach nad wsp\u00f3lnym przes\u0142aniem. Liczy si\u0119 przede wszystkim fakt, \u017ce Rosjanie i Polacy wyci\u0105gaj\u0105 do siebie r\u0119k\u0119.<\/p>\n<p>Podoba mi si\u0119 nast\u0119puj\u0105cy fragment artyku\u0142u Hilariona -metropolity wo\u0142oko\u0142amskiego \u2013 w \u201eGazecie Wyborczej\u201d (podkre\u015blenie w tek\u015bcie moje):<br \/>\n\u201ePodpisuj\u0105c wsp\u00f3lny dokument, chrze\u015bcija\u0144scy przyw\u00f3dcy Rosji i Polski podejmuj\u0105 wa\u017cny krok na drodze umocnienia przyja\u017ani i wsp\u00f3\u0142pracy naszych narod\u00f3w, a robi\u0105 to NA PRZEK\u00d3R TYM POLITYKOM, KT\u00d3RZY UWA\u017bAJ\u0104 WZAJEMNE KRZYWDY ZA PRZEDMIOT TARG\u00d3W. Wed\u0142ug nas takie podej\u015bcie nie da si\u0119 pogodzi\u0107 z pami\u0119ci\u0105 o wielu, wielu ludziach, kt\u00f3rych rosyjsko-polska wrogo\u015b\u0107 pozbawi\u0142a \u017cycia\u201d.<\/p>\n<p>PYTANIA. Nie podoba mi si\u0119 tytu\u0142 artyku\u0142u (\u201eEUROPA TYLKO Z KRZY\u017bEM\u201d), poniewa\u017c nie uwa\u017cam, \u017ce agnostycy i ludzie innych ni\u017c chrze\u015bcija\u0144skie religii, s\u0105 gorszymi Europejczykami. Potworne zbrodnie w Europie wykonywano zar\u00f3wno pod has\u0142em, \u017ce \u201ereligia to opium dla mas\u201d, jak i pod has\u0142em \u201eGott mit uns\u201d. Metropolita Hiparion uwa\u017ca, \u017ce poza religi\u0105 chrze\u015bcija\u0144sk\u0105 Europejczyk nie znajdzie odpowiedzi na podstawowe pytania egzystencjalne. Mog\u0119 to zrozumie\u0107. Natomiast nie odpowiada mi, \u017ce Hilarion pisze o \u201edoprowadzonym do absurdu wyobra\u017ceniu wolno\u015bci\u201d, widzi w nim \u201ezagro\u017cenie dla ca\u0142ej kultury chrze\u015bcija\u0144skiej\u201d. \u2013 Dlaczego symbole chrze\u015bcija\u0144skie tak dra\u017cni\u0105\u00a0 niewierz\u0105cych? \u2013 pyta Hilarion. Ano dlatego, \u017ce symbole chrze\u015bcija\u0144skie nie wszyscy uznaj\u0105 za swoje, \u017ce nie wszystkim kojarz\u0105 si\u0119 dobrze, \u017ce wreszcie wielu z nas jest za rozdzia\u0142em Ko\u015bcio\u0142a i Pa\u0144stwa (t\u0119 autonomi\u0119 uznaje si\u0119 tak\u017ce w podpisanym przes\u0142aniu).\u00a0 Nie wszyscy chc\u0105 si\u0119 rodzi\u0107 i umiera\u0107 pod znakiem jakiejkolwiek religii. Nie wszyscy czuj\u0105 si\u0119 dobrze w pa\u0144stwie wyznaniowym.<\/p>\n<p>\u201eNiestety, w wi\u0119kszo\u015bci kraj\u00f3w Europy\u00a0 triumfuje formalne podej\u015bcie do poj\u0119cia wolno\u015bci cz\u0142owieka \u2013 pisze Hilarion. Skazana grzechem \u015bwiadomo\u015b\u0107 ludzi pod pretekstem obrony wolno\u015bci wyboru prowadzi wprost do samozniszczenia. Najdobitniejszym\u00a0 \u015bwiadectwem tego jest demograficzna rzeczywisto\u015b\u0107 naszych dni. Propaganda tak zwanej wolnej mi\u0142o\u015bci, legalizacja prostytucji i wsp\u00f3\u0142\u017cycia jednop\u0142ciowych par w wielu pa\u0144stwach Europy przekszta\u0142caj\u0105 tradycyjn\u0105 rodzin\u0119\u00a0 w coraz s\u0142absz\u0105 instytucj\u0119\u201d.<\/p>\n<p>Metropolita jak gdyby ostrzega, \u017ce widmo kr\u0105\u017cy po Europie \u2013 widmo rozpasanej wolno\u015bci, niczym nie ograniczonej. Wolno\u015bci bez warto\u015bci chrze\u015bcija\u0144skich. Dlatego prawos\u0142awny hierarcha nawo\u0142uje, aby \u201enie pozwala\u0107 silom zewn\u0119trznym manipulowa\u0107 dziel\u0105cymi nas sprzeczno\u015bciami\u201d, pisze o \u201ezewn\u0119trznym dyktacie\u201d oraz presji \u201emi\u0119dzynarodowych struktur europejskich\u201d.<\/p>\n<p>To\u00a0 w artykule metropolity nie\u00a0 bardzo mi si\u0119 podoba. Jestem za Europ\u0105 ludzi wolnych, wierz\u0119 w ich samostanowienie, dostrzegam zagro\u017cenia, jakie niesie z sob\u0105 wolno\u015b\u0107, ale wol\u0119 \u017cy\u0107 w kraju i w spo\u0142ecze\u0144stwie pluralistycznym, otwartym na Europ\u0119.<\/p>\n","protected":false},"excerpt":{"rendered":"<p>Je\u015bli chodzi o wizyt\u0119 patriarchy Cyryla w Polsce, to jestem za, ale mam pytania. ZA: Jestem za zbli\u017ceniem Polski i Rosji, maj\u0105c na my\u015bli wszystkie narodowo\u015bci, ludzi rozmaitych wyzna\u0144, a tak\u017ce\u00a0 niewierz\u0105cych, zamieszkuj\u0105cych oba kraje. Mniej mnie w tej chwili obchodzi sojusz o\u0142tarza i tronu w Rosji, traktowanie Polski jako etapu w drodze do Watykanu, [&hellip;]<\/p>\n","protected":false},"author":4,"featured_media":0,"comment_status":"open","ping_status":"open","sticky":false,"template":"","format":"standard","meta":{"footnotes":""},"categories":[1],"tags":[],"_links":{"self":[{"href":"https:\/\/blog.polityka.pl\/passent\/wp-json\/wp\/v2\/posts\/1558"}],"collection":[{"href":"https:\/\/blog.polityka.pl\/passent\/wp-json\/wp\/v2\/posts"}],"about":[{"href":"https:\/\/blog.polityka.pl\/passent\/wp-json\/wp\/v2\/types\/post"}],"author":[{"embeddable":true,"href":"https:\/\/blog.polityka.pl\/passent\/wp-json\/wp\/v2\/users\/4"}],"replies":[{"embeddable":true,"href":"https:\/\/blog.polityka.pl\/passent\/wp-json\/wp\/v2\/comments?post=1558"}],"version-history":[{"count":2,"href":"https:\/\/blog.polityka.pl\/passent\/wp-json\/wp\/v2\/posts\/1558\/revisions"}],"predecessor-version":[{"id":1560,"href":"https:\/\/blog.polityka.pl\/passent\/wp-json\/wp\/v2\/posts\/1558\/revisions\/1560"}],"wp:attachment":[{"href":"https:\/\/blog.polityka.pl\/passent\/wp-json\/wp\/v2\/media?parent=1558"}],"wp:term":[{"taxonomy":"category","embeddable":true,"href":"https:\/\/blog.polityka.pl\/passent\/wp-json\/wp\/v2\/categories?post=1558"},{"taxonomy":"post_tag","embeddable":true,"href":"https:\/\/blog.polityka.pl\/passent\/wp-json\/wp\/v2\/tags?post=1558"}],"curies":[{"name":"wp","href":"https:\/\/api.w.org\/{rel}","templated":true}]}}