
{"id":1562,"date":"2012-08-20T23:09:48","date_gmt":"2012-08-20T21:09:48","guid":{"rendered":"http:\/\/passent.blog.polityka.pl\/?p=1562"},"modified":"2012-08-20T23:09:48","modified_gmt":"2012-08-20T21:09:48","slug":"gdzie-jest-prezes","status":"publish","type":"post","link":"https:\/\/blog.polityka.pl\/passent\/2012\/08\/20\/gdzie-jest-prezes\/","title":{"rendered":"Gdzie jest prezes?"},"content":{"rendered":"<p>Media prorz\u0105dowe, zwane r\u00f3wnie\u017c mediami g\u0142\u00f3wnego nurtu, czyli po prostu\u00a0 michnikowo-tuskowe, spragnione s\u0105 prezesa Kaczy\u0144skiego. Zewsz\u0105d s\u0142ycha\u0107 pytanie \u2013 gdzie jest prezes? Dlaczego milczy? \u2013 To b\u0142\u0105d \u2013 powiedzia\u0142a nawet prof. Staniszkis, sk\u0105din\u0105d mi\u0142o\u015bniczka prezesa. Patriarcha Cyryl przyjecha\u0142 \u2013 prezesa nie ma. Z\u0142oto ukradli \u2013 prezesa nie ma. Tusk w opa\u0142ach \u2013 prezesa\u00a0 nie ma. A jak nie ma prezesa, to PiS milczy. Milczy kamerton to milczy i partia. Miauczy tylko o konflikcie pos\u0142a Hofmana z kotem prezesa. Wbrew temu, co utrzymuj\u0105 tzw media niezale\u017cne i dziennikarze niepokorni, kt\u00f3rzy twierdz\u0105, \u017ce rz\u0105d chce zamilcze\u0107 opozycj\u0119 na \u015bmier\u0107, TVN, TVP, Newsweek, Wprost, Polityka, Wyborcza \u2013 wszyscy\u00a0 marz\u0105 o tym, \u017ceby prezes si\u0119 objawi\u0142, \u017ceby cho\u0107 jeden wywiad, jedno zdanie, jeden cytat. Wywiad z prezesem to zdobycz cenniejsza\u00a0 ni\u017c rozmowa z Dod\u0105. A prezes milczy. Nawet \u201eUwa\u017cam Rze\u201d, \u201eGazeta Polska\u201d codziennie i co drugi dzie\u0144 \u2013 musz\u0105\u00a0 dawa\u0107 sobie rad\u0119 bez prezesa.<\/p>\n<p>Pozostaje tzw. \u201edrugi obieg\u201d Ewy Stankiewicz, Zdzis\u0142awa Krasnod\u0119bskiego, Micha\u0142a Karnowskiego i innych niepokornych. Dla tych z pa\u0144stwa, kt\u00f3rzy\u00a0 nie pami\u0119taj\u0105 co to jest \u201edrugi obieg\u201d, kilka pouczaj\u0105cych cytat\u00f3w:<\/p>\n<p>\u201ePo tragedii smole\u0144skiej w Polsce powsta\u0142o zjawisko troch\u0119 przypominaj\u0105ce drugi obieg medi\u00f3w lat 80. To optymistyczne i na to b\u0119dziemy stawia\u0107\u201d. (Jaros\u0142aw Kaczy\u0144ski, prezes PiS).<\/p>\n<p>\u201eWiemy, \u017ce poprzednie wybory zosta\u0142y sfa\u0142szowane.\u00a0\u00a0 (\u2026) Z demokracj\u0105 w Polsce po\u017cegnali\u015bmy si\u0119 ju\u017c dawno.\u00a0 Najwi\u0119kszym problemem jest propaganda medi\u00f3w, kt\u00f3ra u wielu Polak\u00f3w doprowadzi\u0142a do oderwania rozumu od rzeczywisto\u015bci. (\u2026) Tusk jest albo kompletnym\u00a0 nieudacznikiem, albo zdrajc\u0105\u201d.\u00a0 (Ewa Stankiewicz,\u00a0 dokumentalistka, publicystka, Solidarni 2010).<\/p>\n<p>\u201eObecny \u2018drugi obieg\u2019 zrodzi\u0142a ta sama co kiedy\u015b potrzeba informacji, nieskr\u0119powanej dyskusji i kontrolowania rz\u0105dz\u0105cych. Znowu has\u0142o \u2018prasa k\u0142amie\u2019 nabra\u0142o w jak\u017ce wielu przypadkach aktualno\u015bci, bo te\u017c rozbrajanie wiadomo\u015bci negatywnych dla rz\u0105du, dyfamacja opozycji i dezinformacja nale\u017c\u0105 do g\u0142\u00f3wnych zada\u0144 prorz\u0105dowych medi\u00f3w, a wi\u0119c olbrzymiej wi\u0119kszo\u015bci medi\u00f3w w Polsce\u201d. (Zdzis\u0142aw Krasnod\u0119bski, profesor).<\/p>\n<p>\u201eCo jest z punktu widzenia Polak\u00f3w \u2013 patriot\u00f3w wa\u017cniejsze, jaki konkretny znak \u2013 nie wyst\u0119powa\u0107 wcale, czy te\u017c wyprodukowa\u0107 porz\u0105dne dzie\u0142o, napakowane porz\u0105dn\u0105 tre\u015bci\u0105 i wej\u015b\u0107 na jeden z trzech og\u00f3lnopolskich kana\u0142\u00f3w, z kt\u00f3rych ka\u017cdy \u015bmierdzi podobnie\u201d. (Wojciech Cejrowski, dziennikarz, podr\u00f3\u017cnik).<\/p>\n<p>\u201eLiczba ludzi zaanga\u017cowanych dzi\u015b w aktywne obalanie III RP na razie w sferze kultury i symboli oraz ich pasja czyni \u2018drugi obieg\u2019 znacznie silniejszym i niepor\u00f3wnanie bardziej tw\u00f3rczym od pierwszego\u201d. (Rafa\u0142 Ziemkiewicz, publicysta, pisarz).<\/p>\n<p>Potrzeba informacji, o kt\u00f3rej pisze prof. Krasnod\u0119bski, jest rzeczywi\u015bcie dojmuj\u0105ca. Jedn\u0105 z nich jest informacja gdzie jest prezes. By\u0107 mo\u017ce prezes milczy celowo.\u00a0 Nie chce narazi\u0107 si\u0119 Ko\u015bcio\u0142owi i krytykowa\u0107 pojednania z ko\u015bcio\u0142em prawos\u0142awnym. Nie chce te\u017c poprze\u0107 wizyty Cyryla, \u017ceby nie dra\u017cni\u0107 krytyk\u00f3w cerkwi i patriarchy. A w sprawie Amber Gold i \u201eafery Tuska\u201d czas pracuje dla prezesa, potwierdza jego opinie o s\u0142abym pa\u0144stwie i \u0142\u017ce &#8211; elicie? Wiec mo\u017ce milczy s\u0142usznie i to w obu obiegach.<\/p>\n","protected":false},"excerpt":{"rendered":"<p>Media prorz\u0105dowe, zwane r\u00f3wnie\u017c mediami g\u0142\u00f3wnego nurtu, czyli po prostu\u00a0 michnikowo-tuskowe, spragnione s\u0105 prezesa Kaczy\u0144skiego. Zewsz\u0105d s\u0142ycha\u0107 pytanie \u2013 gdzie jest prezes? Dlaczego milczy? \u2013 To b\u0142\u0105d \u2013 powiedzia\u0142a nawet prof. Staniszkis, sk\u0105din\u0105d mi\u0142o\u015bniczka prezesa. Patriarcha Cyryl przyjecha\u0142 \u2013 prezesa nie ma. Z\u0142oto ukradli \u2013 prezesa nie ma. Tusk w opa\u0142ach \u2013 prezesa\u00a0 nie ma. [&hellip;]<\/p>\n","protected":false},"author":4,"featured_media":0,"comment_status":"open","ping_status":"open","sticky":false,"template":"","format":"standard","meta":{"footnotes":""},"categories":[1],"tags":[],"_links":{"self":[{"href":"https:\/\/blog.polityka.pl\/passent\/wp-json\/wp\/v2\/posts\/1562"}],"collection":[{"href":"https:\/\/blog.polityka.pl\/passent\/wp-json\/wp\/v2\/posts"}],"about":[{"href":"https:\/\/blog.polityka.pl\/passent\/wp-json\/wp\/v2\/types\/post"}],"author":[{"embeddable":true,"href":"https:\/\/blog.polityka.pl\/passent\/wp-json\/wp\/v2\/users\/4"}],"replies":[{"embeddable":true,"href":"https:\/\/blog.polityka.pl\/passent\/wp-json\/wp\/v2\/comments?post=1562"}],"version-history":[{"count":2,"href":"https:\/\/blog.polityka.pl\/passent\/wp-json\/wp\/v2\/posts\/1562\/revisions"}],"predecessor-version":[{"id":1564,"href":"https:\/\/blog.polityka.pl\/passent\/wp-json\/wp\/v2\/posts\/1562\/revisions\/1564"}],"wp:attachment":[{"href":"https:\/\/blog.polityka.pl\/passent\/wp-json\/wp\/v2\/media?parent=1562"}],"wp:term":[{"taxonomy":"category","embeddable":true,"href":"https:\/\/blog.polityka.pl\/passent\/wp-json\/wp\/v2\/categories?post=1562"},{"taxonomy":"post_tag","embeddable":true,"href":"https:\/\/blog.polityka.pl\/passent\/wp-json\/wp\/v2\/tags?post=1562"}],"curies":[{"name":"wp","href":"https:\/\/api.w.org\/{rel}","templated":true}]}}