
{"id":1573,"date":"2012-08-29T18:07:33","date_gmt":"2012-08-29T16:07:33","guid":{"rendered":"http:\/\/passent.blog.polityka.pl\/?p=1573"},"modified":"2012-08-29T18:07:33","modified_gmt":"2012-08-29T16:07:33","slug":"tlusty-czwartek-w-sejmie","status":"publish","type":"post","link":"https:\/\/blog.polityka.pl\/passent\/2012\/08\/29\/tlusty-czwartek-w-sejmie\/","title":{"rendered":"T\u0142usty czwartek w Sejmie"},"content":{"rendered":"<p>To dobrze, \u017ce afera Amber Gold b\u0119dzie omawiana w Sejmie.\u00a0 Nie jest to afera wielka, zgadzam si\u0119 w tym wzgl\u0119dzie z profesorem Wnukiem-Lipi\u0144skim, ale jednak to i owo odkry\u0142a. Przede wszystkim niekompetencj\u0119, brak wyobra\u017ani, z\u0142e funkcjonowanie systemu wymiaru sprawiedliwo\u015bci, wady w ustroju prokuratury i \u2013 chyba \u2013 w orzecznictwie s\u0105d\u00f3w.<\/p>\n<p>Nie s\u0105dz\u0119, \u017ceby informacje z\u0142o\u017cone przez premiera i przez prokuratora generalnego w Sejmie zawiera\u0142y wi\u0119ksze\u00a0 rewelacje. Sprawa i tak jest bulwersuj\u0105ca ze wzgl\u0119du na krzywd\u0119 tysi\u0119cy ludzi, bezczelno\u015b\u0107\u00a0 m\u0142odego aferzysty, bezsilno\u015b\u0107 wymiaru sprawiedliwo\u015bci, a na obrze\u017cu sprawy \u2013 syna premiera, kt\u00f3ry z sam\u0105 afer\u0105 Amber Gold nie ma nic wsp\u00f3lnego, ale sam zachowa\u0142 si\u0119 nieodpowiednio, a ponadto fakt, \u017ce pracowa\u0142 w linii lotniczej, kt\u00f3ra nale\u017ca\u0142a do aferzysty, pozwala opozycji rzuci\u0107 oskar\u017cenia na niego i na\u00a0 Donalda Tuska, \u201euk\u0142ad gda\u0144ski\u201d, Platform\u0119, korupcj\u0119 itd.<\/p>\n<p>Na pewno pojawi si\u0119 r\u00f3\u017cnica zda\u0144 \u2013 kto zawini\u0142? Poszczeg\u00f3lni ludzie, system czy pa\u0144stwo. Jest to typowy sp\u00f3r golono \u2013 strzy\u017cono. Ludzie zawiedli, bo tak zostali ukszta\u0142towani przez system wymiaru sprawiedliwo\u015bci i panuj\u0105cy klimat, \u017ceby bro\u0144 Bo\u017ce nie rzuca\u0107 biznesmenom k\u0142\u00f3d pod nogi. System zawi\u00f3d\u0142, bo tworz\u0105 go tacy a nie inni ludzie, ka\u017cdy strze\u017ce swojej niezale\u017cno\u015bci, ciszej jedziesz \u2013 dalej dojedziesz, zdarza si\u0119 beztroska, rutyniarstwo\u00a0 i bezmy\u015blno\u015b\u0107, nawet w todze s\u0119dziowskiej. I pomy\u015ble\u0107, \u017ce w ani jednej ze spraw Marcina P.\u00a0 nie powsta\u0142o pisemne uzasadnienie wyroku!<\/p>\n<p>B\u0119dzie wi\u0119c w Sejmie gor\u0105co, zapewne b\u0119dzie jatka, ale co poza tym? W sprawie powo\u0142ania komisji \u015bledczej, kt\u00f3rej domaga si\u0119 ca\u0142a opozycja,\u00a0 j\u0119zyczkiem u wagi b\u0119dzie PSL.\u00a0 Szanse na to, \u017ce PSL zdecyduje si\u0119 na Komisj\u0119 widz\u0119 p\u00f3\u0142 na p\u00f3\u0142. Przeciwko komisji przemawia fakt, \u017ce PSL jest cz\u0142onkiem koalicji rz\u0105dz\u0105cej, i ma nie jedno za uszami. Za zgod\u0105 na powstanie komisji przemawia zachowanie zdolno\u015bci koalicyjnej PSL, kt\u00f3ra mo\u017ce chcie\u0107 wykaza\u0107 si\u0119 niezale\u017cno\u015bci\u0105 i my\u015bli o swojej zdolno\u015bci koalicyjnej po nast\u0119pnych wyborach. Dla PSL wygodniejsza jest komisja w sprawie Amber Gold ni\u017c np. w sprawie nepotyzmu.<\/p>\n<p>Druga konkretna sprawa, to przysz\u0142o\u015b\u0107 prokuratora generalnego. Jest on w bardzo trudnej roli, ale ja by\u0142bym zadowolony, gdyby premier przyj\u0105\u0142 jego sprawozdanie i zachowa\u0142 Seremet\u0119 na stanowisku. Zmiana w tej chwili by\u0142aby posuni\u0119ciem populistycznym, pr\u00f3b\u0105 zwalenia ca\u0142ej winy na prokuratora i mog\u0142aby by si\u0119 m\u015bci\u0107, tak jak odwo\u0142anie ministra \u0106wi\u0105kalskiego.<\/p>\n<p>Spodziewam si\u0119, \u017ce t\u0142usty czwartek w Sejmie pe\u0142en b\u0119dzie ob\u0142udy. W roli Katona wyst\u0105pi PiS, kt\u00f3ry aktualnie odcina si\u0119 od eksces\u00f3w Zbigniewa Ziobro w IV RP, oraz SLD, kt\u00f3re mo\u017ce uwa\u017ca\u0107, \u017ce ludzie zapomnieli ju\u017c Starachowice i inne afery.<\/p>\n<p>Oby t\u0142usty czwartek nie by\u0142 dniem straconym, oby zak\u0142\u00f3ci\u0142 troch\u0119 spok\u00f3j i pewno\u015b\u0107 siebie Platformy, oby potrz\u0105sn\u0105\u0142 wymiarem sprawiedliwo\u015bci, a opozycji pozwoli\u0142 zachowa\u0107 powag\u0119.<\/p>\n","protected":false},"excerpt":{"rendered":"<p>To dobrze, \u017ce afera Amber Gold b\u0119dzie omawiana w Sejmie.\u00a0 Nie jest to afera wielka, zgadzam si\u0119 w tym wzgl\u0119dzie z profesorem Wnukiem-Lipi\u0144skim, ale jednak to i owo odkry\u0142a. Przede wszystkim niekompetencj\u0119, brak wyobra\u017ani, z\u0142e funkcjonowanie systemu wymiaru sprawiedliwo\u015bci, wady w ustroju prokuratury i \u2013 chyba \u2013 w orzecznictwie s\u0105d\u00f3w. Nie s\u0105dz\u0119, \u017ceby informacje z\u0142o\u017cone [&hellip;]<\/p>\n","protected":false},"author":4,"featured_media":0,"comment_status":"open","ping_status":"open","sticky":false,"template":"","format":"standard","meta":{"footnotes":""},"categories":[1],"tags":[],"_links":{"self":[{"href":"https:\/\/blog.polityka.pl\/passent\/wp-json\/wp\/v2\/posts\/1573"}],"collection":[{"href":"https:\/\/blog.polityka.pl\/passent\/wp-json\/wp\/v2\/posts"}],"about":[{"href":"https:\/\/blog.polityka.pl\/passent\/wp-json\/wp\/v2\/types\/post"}],"author":[{"embeddable":true,"href":"https:\/\/blog.polityka.pl\/passent\/wp-json\/wp\/v2\/users\/4"}],"replies":[{"embeddable":true,"href":"https:\/\/blog.polityka.pl\/passent\/wp-json\/wp\/v2\/comments?post=1573"}],"version-history":[{"count":2,"href":"https:\/\/blog.polityka.pl\/passent\/wp-json\/wp\/v2\/posts\/1573\/revisions"}],"predecessor-version":[{"id":1575,"href":"https:\/\/blog.polityka.pl\/passent\/wp-json\/wp\/v2\/posts\/1573\/revisions\/1575"}],"wp:attachment":[{"href":"https:\/\/blog.polityka.pl\/passent\/wp-json\/wp\/v2\/media?parent=1573"}],"wp:term":[{"taxonomy":"category","embeddable":true,"href":"https:\/\/blog.polityka.pl\/passent\/wp-json\/wp\/v2\/categories?post=1573"},{"taxonomy":"post_tag","embeddable":true,"href":"https:\/\/blog.polityka.pl\/passent\/wp-json\/wp\/v2\/tags?post=1573"}],"curies":[{"name":"wp","href":"https:\/\/api.w.org\/{rel}","templated":true}]}}