
{"id":1576,"date":"2012-08-31T10:52:03","date_gmt":"2012-08-31T08:52:03","guid":{"rendered":"http:\/\/passent.blog.polityka.pl\/?p=1576"},"modified":"2012-08-31T10:52:03","modified_gmt":"2012-08-31T08:52:03","slug":"poprosze-dokumenty","status":"publish","type":"post","link":"https:\/\/blog.polityka.pl\/passent\/2012\/08\/31\/poprosze-dokumenty\/","title":{"rendered":"Poprosz\u0119 dokumenty"},"content":{"rendered":"<p>Kiedy wybuch\u0142a afera Amber Gold, zastanawia\u0142em si\u0119, czy na domiar wszystkiego nie dojdzie jeszcze do katastrofy jednego z samolot\u00f3w linii OLT. Przecie\u017c mog\u0142o si\u0119 zdarzy\u0107, \u017ce Marcin P. wyczarterowa\u0142 zdezelowane samoloty, zatrudni\u0142 byle jakie za\u0142ogi i nieszcz\u0119\u015bcie gotowe. Na szcz\u0119\u015bcie w tej sprawie pa\u0144stwo polskie spe\u0142ni\u0142o swoje zadanie, odby\u0142y si\u0119 wszystkie niezb\u0119dne i przewidziane prawem kontrole, procedury by\u0142y przestrzegane.<\/p>\n<p>A jednak Tomasz Lis ma racj\u0119 (w radiu TOK FM) , \u017ce sprawa Amber Gold ma co\u015b wsp\u00f3lnego ze Smole\u0144skiem. Ja bym powiedzia\u0142 krotko \u2013 obie sprawy (acz niepor\u00f3wnywalne z powodu dysproporcji skutk\u00f3w, trudno por\u00f3wnywa\u0107 tragedi\u0119 ze zmartwieniem), \u0142\u0105czy Polnische Wirtschaft. Zaniechania, beztroska, odwalanka, naruszanie przepis\u00f3w, \u0142amanie procedur, brak stanowczej reakcji: \u201eStop. Tego lotu nie b\u0119dzie\u201d. \u201eStop. Ta firma to oszustwo\u201d.<\/p>\n<p>W sprawie Amber Gold nikomu, poza Marcinem P. i jego \u017con\u0105, nie zarzuca si\u0119 (na razie?)\u00a0 z\u0142ej woli. Raczej zaniechania, lekcewa\u017cenie sprawy, umywanie r\u0105czek, ospa\u0142o\u015b\u0107 administracji, niefrasobliwo\u015b\u0107, \u201eja pismo wys\u0142a\u0142em\u201d, wzajemne lekcewa\u017cenie organ\u00f3w pa\u0144stwa, post\u0105pi\u0142em zgodnie z przepisami itd. W rezultacie trudno wskaza\u0107 jednego winnego \u2013 raczej ca\u0142y splot niedor\u00f3bek. St\u0105d bezsensowne spory kto zawini\u0142 \u2013 ludzie czy pa\u0144stwo.\u00a0 Teraz ka\u017cdy si\u0119 dziwi, \u201ejak to by\u0142o mo\u017cliwe\u201d, \u017ce facet po kilku wyrokach m\u00f3g\u0142 prowadzi\u0107 biznes, \u017ce za ka\u017cdym razem otrzymywa\u0142 wyroki w zawieszeniu itd. Tak trudno uwierzy\u0107, \u017ce niekt\u00f3rzy uczestnicy debaty sejmowej dopatruj\u0105 si\u0119 uk\u0142adu, spisku, mafii gda\u0144sko \u2013 platformerskiej, a nawet (pose\u0142 Waszczykowski) zmowy mi\u0119dzynarodowej. Ja sk\u0142onny jestem widzie\u0107 w tym wszystkim polsk\u0105 niefrasobliwo\u015b\u0107. Tak\u017ce w post\u0119powaniu Micha\u0142a Tuska. Og\u00f3lne rozlu\u017anienie norm i jako\u015b to b\u0119dzie.<\/p>\n<p>Drugi w\u0105tek, to jakiego chcemy pa\u0144stwa. T\u0119 spraw\u0119 poruszy\u0142 premier Tusk. Czy chcemy pa\u0144stwa rozbudowanego, w\u00a0 kt\u00f3rym niezale\u017cne od rz\u0105du instytucje\u00a0 strzeg\u0105 wolno\u015bci obywateli, czy te\u017c pa\u0144stwa ma\u0142ego, kt\u00f3re daje ludziom prawo do inwestowania swoich pieni\u0119dzy w firmach nie obj\u0119tych nadzorem Komisji Nadzoru Finansowego i bez gwarancji pa\u0144stwowych. Pa\u0144stwa, kt\u00f3re oparte jest na zaufaniu do\u00a0 niezale\u017cnych instytucji i doros\u0142ych obywateli. Pa\u0144stwo tylko dla bogatych, kt\u00f3rzy posiadaj\u0105 \u201ezdolno\u015b\u0107 kredytow\u0105\u201d, czy tak\u017ce dla biednych, kt\u00f3rzy musz\u0105 zdoby\u0107 kilkaset z\u0142otych, \u017ceby prze\u017cy\u0107 do pierwszego i korzystaj\u0105 z parabank\u00f3w oraz chwil\u00f3wek?<\/p>\n<p>Kilka przyk\u0142ad\u00f3w z USA. Uwa\u017ca si\u0119, \u017ce w Ameryce rz\u0105d jest ma\u0142y i panuje ogromna wolno\u015b\u0107. Tam, gdzie mia\u0142y miejsce gigantyczne afery finansowe, ludzie jednak boj\u0105 si\u0119 urz\u0119d\u00f3w skarbowych (IRS), jak diabe\u0142 \u015bwi\u0119conej wody. Przest\u0119pstwa podatkowe uchodz\u0105 w USA za bardzo ci\u0119\u017ckie. Przy dobrze dzia\u0142aj\u0105cym aparacie skarbowym czy wymiarze sprawiedliwo\u015bci, Marcin P. by si\u0119 tak d\u0142ugo nie uchowa\u0142.<br \/>\nDruga sprawa: przestrzeganie przepis\u00f3w. W Bostonie by\u0142em z c\u00f3rk\u0105 wyrobi\u0107 jej prawo jazdy w tamtejszym \u201eurz\u0119dzie komunikacji\u201d. Chodzi\u0142o o udowodnienie, \u017ce c\u00f3rka jest pe\u0142noletnia. Mia\u0142em ze sob\u0105 paszport c\u00f3rki, z jej dat\u0105 urodzenia, oraz polskie dowody osobiste \u2013 jej i m\u00f3j. Mimo pr\u00f3\u015bb, argument\u00f3w i nalega\u0144, nie uda\u0142o si\u0119 otrzyma\u0107 prawa jazdy, poniewa\u017c nie mieli\u015bmy wymaganej przez przepisy polskiej metryki urodzenia c\u00f3rki (w t\u0142umaczeniu oficjalnym).<\/p>\n<p>Po uko\u0144czeniu przez c\u00f3rk\u0119 21 lat poszli\u015bmy do baru, uczci\u0107 to wydarzenie. W urodzinowym nastroju zwr\u00f3ci\u0142em si\u0119 do barmana:<\/p>\n<p>&#8211; Jakiego drinka zaproponowa\u0142by pan c\u00f3rce, kt\u00f3ra uko\u0144czy\u0142a 21 lat? \u2013 zapyta\u0142em.<\/p>\n<p>&#8211; B\u0119dziemy rozmawia\u0107 o drinkach, kiedy zobaczmy dokumenty \u2013 odpowiedzia\u0142 barman.<\/p>\n","protected":false},"excerpt":{"rendered":"<p>Kiedy wybuch\u0142a afera Amber Gold, zastanawia\u0142em si\u0119, czy na domiar wszystkiego nie dojdzie jeszcze do katastrofy jednego z samolot\u00f3w linii OLT. Przecie\u017c mog\u0142o si\u0119 zdarzy\u0107, \u017ce Marcin P. wyczarterowa\u0142 zdezelowane samoloty, zatrudni\u0142 byle jakie za\u0142ogi i nieszcz\u0119\u015bcie gotowe. Na szcz\u0119\u015bcie w tej sprawie pa\u0144stwo polskie spe\u0142ni\u0142o swoje zadanie, odby\u0142y si\u0119 wszystkie niezb\u0119dne i przewidziane prawem [&hellip;]<\/p>\n","protected":false},"author":4,"featured_media":0,"comment_status":"open","ping_status":"open","sticky":false,"template":"","format":"standard","meta":{"footnotes":""},"categories":[1],"tags":[],"_links":{"self":[{"href":"https:\/\/blog.polityka.pl\/passent\/wp-json\/wp\/v2\/posts\/1576"}],"collection":[{"href":"https:\/\/blog.polityka.pl\/passent\/wp-json\/wp\/v2\/posts"}],"about":[{"href":"https:\/\/blog.polityka.pl\/passent\/wp-json\/wp\/v2\/types\/post"}],"author":[{"embeddable":true,"href":"https:\/\/blog.polityka.pl\/passent\/wp-json\/wp\/v2\/users\/4"}],"replies":[{"embeddable":true,"href":"https:\/\/blog.polityka.pl\/passent\/wp-json\/wp\/v2\/comments?post=1576"}],"version-history":[{"count":2,"href":"https:\/\/blog.polityka.pl\/passent\/wp-json\/wp\/v2\/posts\/1576\/revisions"}],"predecessor-version":[{"id":1578,"href":"https:\/\/blog.polityka.pl\/passent\/wp-json\/wp\/v2\/posts\/1576\/revisions\/1578"}],"wp:attachment":[{"href":"https:\/\/blog.polityka.pl\/passent\/wp-json\/wp\/v2\/media?parent=1576"}],"wp:term":[{"taxonomy":"category","embeddable":true,"href":"https:\/\/blog.polityka.pl\/passent\/wp-json\/wp\/v2\/categories?post=1576"},{"taxonomy":"post_tag","embeddable":true,"href":"https:\/\/blog.polityka.pl\/passent\/wp-json\/wp\/v2\/tags?post=1576"}],"curies":[{"name":"wp","href":"https:\/\/api.w.org\/{rel}","templated":true}]}}