
{"id":1579,"date":"2012-09-02T23:03:46","date_gmt":"2012-09-02T21:03:46","guid":{"rendered":"http:\/\/passent.blog.polityka.pl\/?p=1579"},"modified":"2012-09-02T23:03:46","modified_gmt":"2012-09-02T21:03:46","slug":"gambit-prezesa","status":"publish","type":"post","link":"https:\/\/blog.polityka.pl\/passent\/2012\/09\/02\/gambit-prezesa\/","title":{"rendered":"Gambit prezesa"},"content":{"rendered":"<p>Prezes Jaros\u0142aw Kaczy\u0144ski wyst\u0105pi\u0142 w nowej roli. Wyg\u0142osi\u0142 p\u00f3\u0142godzinne przem\u00f3wienie programowe, w kt\u00f3rym ani razu nie wspomnia\u0142 o Smole\u0144sku, Katyniu, Wa\u0142\u0119sie, wspomnia\u0142 tylko o \u201eTusku\u201d, oczywi\u015bcie bez imienia b\u0105d\u017a tytu\u0142u.<\/p>\n<p>Widocznie stratedzy PiS doszli do wniosku, \u017ce d\u0142u\u017cej na martyrologii i oskar\u017ceniach o zdrad\u0119 etc. nie da si\u0119 jecha\u0107, trzeba u\u017cy\u0107 lepszego paliwa. St\u0105d otrzymali\u015bmy co\u015b w rodzaju expose, w kt\u00f3rym J.K. m\u00f3wi o podatkach, ubezpieczeniach, s\u0142u\u017cbie zdrowia, edukacji, polityce pro-rodzinnej, ochronie zdrowia etc.<\/p>\n<p>Sam ten fakt zmiany zainteresowa\u0144 uwa\u017cam za korzystny. Trafnie uj\u0105\u0142 to Donald Tusk m\u00f3wi\u0105c, \u017ce woli, kiedy J. Kaczy\u0144ski bawi si\u0119 kalkulatorem ni\u017c\u00a0 zapa\u0142kami. Je\u017celi prezesowi uda si\u0119 do doprowadzi\u0107\u00a0 do tego, \u017ce jego propozycje zostan\u0105 dobrze ocenione przynajmniej przez cz\u0119\u015b\u0107 fachowc\u00f3w i stan\u0105 si\u0119 przedmiotem debaty \u2013 to dobrze. Ja nie jestem w stanie oceni\u0107 jaki sens mia\u0142yby manewry podatkowe, ulgi inwestycyjne, kolejna reforma systemu ubezpiecze\u0144 itd. Poczekajmy na g\u0142osy fachowc\u00f3w, pierwsza reakcja jest taka, \u017ce propozycje prezesa s\u0105 kosztowne, \u201enie policzone\u201d i mog\u0142yby doprowadzi\u0107 kraj do bankructwa. Opinie w takich sprawach jak likwidacja gimnazj\u00f3w, czy obowi\u0105zkowa nauka polskiego, historii oraz religii w pe\u0142nym wymiarze, maj\u0105 charakter ideologiczny. Rz\u0105d, kt\u00f3ry kaza\u0142by uczy\u0107 religii we wszystkich szko\u0142ach w pe\u0142nym wymiarze poszed\u0142by jeszcze dalej ni\u017c rz\u0105d Tadeusza Mazowieckiego, kt\u00f3ry przywr\u00f3ci\u0142 religi\u0119 do szk\u00f3\u0142. A gdzie matematyka? Gdzie wychowanie fizyczne? Gdzie nauki przyrodnicze? J\u0119zyki obce? Jak na wszystko znale\u017a\u0107 czas, i jeszcze na religi\u0119 i dni przeznaczone na rekolekcje zamiast nauki?<\/p>\n<p>Widz\u0119 dwa plusy w przem\u00f3wieniu prezesa. Pierwszy \u2013 odej\u015bcie od nieustannych oskar\u017ce\u0144 rz\u0105du o zdrad\u0119, zaprza\u0144stwo, spisek smole\u0144ski, uk\u0142ad\u00a0 etc (czyli linia Macierewicza), zamiast tego pr\u00f3ba m\u00f3wienia o sprawach istotnych, autentycznych. Pr\u00f3ba przedstawienia PiS jako alternatywy dla obozu rz\u0105dz\u0105cego.<\/p>\n<p>Drugi plus to przyznanie przez prezesa, \u017ce w czasie minionych 23 lat, od 1989 roku, zrobiono w Polsce du\u017co dobrego. Ta banalna obserwacja zaprzecza dotychczasowej propagandzie PiS, \u017ce na skutek zmowy okr\u0105g\u0142osto\u0142owej Polska zmarnowa\u0142a transformacj\u0119, zosta\u0142a rozkradziona, przetracona i zmarginalizowana. Co prawda by\u0142o to tylko jedno zdanie w przem\u00f3wieniu, ale dobre i to. Mo\u017ce kiedy\u015b prezes zauwa\u017cy, \u017ce i w ostatnich pi\u0119ciu latach zrobiono wiele dobrego, cho\u0107 w znacznej cz\u0119\u015bci za pieni\u0105dze unijne.<\/p>\n<p>Przem\u00f3wienie nie by\u0142o porywaj\u0105ce, prezes Kaczy\u0144ski \u017ale czuje si\u0119 w roli ekonomisty i urz\u0119dnika, woli m\u00f3wi\u0107 o sprawach duchowych, symbolicznych, a nie o konkretach. W sumie \u2013 nie zaspokoi\u0142o chyba rozbudzonych oczekiwa\u0144 na expose, wyg\u0142oszone po miesi\u0105cu milczenia. Dobrze by by\u0142o, gdyby to, co\u00a0 w przem\u00f3wieniu warto\u015bciowe, zosta\u0142o podchwycone, przybra\u0142o form\u0119 projekt\u00f3w ustawowych i znalaz\u0142o poparcie polityczne w\u00a0 innych partiach. Pierwsze g\u0142osy s\u0105 jednak wstrzemi\u0119\u017aliwe, m\u00f3wi si\u0119, \u017ce propozycje prezesa to gruszki na wierzbie, bez pokrycia w bud\u017cecie, zabawa w premiera, kt\u00f3ry nie ma ministra finans\u00f3w.<\/p>\n<p>PS. Ciekawe, \u017ce TVN tak uhonorowa\u0142 prezesa PiS,\u00a0 \u017ce nie tylko transmitowa\u0142 jego or\u0119dzie, ale i wieczorem je powt\u00f3rzy\u0142 w ca\u0142o\u015bci. Po czym emitowano nadzwyczajne wydanie Lo\u017cy Prasowej. Tak nie traktuje si\u0119 nawet expose urz\u0119duj\u0105cego premiera. W taki oto spos\u00f3b media g\u0142\u00f3wnego nurtu ignoruj\u0105 i szykanuj\u0105 prezesa Kaczy\u0144skiego i jego parti\u0119.<\/p>\n","protected":false},"excerpt":{"rendered":"<p>Prezes Jaros\u0142aw Kaczy\u0144ski wyst\u0105pi\u0142 w nowej roli. Wyg\u0142osi\u0142 p\u00f3\u0142godzinne przem\u00f3wienie programowe, w kt\u00f3rym ani razu nie wspomnia\u0142 o Smole\u0144sku, Katyniu, Wa\u0142\u0119sie, wspomnia\u0142 tylko o \u201eTusku\u201d, oczywi\u015bcie bez imienia b\u0105d\u017a tytu\u0142u. Widocznie stratedzy PiS doszli do wniosku, \u017ce d\u0142u\u017cej na martyrologii i oskar\u017ceniach o zdrad\u0119 etc. nie da si\u0119 jecha\u0107, trzeba u\u017cy\u0107 lepszego paliwa. St\u0105d otrzymali\u015bmy [&hellip;]<\/p>\n","protected":false},"author":4,"featured_media":0,"comment_status":"open","ping_status":"open","sticky":false,"template":"","format":"standard","meta":{"footnotes":""},"categories":[1],"tags":[],"_links":{"self":[{"href":"https:\/\/blog.polityka.pl\/passent\/wp-json\/wp\/v2\/posts\/1579"}],"collection":[{"href":"https:\/\/blog.polityka.pl\/passent\/wp-json\/wp\/v2\/posts"}],"about":[{"href":"https:\/\/blog.polityka.pl\/passent\/wp-json\/wp\/v2\/types\/post"}],"author":[{"embeddable":true,"href":"https:\/\/blog.polityka.pl\/passent\/wp-json\/wp\/v2\/users\/4"}],"replies":[{"embeddable":true,"href":"https:\/\/blog.polityka.pl\/passent\/wp-json\/wp\/v2\/comments?post=1579"}],"version-history":[{"count":2,"href":"https:\/\/blog.polityka.pl\/passent\/wp-json\/wp\/v2\/posts\/1579\/revisions"}],"predecessor-version":[{"id":1581,"href":"https:\/\/blog.polityka.pl\/passent\/wp-json\/wp\/v2\/posts\/1579\/revisions\/1581"}],"wp:attachment":[{"href":"https:\/\/blog.polityka.pl\/passent\/wp-json\/wp\/v2\/media?parent=1579"}],"wp:term":[{"taxonomy":"category","embeddable":true,"href":"https:\/\/blog.polityka.pl\/passent\/wp-json\/wp\/v2\/categories?post=1579"},{"taxonomy":"post_tag","embeddable":true,"href":"https:\/\/blog.polityka.pl\/passent\/wp-json\/wp\/v2\/tags?post=1579"}],"curies":[{"name":"wp","href":"https:\/\/api.w.org\/{rel}","templated":true}]}}