
{"id":1596,"date":"2012-09-14T11:04:45","date_gmt":"2012-09-14T09:04:45","guid":{"rendered":"http:\/\/passent.blog.polityka.pl\/?p=1596"},"modified":"2012-09-14T11:04:45","modified_gmt":"2012-09-14T09:04:45","slug":"prowokacja-udana-ale%e2%80%a6","status":"publish","type":"post","link":"https:\/\/blog.polityka.pl\/passent\/2012\/09\/14\/prowokacja-udana-ale%e2%80%a6\/","title":{"rendered":"Prowokacja udana, ale\u2026"},"content":{"rendered":"<p>\u201eGazeta Polska Codziennie\u201d wykona\u0142a udan\u0105 (acz budz\u0105c\u0105 pewne w\u0105tpliwo\u015bci, o czym ni\u017cej) prowokacj\u0119. \u201eW naszej publikacji udowodnili\u015bmy \u2013 czytamy w GPC 14 bm \u2013 \u017ce prezes Ryszard Milewski w rozmowie z\u00a0 m\u0119\u017cczyzn\u0105 podaj\u0105cym si\u0119 za asystenta Tomasza Arabskiego, szefa Kancelarii Premiera, ustala\u0142 terminy posiedzenia w zwi\u0105zku z za\u017caleniem na areszt Marcina P., sk\u0142ad s\u0119dzi\u00f3w obecnych na posiedzeniu oraz prosi\u0142 o spotkanie z premierem\u201d.<\/p>\n<p>Co prawda s\u0119dzia Milewski po kilku dniach (zanim sprawa zosta\u0142a upubliczniona) z\u0142o\u017cy\u0142 zawiadomienie do prokuratury, a tak\u017ce zarzuca GPC manipulacje nagraniami, ale nie kwestionuje, \u017ce odby\u0142y si\u0119 dwie rozmowy, \u017ce ich tematyka by\u0142a taka, jak\u0105 podaje GPC.<\/p>\n<p>Niew\u0105tpliwie jest to kolejna wpadka wymiaru sprawiedliwo\u015bci, zaledwie kilka dni po zaskakuj\u0105co niskich wyrokach w procesie mafii pruszkowskiej, co fatalnie \u015bwiadczy o pracy prokurator\u00f3w w sprawie. Jest to kolejny dow\u00f3d, \u017ce w systemie wymiaru sprawiedliwo\u015bci s\u0105 s\u0142abe ogniwa. Niekt\u00f3rzy komentatorzy twierdz\u0105, \u017ce to nie system si\u0119 skompromitowa\u0142, tylko, \u017ce jest to pora\u017cka jednego s\u0119dziego, kt\u00f3ry nie powinien by\u0142\u00a0 w og\u00f3le zosta\u0107 prezesem s\u0105du okr\u0119gowego.<br \/>\nMnie si\u0119 wydaje, \u017ce zawi\u00f3d\u0142 zar\u00f3wno system jak i cz\u0142owiek. System, poniewa\u017c prezes s\u0105du odbieraj\u0105c telefon i wdaj\u0105c si\u0119 w rozmowy, potwierdza, \u017ce to jest w jego mniemaniu dopuszczalne, s\u0105dzi, \u017ce nie zrobi\u0142 niczego z\u0142ego. Co najwy\u017cej, da\u0142 si\u0119 podpu\u015bci\u0107. Pozwala to na domys\u0142y, \u017ce takie panuj\u0105 obyczaje, a tak\u017ce na sugestie GPC, \u017ce mo\u017ce takie telefony mia\u0142y miejsce w sprawie mafii pruszkowskiej, procesu Jaruzelskiego i Kiszczaka, wyrok\u00f3w na Marcina P.<br \/>\nZ tego punktu widzenia prowokacja GPC jest udana \u2013 kieruje snop \u015bwiat\u0142a na panuj\u0105ce obyczaje, przynajmniej w \u201euk\u0142adzie gda\u0144skim\u201d, a tak\u017ce na osob\u0119 s\u0119dziego Milewskiego, kt\u00f3ry wdaje si\u0119 w \u017ca\u0142osn\u0105 rozmow\u0119 na temat terminu posiedzenia, sk\u0142adu s\u0119dziowskiego etc. Incydent powinien by\u0107 do ko\u0144ca wyja\u015bniony, zaanga\u017cowa\u0142 si\u0119 minister Sprawiedliwo\u015bci, prokuratura, Krajowa Rada S\u0105downictwa, media.\u00a0 Sprawa jednak pozostanie.<\/p>\n<p>Dobrze, \u017ce GPC w\u0142o\u017cy\u0142a kij w mrowisko, media powinny sta\u0107 na stra\u017cy niezawis\u0142o\u015bci s\u0119dzi\u00f3w i\u00a0 w og\u00f3le \u201etrzeciej w\u0142adzy\u201d. Nawet, je\u017celi motywy GPC by\u0142y polityczne, to interes publiczny wymaga ujawniania patologii.<\/p>\n<p>A jednak jest pewne \u201eale\u201d. Mianowicie prowokacje dziennikarskie i inne ( np. agenta Tomka, czy w sprawie montowanej przeciwko Andrzejowi Lepperowi),\u00a0 musz\u0105 by\u0107 stosowane bardzo rozwa\u017cnie. \u0179le by by\u0142o, gdyby prowokacje by\u0142y sta\u0142\u0105 metod\u0105 dzia\u0142ania w\u0142adzy \u2013 s\u0142u\u017cb specjalnych, a tak\u017ce medi\u00f3w, r\u00f3wnie\u017c wzgl\u0119dem siebie. (Rozmaite osoby pr\u00f3bowa\u0142y ju\u017c \u201epodpuszcza\u0107 media\u201d). Dowody pozyskane w\u0105tpliwymi metodami, drog\u0105 podst\u0119pu, fa\u0142szerstwa dokument\u00f3w, kradzie\u017cy i na innej, podobnej, drodze, nie maj\u0105 warto\u015bci procesowej. Mog\u0105 by\u0107 sygna\u0142em ostrzegawczym, ale nie mog\u0105 przes\u0105dza\u0107 o winie.<\/p>\n","protected":false},"excerpt":{"rendered":"<p>\u201eGazeta Polska Codziennie\u201d wykona\u0142a udan\u0105 (acz budz\u0105c\u0105 pewne w\u0105tpliwo\u015bci, o czym ni\u017cej) prowokacj\u0119. \u201eW naszej publikacji udowodnili\u015bmy \u2013 czytamy w GPC 14 bm \u2013 \u017ce prezes Ryszard Milewski w rozmowie z\u00a0 m\u0119\u017cczyzn\u0105 podaj\u0105cym si\u0119 za asystenta Tomasza Arabskiego, szefa Kancelarii Premiera, ustala\u0142 terminy posiedzenia w zwi\u0105zku z za\u017caleniem na areszt Marcina P., sk\u0142ad s\u0119dzi\u00f3w obecnych [&hellip;]<\/p>\n","protected":false},"author":4,"featured_media":0,"comment_status":"open","ping_status":"open","sticky":false,"template":"","format":"standard","meta":{"footnotes":""},"categories":[1],"tags":[],"_links":{"self":[{"href":"https:\/\/blog.polityka.pl\/passent\/wp-json\/wp\/v2\/posts\/1596"}],"collection":[{"href":"https:\/\/blog.polityka.pl\/passent\/wp-json\/wp\/v2\/posts"}],"about":[{"href":"https:\/\/blog.polityka.pl\/passent\/wp-json\/wp\/v2\/types\/post"}],"author":[{"embeddable":true,"href":"https:\/\/blog.polityka.pl\/passent\/wp-json\/wp\/v2\/users\/4"}],"replies":[{"embeddable":true,"href":"https:\/\/blog.polityka.pl\/passent\/wp-json\/wp\/v2\/comments?post=1596"}],"version-history":[{"count":2,"href":"https:\/\/blog.polityka.pl\/passent\/wp-json\/wp\/v2\/posts\/1596\/revisions"}],"predecessor-version":[{"id":1598,"href":"https:\/\/blog.polityka.pl\/passent\/wp-json\/wp\/v2\/posts\/1596\/revisions\/1598"}],"wp:attachment":[{"href":"https:\/\/blog.polityka.pl\/passent\/wp-json\/wp\/v2\/media?parent=1596"}],"wp:term":[{"taxonomy":"category","embeddable":true,"href":"https:\/\/blog.polityka.pl\/passent\/wp-json\/wp\/v2\/categories?post=1596"},{"taxonomy":"post_tag","embeddable":true,"href":"https:\/\/blog.polityka.pl\/passent\/wp-json\/wp\/v2\/tags?post=1596"}],"curies":[{"name":"wp","href":"https:\/\/api.w.org\/{rel}","templated":true}]}}