
{"id":1599,"date":"2012-09-16T16:43:47","date_gmt":"2012-09-16T14:43:47","guid":{"rendered":"http:\/\/passent.blog.polityka.pl\/?p=1599"},"modified":"2012-09-16T16:43:47","modified_gmt":"2012-09-16T14:43:47","slug":"smieszne-ale-prawdziwe","status":"publish","type":"post","link":"https:\/\/blog.polityka.pl\/passent\/2012\/09\/16\/smieszne-ale-prawdziwe\/","title":{"rendered":"\u015amieszne, ale prawdziwe"},"content":{"rendered":"<p>Ostatnie dni przynios\u0142y kilka wiadomo\u015bci \u015bmiesznych, ale prawdziwych. Przypomnijmy\u00a0 kilka z nich.<\/p>\n<p>CYMA\u0143SKI NA PREMIERA, i to rz\u0105du fachowc\u00f3w! Solidarna Polska wysun\u0119\u0142a kandydatur\u0119 Tadeusza Cyma\u0144skiego chyba tylko po to, \u017ceby wyprzedzi\u0107 Prawo i Sprawiedliwo\u015b\u0107, \u017ceby PP. Kurski i Ziobro mogli m\u00f3wi\u0107, \u017ce PiS nie ma kandydata, \u201ea my mamy\u201d. Cyma\u0144ski podobno \u0142adnie \u015bpiewa kol\u0119dy,\u00a0 to polityk pogodny, weso\u0142y, chwilami \u015bmieszny. Cz\u0142onek Solidarnej Polski mia\u0142by by\u0107 premierem rz\u0105du ponadpartyjnego? Rz\u0105du fachowc\u00f3w? Dlatego, \u017ce studiowa\u0142 ekonomik\u0119 transportu? \u2013 Wolne \u017carty. \u017baden powa\u017cny cz\u0142owiek nie zgodzi si\u0119 by\u0107 kandydatem na premiera, kt\u00f3ry nie ma szans otrzyma\u0107 misji sformowania rz\u0105du. Ciekaw jestem, kogo (i czy w og\u00f3le)\u00a0 wystawi PiS, mo\u017ce zgodzi si\u0119 jaka\u015b osoba ekstrawagancka, np. prof. Jadwiga Staniszkis, mo\u017ce prof. Krasnod\u0119bski,\u00a0 chocia\u017c w\u0105tpi\u0119. Propozycja Solidarnej Polski \u015bmieszna, Cyma\u0144skiego \u017cal, chocia\u017c nie musia\u0142 si\u0119 godzi\u0107. Powa\u017cny to on nie jest.<\/p>\n<p>ANTYKOMOR Robert Frycz, karany ju\u017c uprzednio,\u00a0 skazany zosta\u0142 za zniewa\u017cenie urz\u0119du prezydenta RP, a tak\u017ce\u00a0 za sfa\u0142szowanie dokument\u00f3w i podawanie si\u0119 za inn\u0105 osob\u0119. Dosta\u0142 kilkana\u015bcie miesi\u0119cy po 40 godzin\u00a0 pracy spo\u0142ecznej miesi\u0119cznie. Natychmiast rozgorza\u0142 sp\u00f3r \u2013 skazany s\u0142usznie czy nies\u0142usznie? Moim zdaniem, dop\u00f3ki istnieje takie prawo \u2013 s\u0105d nie m\u00f3g\u0142 post\u0105pi\u0107 inaczej. Poza tym zgadzam si\u0119 z blogowiczami (Jacobsky, Absolwent) \u2013 Frycz dosta\u0142 to, czego chcia\u0142. Chce by\u0107 bohaterem prawicy \u2013 to jest.\u00a0 Nie ma \u017cadnego powodu, \u017ceby gra\u0107 w strzelanie do prezydenta, i to w czasie, kiedy tylu ludzi ubolewa nad tym, jakie to nasze pa\u0144stwo jest s\u0142abe i bezradne.\u00a0 Nie ma te\u017c \u017cadnego powodu, \u017ceby urz\u0105dza\u0107 nalot na jego mieszkanie o 6. rano. Powinien by\u0107 potraktowany elegancko, ale sprawiedliwie. Niekt\u00f3rzy krytycy wyroku na Frycza m\u00f3wi\u0105, \u017ce s\u0105d \u0142agodnie potraktowa\u0142 mafi\u0119 pruszkowsk\u0105 i Marcina P., a m\u015bci si\u0119 na Fryczu. To jest por\u00f3wnanie demagogiczne. \u201ePruszk\u00f3w\u201d zosta\u0142 potraktowany \u0142agodniej ni\u017c oczekiwano, gdy\u017c prokuratura urodzi\u0142a mysz. S\u0105d s\u0142usznie nie chcia\u0142 uzna\u0107 tej myszy za lwa. Ale wysz\u0142o \u015bmiesznie.<\/p>\n<p>W TYM SZALE\u0143STWIE JEST METODA? Podczas programu Moniki Olejnik \u201eSi\u00f3dmy dzie\u0144 tygodnia\u201d (radio ZET), polityk SLD Marek Siwiec zaproponowa\u0142, \u017ceby sprawdzi\u0107 bilingi telefoniczne prezesa s\u0105du okr\u0119gowego w Gda\u0144sku i t\u0105 drog\u0105 ustali\u0107, czy telefony z Kancelarii Premiera by\u0142y regu\u0142\u0105 i dlatego prezes by\u0142 taki spolegliwy, czy te\u017c telefon autora prowokacji by\u0142 pierwszy i\u00a0 prezes da\u0142 si\u0119\u00a0\u00a0 nabra\u0107. Krotko m\u00f3wi\u0105c \u2013 odruch warunkowy czy wyj\u0105tkowy? Podoba mi si\u0119 ten pomys\u0142.<\/p>\n","protected":false},"excerpt":{"rendered":"<p>Ostatnie dni przynios\u0142y kilka wiadomo\u015bci \u015bmiesznych, ale prawdziwych. Przypomnijmy\u00a0 kilka z nich. CYMA\u0143SKI NA PREMIERA, i to rz\u0105du fachowc\u00f3w! Solidarna Polska wysun\u0119\u0142a kandydatur\u0119 Tadeusza Cyma\u0144skiego chyba tylko po to, \u017ceby wyprzedzi\u0107 Prawo i Sprawiedliwo\u015b\u0107, \u017ceby PP. Kurski i Ziobro mogli m\u00f3wi\u0107, \u017ce PiS nie ma kandydata, \u201ea my mamy\u201d. Cyma\u0144ski podobno \u0142adnie \u015bpiewa kol\u0119dy,\u00a0 to [&hellip;]<\/p>\n","protected":false},"author":4,"featured_media":0,"comment_status":"open","ping_status":"open","sticky":false,"template":"","format":"standard","meta":{"footnotes":""},"categories":[1],"tags":[],"_links":{"self":[{"href":"https:\/\/blog.polityka.pl\/passent\/wp-json\/wp\/v2\/posts\/1599"}],"collection":[{"href":"https:\/\/blog.polityka.pl\/passent\/wp-json\/wp\/v2\/posts"}],"about":[{"href":"https:\/\/blog.polityka.pl\/passent\/wp-json\/wp\/v2\/types\/post"}],"author":[{"embeddable":true,"href":"https:\/\/blog.polityka.pl\/passent\/wp-json\/wp\/v2\/users\/4"}],"replies":[{"embeddable":true,"href":"https:\/\/blog.polityka.pl\/passent\/wp-json\/wp\/v2\/comments?post=1599"}],"version-history":[{"count":2,"href":"https:\/\/blog.polityka.pl\/passent\/wp-json\/wp\/v2\/posts\/1599\/revisions"}],"predecessor-version":[{"id":1601,"href":"https:\/\/blog.polityka.pl\/passent\/wp-json\/wp\/v2\/posts\/1599\/revisions\/1601"}],"wp:attachment":[{"href":"https:\/\/blog.polityka.pl\/passent\/wp-json\/wp\/v2\/media?parent=1599"}],"wp:term":[{"taxonomy":"category","embeddable":true,"href":"https:\/\/blog.polityka.pl\/passent\/wp-json\/wp\/v2\/categories?post=1599"},{"taxonomy":"post_tag","embeddable":true,"href":"https:\/\/blog.polityka.pl\/passent\/wp-json\/wp\/v2\/tags?post=1599"}],"curies":[{"name":"wp","href":"https:\/\/api.w.org\/{rel}","templated":true}]}}