
{"id":1603,"date":"2012-09-22T14:34:52","date_gmt":"2012-09-22T12:34:52","guid":{"rendered":"http:\/\/passent.blog.polityka.pl\/?p=1603"},"modified":"2012-09-22T14:34:52","modified_gmt":"2012-09-22T12:34:52","slug":"w-kolejce-do-fryzjera","status":"publish","type":"post","link":"https:\/\/blog.polityka.pl\/passent\/2012\/09\/22\/w-kolejce-do-fryzjera\/","title":{"rendered":"W kolejce do fryzjera"},"content":{"rendered":"<p>W kolejce do fryzjera (przed weselem w Serocku, nie by\u0142em zaproszony, ale chcia\u0142em by\u0107 gotowy), przeczyta\u0142em wywiad z prezydentem Komorowskim.<\/p>\n<p>ROBERT FRYCZ. Sprawa pierwsza \u2013 antykomor. \u201eJa sobie radz\u0119 bez takich os\u0142on prawnych. Jak kto\u015b jest w polityce, musi mie\u0107 grub\u0105 sk\u00f3r\u0119, a chroni\u0107 go powinna przede wszystkim dobra opinia. Ale te\u017c nie mo\u017cna wprowadza\u0107 mechanizm\u00f3w, kt\u00f3re b\u0119d\u0105 pozwala\u0142y na to, \u017ce ka\u017cdy ka\u017cdego b\u0119dzie m\u00f3g\u0142 bezkarnie obra\u017ca\u0107, poni\u017ca\u0107 jego godno\u015b\u0107. (\u2026) Zabrak\u0142o refleksji, \u017ce do \u2018gier\u2019 ze strzelaniem do prezydenta powinno si\u0119 podchodzi\u0107 w Polsce z lepsz\u0105 pami\u0119ci\u0105 o tym, \u017ce to w Polsce \u2013 i historycznie wcale nie tak dawno \u2013 zastrzelono prezydenta Gabriela Narutowicza\u201d.<\/p>\n<p>Popieram to stanowisko. Wolno\u015b\u0107 s\u0142owa nie mo\u017ce by\u0107 jedyn\u0105 warto\u015bci\u0105. Inni ludzie te\u017c maj\u0105 swoj\u0105 godno\u015b\u0107. Owszem, polityk musi \u2013 niestety &#8211; mie\u0107 grub\u0105 sk\u00f3r\u0119. Pisz\u0119 \u201eniestety\u201d, poniewa\u017c to oznacza, \u017ce je\u015bli kto\u015b nie ma sk\u00f3ry s\u0142onia, to do polityki si\u0119 nie nadaje. Poza tym politycy i media nadaj\u0105 ton. Je\u015bli oni uprawia\u0107 b\u0119d\u0105\u00a0 chamstwo i agresj\u0119, to stan\u0105 si\u0119 one norm\u0105. Trzy lata za obraz\u0119 urz\u0119du prezydenta to za du\u017co, ale praca spo\u0142eczna \u2013 dlaczego nie?<\/p>\n<p>RYSZARD MILEWSKI \u2013 uleg\u0142y s\u0119dzia gda\u0144ski. Zgadzam si\u0119 z prezydentem, \u017ce najlepsz\u0105 gwarancj\u0105 niezale\u017cno\u015bci nie jest kolejna reforma (cho\u0107 niekt\u00f3re zmiany s\u0105 konieczne, np. zwi\u0119kszenie w\u0142adzy prokuratora generalnego wobec jego podw\u0142adnych), ale nawyk niezale\u017cno\u015bci, si\u0142a charakteru, kultura prawna. Doda\u0142bym, \u017ce \u0107wier\u0107 wieku wolno\u015bci nie wykszta\u0142ci\u0142o jeszcze tych nawyk\u00f3w,\u00a0 po 1989 roku apetyty polityk\u00f3w i upolitycznionych s\u0119dzi\u00f3w oraz prokurator\u00f3w nie os\u0142ab\u0142y.\u00a0 Media i opinia publiczna musi im patrze\u0107 na r\u0119ce.<\/p>\n<p>ZBIGNIEW ZIOBRO. \u201eWie pan, co przyj\u0105\u0142em z pewna satysfakcj\u0105? Przyj\u0119cie nominacji do rady Bezpiecze\u0144stwa Narodowego przez Zbigniewa Ziobr\u0119. (\u2026) Nie podzielam wielu pogl\u0105d\u00f3w pana Ziobry, ale uwa\u017cam, \u017ce to racjonalna postawa w polityce\u201d \u2013 m\u00f3wi prezydent. Odpowiadam: Tak, ale mam wra\u017cenie, \u017ce prezydent i Ziobro mieli w tej sprawie jeszcze jeden cel \u2013 zagra\u0107 na nosie Kaczy\u0144skiemu.\u00a0 Niech si\u0119 czuje jeszcze bardziej wykluczony, w dodatku na w\u0142asne \u017cyczenie.<\/p>\n<p>PS. Poza wywiadem prezydenta: Pi\u0142owanie Lenina w stoczni. Rozumiem, \u017ce miejsce Lenina jest na \u015bmietniku historii, a\u00a0 nie na bramie stoczni, ale mam wra\u017cenie, \u017ce \u201em\u00f3wimy Lenin, a w domy\u015ble Wa\u0142\u0119sa\u201d. Czy nie chodzi aby o to, \u017ceby wyrzuci\u0107 jednego i drugiego?<\/p>\n<p>Ekshumacje. Ma\u0142o, \u017ce katastrofa, tragedia, b\u00f3l rodzin i bliskich, to jeszcze politycy wtykaj\u0105 tam sw\u00f3j nos. Co powoduje tak\u0105 Ann\u0105 Fotyg\u0105, \u017ce w ciemn\u0105 noc straszy na cmentarzu?<\/p>\n","protected":false},"excerpt":{"rendered":"<p>W kolejce do fryzjera (przed weselem w Serocku, nie by\u0142em zaproszony, ale chcia\u0142em by\u0107 gotowy), przeczyta\u0142em wywiad z prezydentem Komorowskim. ROBERT FRYCZ. Sprawa pierwsza \u2013 antykomor. \u201eJa sobie radz\u0119 bez takich os\u0142on prawnych. Jak kto\u015b jest w polityce, musi mie\u0107 grub\u0105 sk\u00f3r\u0119, a chroni\u0107 go powinna przede wszystkim dobra opinia. Ale te\u017c nie mo\u017cna wprowadza\u0107 [&hellip;]<\/p>\n","protected":false},"author":4,"featured_media":0,"comment_status":"open","ping_status":"open","sticky":false,"template":"","format":"standard","meta":{"footnotes":""},"categories":[1],"tags":[],"_links":{"self":[{"href":"https:\/\/blog.polityka.pl\/passent\/wp-json\/wp\/v2\/posts\/1603"}],"collection":[{"href":"https:\/\/blog.polityka.pl\/passent\/wp-json\/wp\/v2\/posts"}],"about":[{"href":"https:\/\/blog.polityka.pl\/passent\/wp-json\/wp\/v2\/types\/post"}],"author":[{"embeddable":true,"href":"https:\/\/blog.polityka.pl\/passent\/wp-json\/wp\/v2\/users\/4"}],"replies":[{"embeddable":true,"href":"https:\/\/blog.polityka.pl\/passent\/wp-json\/wp\/v2\/comments?post=1603"}],"version-history":[{"count":2,"href":"https:\/\/blog.polityka.pl\/passent\/wp-json\/wp\/v2\/posts\/1603\/revisions"}],"predecessor-version":[{"id":1605,"href":"https:\/\/blog.polityka.pl\/passent\/wp-json\/wp\/v2\/posts\/1603\/revisions\/1605"}],"wp:attachment":[{"href":"https:\/\/blog.polityka.pl\/passent\/wp-json\/wp\/v2\/media?parent=1603"}],"wp:term":[{"taxonomy":"category","embeddable":true,"href":"https:\/\/blog.polityka.pl\/passent\/wp-json\/wp\/v2\/categories?post=1603"},{"taxonomy":"post_tag","embeddable":true,"href":"https:\/\/blog.polityka.pl\/passent\/wp-json\/wp\/v2\/tags?post=1603"}],"curies":[{"name":"wp","href":"https:\/\/api.w.org\/{rel}","templated":true}]}}