
{"id":1607,"date":"2012-09-28T10:24:47","date_gmt":"2012-09-28T08:24:47","guid":{"rendered":"http:\/\/passent.blog.polityka.pl\/?p=1607"},"modified":"2012-09-28T10:24:47","modified_gmt":"2012-09-28T08:24:47","slug":"w-polskim-kotle","status":"publish","type":"post","link":"https:\/\/blog.polityka.pl\/passent\/2012\/09\/28\/w-polskim-kotle\/","title":{"rendered":"W polskim kotle"},"content":{"rendered":"<p>Nie miesza\u0142bym Pana Boga do polityki, gdyby\u00a0 nie fakt, \u017ce\u00a0 we Polsce krzy\u017ce, ojciec Rydzyk, duchowie\u0144stwo, TV, bp Dydycz, Telewizja Trwam, zanurzeni s\u0105 w polityk\u0119 po koloratk\u0119. Ostatnio ojciec Rydzyk zakaza\u0142 Zbigniewowi Ziobrze wyst\u0105pienia podczas sobotniego marszu w obronie wolno\u015bci, demokracji i wszystkiego co dobre.<\/p>\n<p>Opozycja jest od tego, \u017ceby d\u0105\u017cy\u0107 do zmiany rz\u0105du i\u00a0 si\u0119ga\u0107 po w\u0142adz\u0119. Dlatego nie rozumiem tych publicyst\u00f3w, kt\u00f3rzy ubolewaj\u0105, \u017ce trwa \u201eatak na Tuska\u201d. Nie tylko zreszt\u0105 na Tuska, ale i na Ew\u0119 Kopacz, ministr\u00f3w Gowina i Rostowskiego, a tak\u017ce na Tomasza Arabskiego.<\/p>\n<p>Debata ekonomiczna, zainicjowana przez PiS, posz\u0142a ju\u017c w zapomnienie, mia\u0142a ona na celu zmieni\u0107 wizerunek PiS i prezesa Kaczy\u0144skiego jako \u201epartii smole\u0144skiej\u201d w powa\u017cne ugrupowanie zatroskane stanem gospodarki i niedol\u0105 spo\u0142ecze\u0144stwa. Mia\u0142o wytr\u0105ci\u0107 koalicji rz\u0105dz\u0105cej argument, \u017ce jest jedyn\u0105 si\u0142a kompetentn\u0105 i nie ma dla niej alternatywy. Makija\u017c Kaczy\u0144skiego \u2013 ekonomisty i dobrego gospodarza &#8211;\u00a0 w tych dniach przyblad\u0142, poniewa\u017c nadszed\u0142 marsz wolno\u015bci, a przede wszystkim katastrofa z pomyleniem zw\u0142ok i trumien. Dla rz\u0105du wydarzenie fatalne, przede wszystkim wizerunkowo,\u00a0 aczkolwiek to nie rz\u0105d identyfikowa\u0142 zw\u0142oki i lutowa\u0142 trumny.<\/p>\n<p>Podczas czwartkowej debaty w Sejmie, Tusk przeprosi\u0142, wzi\u0105\u0142 na siebie ca\u0142\u0105 odpowiedzialno\u015b\u0107 (inaczej nie m\u00f3g\u0142), ale i doceni\u0142 ogromny trud setek, tysi\u0119cy os\u00f3b, kt\u00f3rzy w\u00a0 dniach katastrofy i po nich, dzia\u0142a\u0142y w imieniu pa\u0144stwa polskiego. W warunkach kolosalnej katastrofy, zamieszania, nieszcz\u0119\u015bcia, z udzia\u0142em dw\u00f3ch pa\u0144stw, b\u0142\u0119dy, pomy\u0142ki, niedor\u00f3bki, nie zawsze odpowiednie s\u0142owa, by\u0142y nieuchronne.<\/p>\n<p>Partia smole\u0144ska nie przyjmie przeprosin szefa rz\u0105du, ani obszernych wyja\u015bnie\u0144 prokuratora Seremety i (sk\u0105din\u0105d swojego ulubionego) ministra Gowina. Przyj\u0119cie informacji i przeprosin oznacza\u0142oby bowiem koniec wojny smole\u0144skiej, koniec wojny\u00a0 na trumny, a ta jest dla opozycji korzystna. Ka\u017cdy b\u0142\u0105d, zaniechanie ze strony polskiej idzie na konto rz\u0105du. Trudno oczekiwa\u0107, \u017ce Kaczy\u0144ski z tego zrezygnuje. On b\u0119dzie gra\u0142 na kilku fortepianach \u2013 ekonomisty, bojownika o wolno\u015b\u0107 s\u0142owa, ofiary smole\u0144skiej, jedynego, kt\u00f3ry jest w stanie uporz\u0105dkowa\u0107 stajni\u0119 Augiasza. Je\u015bli po drodze uda si\u0119 jeszcze bardziej os\u0142abi\u0107 Tuska &#8211;\u00a0 to tym lepiej. \u201e67\u201d, Acta, Amber\u00a0 Gold, ekshumacje, bezrobocie, spowolnienie, lot prezydenta rejsowym samolotem na sesj\u0119 ONZ w Nowym Jorku \u2013 wszystko to os\u0142abia pozycj\u0119 Tuska, a jego najwa\u017cniejszym atutem pozostaje\u00a0 brak alternatywy.<br \/>\nPrezes Kaczy\u0144ski od pewnego czasu pracuje nad tym, \u017ceby sta\u0107 si\u0119 alternatyw\u0105. Milcza\u0142 podczas debaty smole\u0144skiej w Sejmie (ale zaszczyci\u0142 ja swoj\u0105 obecno\u015bci\u0105), schowa\u0142 w dalszych rz\u0119dach Macierewicza i aktyw smole\u0144ski, u\u017cy\u0142 tylko mocnych s\u0142\u00f3w o \u201ewiecznej ha\u0144bie\u201d pod adresem os\u00f3b, takich jak Kopacz i Arabski, kt\u00f3re jego zdaniem nie zda\u0142y egzaminu smole\u0144skiego.<\/p>\n<p>Co dalej? Moim zdaniem wi\u0119cej tego samego: kanonada, przygotowanie artyleryjskie, kt\u00f3re ka\u017cda armia prowadzi przed decyduj\u0105cym atakiem w czasie wybor\u00f3w. Sytuacja polityczna w kraju jednak si\u0119 od tego nie zmieni \u2013 PiS nadal nie ma zdolno\u015bci koalicyjnej (mo\u017ce tylko z PSL), lewica podzielona, roz\u0142amowcy pisowscy (Solidarna Polska i Polska Jest Najwa\u017cniejsza) walcz\u0105 o \u017cycie. W polskim kotle b\u0119dzie si\u0119 nadal gotowa\u0142o.<\/p>\n","protected":false},"excerpt":{"rendered":"<p>Nie miesza\u0142bym Pana Boga do polityki, gdyby\u00a0 nie fakt, \u017ce\u00a0 we Polsce krzy\u017ce, ojciec Rydzyk, duchowie\u0144stwo, TV, bp Dydycz, Telewizja Trwam, zanurzeni s\u0105 w polityk\u0119 po koloratk\u0119. Ostatnio ojciec Rydzyk zakaza\u0142 Zbigniewowi Ziobrze wyst\u0105pienia podczas sobotniego marszu w obronie wolno\u015bci, demokracji i wszystkiego co dobre. Opozycja jest od tego, \u017ceby d\u0105\u017cy\u0107 do zmiany rz\u0105du i\u00a0 [&hellip;]<\/p>\n","protected":false},"author":4,"featured_media":0,"comment_status":"open","ping_status":"open","sticky":false,"template":"","format":"standard","meta":{"footnotes":""},"categories":[1],"tags":[],"_links":{"self":[{"href":"https:\/\/blog.polityka.pl\/passent\/wp-json\/wp\/v2\/posts\/1607"}],"collection":[{"href":"https:\/\/blog.polityka.pl\/passent\/wp-json\/wp\/v2\/posts"}],"about":[{"href":"https:\/\/blog.polityka.pl\/passent\/wp-json\/wp\/v2\/types\/post"}],"author":[{"embeddable":true,"href":"https:\/\/blog.polityka.pl\/passent\/wp-json\/wp\/v2\/users\/4"}],"replies":[{"embeddable":true,"href":"https:\/\/blog.polityka.pl\/passent\/wp-json\/wp\/v2\/comments?post=1607"}],"version-history":[{"count":2,"href":"https:\/\/blog.polityka.pl\/passent\/wp-json\/wp\/v2\/posts\/1607\/revisions"}],"predecessor-version":[{"id":1609,"href":"https:\/\/blog.polityka.pl\/passent\/wp-json\/wp\/v2\/posts\/1607\/revisions\/1609"}],"wp:attachment":[{"href":"https:\/\/blog.polityka.pl\/passent\/wp-json\/wp\/v2\/media?parent=1607"}],"wp:term":[{"taxonomy":"category","embeddable":true,"href":"https:\/\/blog.polityka.pl\/passent\/wp-json\/wp\/v2\/categories?post=1607"},{"taxonomy":"post_tag","embeddable":true,"href":"https:\/\/blog.polityka.pl\/passent\/wp-json\/wp\/v2\/tags?post=1607"}],"curies":[{"name":"wp","href":"https:\/\/api.w.org\/{rel}","templated":true}]}}