
{"id":1614,"date":"2012-10-07T13:05:22","date_gmt":"2012-10-07T11:05:22","guid":{"rendered":"http:\/\/passent.blog.polityka.pl\/?p=1614"},"modified":"2012-10-07T13:05:22","modified_gmt":"2012-10-07T11:05:22","slug":"cudow-nie-ma-2","status":"publish","type":"post","link":"https:\/\/blog.polityka.pl\/passent\/2012\/10\/07\/cudow-nie-ma-2\/","title":{"rendered":"Cud\u00f3w nie ma"},"content":{"rendered":"<p>Wyniki sonda\u017cu, kt\u00f3ry daje PiS-owi 39, a Platformie 33 procent poparcia,\u00a0 nie jest \u017cadnym cudem. Dawno min\u0119\u0142y czasy, gdy PO utrzymywa\u0142a 10 punkt\u00f3w przewagi. Od pewnego czasu partia Tuska wyprzedza\u0142a parti\u0119 Kaczy\u0144skiego o zaledwie kilka punkt\u00f3w procentowych, a\u017c wreszcie sta\u0142o si\u0119. G\u0142\u00f3wne przyczyny:<\/p>\n<p>Malej\u0105ca niech\u0119\u0107 do IV RP. Ludzie starsi, bezpo\u015brednio dotkni\u0119ci w formie czystek czy lustracji &#8211; odchodz\u0105. Przybywa ludzi m\u0142odych, dla kt\u00f3rych IV RP to historia.<\/p>\n<p>Bierno\u015b\u0107 i kunktatorstwo Platformy,\u00a0 lenistwo i brak zapa\u0142u ze strony partii w\u0142adzy. Po obj\u0119ciu stanowisk Platforma sta\u0142a si\u0119 parti\u0105 sytych, rozleniwionych, drzemi\u0105cych w z\u0142udnym poczuciu braku zagro\u017cenia. Rezulktat: brak nowych idei i pomys\u0142\u00f3w, zanik waleczno\u015bci. W takiej sytuacji prof. Staniszkis mo\u017ce m\u00f3wi\u0107 o &#8222;nieudolnej partii w\u0142adzy&#8221;. To, \u017ce przy okazji pani profesor fantazjuje o systemie &#8222;mi\u0119kkich represji&#8221; stosowanych przez PO wobec inaczej my\u015bl\u0105cych, nic nie zmienia. Tak naprawd\u0119,\u00a0 w Polsce panuje wolno\u015b\u0107 s\u0142owa dla opozycji, konferencje prasowe prezesa PiS i prof. Gli\u0144skiego (&#8222;premiera&#8221;) s\u0105 transmitowane, czo\u0142\u00f3wka PiS nie wychodzi z medi\u00f3w elektronicznych, gazety i czasopisma ubiegaj\u0105 si\u0119 o rozmowy z czo\u0142owymi dzia\u0142aczami PiS.<\/p>\n<p>Beznadziejny PR Platformy. W\u0142adza milczy, arogancko zbywa milczeniem nieustann\u0105 krytyk\u0119 i kanonad\u0119 pod jej adresem. Jeden przyk\u0142ad: budynek dla IPN. Zamiast pokaza\u0107, \u017ce Ministerstwo Skarbu Pa\u0144stwa proponowa\u0142o co najmniej pi\u0119\u0107 lokalizacji, pokaza\u0107 je w telewizji, udzieli\u0107 cho\u0107by jednego wywiadu na ten temat, pozwolono na rozp\u0119tanie kampanii o bezdomnym IPN, wyrzucanym na bruk przez niech\u0119tny rz\u0105d.<\/p>\n<p>Konflikty wewn\u0119trzne w PO. Has\u0142o &#8222;jeste\u015bmy parti\u0105 szerok\u0105, w Platformie jest miejsce dla lewicy i prawicy&#8221; w praktyce oznacza nijako\u015b\u0107, wzajemn\u0105 rywalizacj\u0119, skupienie energii i uwagi polityk\u00f3w PO\u00a0 na umocnieniu si\u0119 i os\u0142abianiu rywali we w\u0142asnej partii, zamiast stawiania czo\u0142a opozycji. Tolerancja, kunktatorstwo w sprawach obyczajowych i nadmierny pluralizm doprowadzi\u0142y do parali\u017cu i do zaniku w\u0142asnego oblicza. Jak s\u0142usznie napisa\u0142 Adam Szostkiewicz na swoim blogu, &#8222;po co nam dwa PiS-y?&#8221;.<\/p>\n<p>To wszystko stoi w konflikcie z energiczn\u0105, m\u00f3wi\u0105c\u0105 jednym g\u0142osem parti\u0105 Kaczy\u0144skiego. Jej ofensywa, &#8222;tr\u00f3jskok&#8221; (kulawa &#8222;debata&#8221; ekonomiczna, imponuj\u0105ca manifestacja uliczna i powo\u0142anie &#8222;premiera&#8221; Gli\u0144skiego&#8221;) &#8211; wszystko to robi wra\u017cenie na elektoracie, procentuje w sonda\u017cach.\u00a0<\/p>\n<p>Do tego dochodzi polityczna eksploatacja Smole\u0144ska &#8211; ujawnione b\u0142\u0119dy stanowi\u0105 amunicj\u0119 do ostrzeliwania partii Tuska, Kopacz, Sikorskiego, Arabskiego, jak gdyby katastrofa tej miary by\u0142a wy\u0142\u0105cznie ich win\u0105.<\/p>\n<p>Na wizerunku Platformy zaci\u0105\u017cy\u0142y te\u017c\u00a0 reformy ministra Gowina, deregulacja, kt\u00f3ra zantagonizowa\u0142a i uderzy\u0142a w szereg \u015brodowisk, reforma s\u0105downictwa na niskim szczeblu, kt\u00f3ra mo\u017ce oznacza\u0107, \u017ce dalej b\u0119dzie do s\u0105du, a tak\u017ce zmniejszenie liczby komisariat\u00f3w, kt\u00f3re teoretycznie jest zrozumia\u0142e, ale trudne do zaakceptowania przez mieszka\u0144c\u00f3w.<\/p>\n<p>Platforma ponios\u0142a tak\u017ce straty z powodu afery Amber-Gold oraz b\u0142\u0119d\u00f3w syna premiera.<\/p>\n<p>W sumie mamy do czynienia z parti\u0105 zm\u0119czon\u0105, nieruchaw\u0105, kt\u00f3ra w obronie przed seri\u0105 cios\u00f3w przeciwnika oraz w\u0142asnych potkni\u0119\u0107, nie potrafi stawi\u0107 czo\u0142a ofensywie PiS, z jego prezesem i pretorianami. Je\u017celi ten sygna\u0142 alarmowy nie obudzi Platformy, to nie b\u0119dzie na kogo g\u0142osowa\u0107.<\/p>\n","protected":false},"excerpt":{"rendered":"<p>Wyniki sonda\u017cu, kt\u00f3ry daje PiS-owi 39, a Platformie 33 procent poparcia,\u00a0 nie jest \u017cadnym cudem. Dawno min\u0119\u0142y czasy, gdy PO utrzymywa\u0142a 10 punkt\u00f3w przewagi. Od pewnego czasu partia Tuska wyprzedza\u0142a parti\u0119 Kaczy\u0144skiego o zaledwie kilka punkt\u00f3w procentowych, a\u017c wreszcie sta\u0142o si\u0119. G\u0142\u00f3wne przyczyny: Malej\u0105ca niech\u0119\u0107 do IV RP. Ludzie starsi, bezpo\u015brednio dotkni\u0119ci w formie czystek [&hellip;]<\/p>\n","protected":false},"author":4,"featured_media":0,"comment_status":"open","ping_status":"open","sticky":false,"template":"","format":"standard","meta":{"footnotes":""},"categories":[1],"tags":[],"_links":{"self":[{"href":"https:\/\/blog.polityka.pl\/passent\/wp-json\/wp\/v2\/posts\/1614"}],"collection":[{"href":"https:\/\/blog.polityka.pl\/passent\/wp-json\/wp\/v2\/posts"}],"about":[{"href":"https:\/\/blog.polityka.pl\/passent\/wp-json\/wp\/v2\/types\/post"}],"author":[{"embeddable":true,"href":"https:\/\/blog.polityka.pl\/passent\/wp-json\/wp\/v2\/users\/4"}],"replies":[{"embeddable":true,"href":"https:\/\/blog.polityka.pl\/passent\/wp-json\/wp\/v2\/comments?post=1614"}],"version-history":[{"count":2,"href":"https:\/\/blog.polityka.pl\/passent\/wp-json\/wp\/v2\/posts\/1614\/revisions"}],"predecessor-version":[{"id":1616,"href":"https:\/\/blog.polityka.pl\/passent\/wp-json\/wp\/v2\/posts\/1614\/revisions\/1616"}],"wp:attachment":[{"href":"https:\/\/blog.polityka.pl\/passent\/wp-json\/wp\/v2\/media?parent=1614"}],"wp:term":[{"taxonomy":"category","embeddable":true,"href":"https:\/\/blog.polityka.pl\/passent\/wp-json\/wp\/v2\/categories?post=1614"},{"taxonomy":"post_tag","embeddable":true,"href":"https:\/\/blog.polityka.pl\/passent\/wp-json\/wp\/v2\/tags?post=1614"}],"curies":[{"name":"wp","href":"https:\/\/api.w.org\/{rel}","templated":true}]}}