
{"id":1619,"date":"2012-10-12T11:46:21","date_gmt":"2012-10-12T09:46:21","guid":{"rendered":"http:\/\/passent.blog.polityka.pl\/?p=1619"},"modified":"2012-10-12T11:46:21","modified_gmt":"2012-10-12T09:46:21","slug":"tusk-sciga-sie-z-czasem","status":"publish","type":"post","link":"https:\/\/blog.polityka.pl\/passent\/2012\/10\/12\/tusk-sciga-sie-z-czasem\/","title":{"rendered":"Tusk \u015bciga si\u0119 z czasem"},"content":{"rendered":"<p>&#8222;\u017badnych eksperyment\u00f3w&#8221; &#8211; to has\u0142o kanclerza RFN, Konrada Adenauera, zdaje si\u0119 przy\u015bwieca\u0107 Donaldowi Tuskowi. Na zako\u0144czenie swojego II expose premier przyzna\u0142, \u017ce\u00a0 nie jest specjalist\u0105 od porywaj\u0105cych, wielkich romantycznych wizji. Nie k\u0142\u00f3ci\u0142 si\u0119 te\u017c z opozycj\u0105, do kt\u00f3rej uczyni\u0142 tylko jedn\u0105 czy dwie aluzje, a raz tak\u017ce zwr\u00f3ci\u0142 si\u0119 o pomoc. Tusk kilkakotnie m\u00f3wi\u0142 o &#8222;odzyskiwaniu&#8221; traconego zaufania i poparcia w spo\u0142ecze\u0144stwie, wida\u0107, \u017ce jest \u015bwiadom r\u00f3wni pochy\u0142ej, na kt\u00f3rej znajduje si\u0119 rz\u0105d. Votum ma mie\u0107 tak\u017ce znaczenie ustrojowe, tj. potwierdzi\u0107, \u017ce w Polsce Sejm wy\u0142ania wiekszo\u015b\u0107, jest jeden rz\u0105d i jeden premier. W tym sensie Tusk chce gra\u0107 w otwarte karty i przypomnia\u0142, \u017ce w g\u0142osowaniu nad votum zaufania opozycja potrzebuje mniej g\u0142os\u00f3w ni\u017c\u00a0 do obalenia rz\u0105du w drodze konstruktywnego votum nieufno\u015bci, ale on chce gra\u0107 w otwarte karty. Podj\u0105\u0142 ryzyko niewielkie, ale jednak symboliczne.<\/p>\n<p>Premier zlo\u017cy\u0142 wniosek\u00a0 o votum zaufania dla swojego rz\u0105du z Pawlakiem, aby tym samym ukr\u00f3ci\u0107 dzia\u0142ania opozycji w kierunku konstruktywnego votum nieufono\u015bci i malowanego premiera\u00a0 Gli\u0144skiego. Nale\u017cy si\u0119 spodziewa\u0107, \u017ce w ci\u0105gu najbli\u017cszych godzin Tusk uzyska votum zaufania i b\u0119dzie m\u00f3g\u0142 realizowa\u0107 program PO\/PSL.<\/p>\n<p>Expose &#8211; jak to u Tuska &#8211; nie by\u0142o porywaj\u0105ce, ale by\u0142o rzeczowe i nios\u0142o kilka wa\u017cnych przes\u0142a\u0144, aczkolwiek\u00a0 pomijalo ca\u0142e rejony \u017cycia, jak szkolnictwo, ochrona zdrowia. . Premier kr\u00f3tko przypomnia\u0142 dorobek rz\u0105du w ci\u0105gu jednego roku drugiej kadencji &#8211; reform\u0119 systemu emerytur, &#8222;67&#8221;, ograniczanie przywilj\u00f3w emerytalnych, podwy\u017cki p\u0142ac, udan\u0105 prezydencj\u0119 UE oraz Euro 2012, chocia\u017c wiele os\u00f3b by\u0142o sceptycznych i m\u00f3wi\u0142o, \u017ce &#8222;tu mi kaktus wyro\u015bnie&#8221; je\u015bli te stadiony zostan\u0105 zbudowane. O pora\u017ckach, takich jak na autostradzie A2, premier\u00a0 nie wspomnia\u0142.<\/p>\n<p>Mamy \u015bwietny okres w historii, musimy go wykorzysta\u0107, \u015bciga\u0107 si\u0119 z czasem, kt\u00f3ry nie jest dany na wieczno\u015b\u0107 &#8211; powiedzia\u0142 poremier.\u00a0 Tusk skupi\u0142 si\u0119 na obronie wzrostu gospodarczego, zapowiedzia\u0142 dobrze odebrane posuni\u0119cia w polityce pro-rodzinnej, przede wszystkim wyd\u0142u\u017cenie p\u0142atnego urlopu macierzy\u0144sko-tacierzy\u0144skiego a\u017c do roku, dodatkowe \u015brodki na \u017c\u0142obki i przedszkola.Tusk odni\u00f3s\u0142 si\u0119 krytycznie do tych czterdziestu pos\u0142\u00f3w Platformy, kt\u00f3rzy g\u0142osowali za dopuszczeniem do dyskusji nad restrykcyjn\u0105 propozycj\u0105 Solidarnej Polski w sprawie aborcji. Uzna\u0142, \u017ce ci pos\u0142owie PO pope\u0142nili b\u0142\u0105d i \u017ce szybko go naprawi\u0105. Nie odni\u00f3sl sie jednak do tego, jak ten b\u0142\u0105d by\u0142 mo\u017cliwy i jakim jest dowodem na rozprz\u0119\u017aenie w jego rzekomo centrowej partii.<\/p>\n<p>W polityce gospodarczej Tusk postawi\u0142 na obron\u0119 wzrostu oraz miejsc pracy poprzez inwestycje (tak\u017ce ze \u015brodk\u00f3w sp\u00f3\u0142ek Skarbu Pa\u0144stwa),\u00a0 zw\u0142aszcza w energetyce, nauce, transporcie, obronno\u015bci. Tusk zwr\u00f3ci\u0142 si\u0119 do PiS, by wywar\u0142o nacisk na brytyjskich konserwatyst\u00f3w niech\u0119tnych du\u017cemu bud\u017cetowi Unii Europejskij, sk\u0105d liczymy na 300 mld z\u0142otych. Wa\u017cnym komunikatem by\u0142o zapewnienie, \u017ce umowy o dzie\u0142o i podobne, na kt\u00f3rych pracuja mmiliony ludzi, i to tych biedniejszych, nie zostan\u0105 &#8222;uzusowione&#8221; (nowe s\u0142owo w naszym s\u0142owniku), gdy\u017c jest przeciwny wzrostowi koszt\u00f3w pracy. Zostanie to na pewno dobrze odebrane przez przedsi\u0119biorc\u00f3w, podobnie jak przej\u015bcie na &#8222;kasowy&#8221; system uiszczania podatku VAT dla mniejszych przedsi\u0119biorstw.<\/p>\n<p>Zapewne, \u017ceby wyj\u015b\u0107 z defensywy propagandowej i zr\u00f3wnowa\u017cy\u0107 obecno\u015b\u0107 PiS w mediach, Tusk zapowiedzia\u0142 w najbli\u017cszych dniach konferencje prasowe wszystkich swoich ministr\u00f3w, ale nie zapowiedzia\u0142\u00a0 dotychczas\u00a0 \u017cadnej rekonstrukcji rz\u0105du. Moim zdaniem s\u0142usznie, bo rzucenie kilku ministr\u00f3w na po\u017carcie zaspokoi opozycj\u0119 i media tylko na kilka dni. W sumie &#8211; expose w stylu Adenauera i Erharda, &#8222;\u017cadnych eksperyment\u00f3w&#8221;, krok po kroczku. Zapotrzebowanie Polak\u00f3w na wielkie wizje zaspakaja lider opozycji.<\/p>\n","protected":false},"excerpt":{"rendered":"<p>&#8222;\u017badnych eksperyment\u00f3w&#8221; &#8211; to has\u0142o kanclerza RFN, Konrada Adenauera, zdaje si\u0119 przy\u015bwieca\u0107 Donaldowi Tuskowi. Na zako\u0144czenie swojego II expose premier przyzna\u0142, \u017ce\u00a0 nie jest specjalist\u0105 od porywaj\u0105cych, wielkich romantycznych wizji. Nie k\u0142\u00f3ci\u0142 si\u0119 te\u017c z opozycj\u0105, do kt\u00f3rej uczyni\u0142 tylko jedn\u0105 czy dwie aluzje, a raz tak\u017ce zwr\u00f3ci\u0142 si\u0119 o pomoc. Tusk kilkakotnie m\u00f3wi\u0142 o [&hellip;]<\/p>\n","protected":false},"author":4,"featured_media":0,"comment_status":"open","ping_status":"open","sticky":false,"template":"","format":"standard","meta":{"footnotes":""},"categories":[1],"tags":[],"_links":{"self":[{"href":"https:\/\/blog.polityka.pl\/passent\/wp-json\/wp\/v2\/posts\/1619"}],"collection":[{"href":"https:\/\/blog.polityka.pl\/passent\/wp-json\/wp\/v2\/posts"}],"about":[{"href":"https:\/\/blog.polityka.pl\/passent\/wp-json\/wp\/v2\/types\/post"}],"author":[{"embeddable":true,"href":"https:\/\/blog.polityka.pl\/passent\/wp-json\/wp\/v2\/users\/4"}],"replies":[{"embeddable":true,"href":"https:\/\/blog.polityka.pl\/passent\/wp-json\/wp\/v2\/comments?post=1619"}],"version-history":[{"count":2,"href":"https:\/\/blog.polityka.pl\/passent\/wp-json\/wp\/v2\/posts\/1619\/revisions"}],"predecessor-version":[{"id":1621,"href":"https:\/\/blog.polityka.pl\/passent\/wp-json\/wp\/v2\/posts\/1619\/revisions\/1621"}],"wp:attachment":[{"href":"https:\/\/blog.polityka.pl\/passent\/wp-json\/wp\/v2\/media?parent=1619"}],"wp:term":[{"taxonomy":"category","embeddable":true,"href":"https:\/\/blog.polityka.pl\/passent\/wp-json\/wp\/v2\/categories?post=1619"},{"taxonomy":"post_tag","embeddable":true,"href":"https:\/\/blog.polityka.pl\/passent\/wp-json\/wp\/v2\/tags?post=1619"}],"curies":[{"name":"wp","href":"https:\/\/api.w.org\/{rel}","templated":true}]}}