
{"id":163,"date":"2006-11-09T09:04:49","date_gmt":"2006-11-09T07:04:49","guid":{"rendered":"http:\/\/passent.blog.polityka.pl\/?p=163"},"modified":"2006-11-09T09:04:49","modified_gmt":"2006-11-09T07:04:49","slug":"falszerze-diamentow","status":"publish","type":"post","link":"https:\/\/blog.polityka.pl\/passent\/2006\/11\/09\/falszerze-diamentow\/","title":{"rendered":"Fa\u0142szerze diament\u00f3w"},"content":{"rendered":"<p><strong>Senator Krzysztof Piesiewicz<\/strong> \u2013 adwokat, polityk, wybitny scenarzysta filmowy &#8211; by\u0142 go\u015bciem Salonu \u201ePolityki\u201d w Sopocie. Zanotowa\u0142em dla Pa\u0144stwa fragmenty wypowiedzi senatora:<\/p>\n<p><strong>NIE ZAK\u0141AMYWA\u0106 HISTORII<\/strong>. Rok 1989 to wielkie osi\u0105gni\u0119cie, kt\u00f3rego nie wolno dzi\u015b umniejsza\u0107. Ludzie ciemi\u0119\u017ceni i prze\u015bladowani podj\u0119li dialog ze swoimi prze\u015bladowcami. Po raz pierwszy uda\u0142o si\u0119 odzyska\u0107 wolno\u015b\u0107 i wej\u015b\u0107 do jednego z najpi\u0119kniejszych projekt\u00f3w w historii Europy. Zaakceptowali\u015bmy dialog, u \u017ar\u00f3de\u0142 kt\u00f3rego by\u0142y r\u00f3\u017cne nurty, w tym mi\u0119dzywojenny PPS, tak\u017ce ruchy narodowe, i odnie\u015bli\u015bmy najwi\u0119ksze zwyci\u0119stwo w historii Polski. Je\u017celi kto\u015b kwestionuje Trzeci\u0105 RP, to co proponuje w zamian? To by\u0142 najpi\u0119kniejszy okres w nowo\u017cytnych dziejach pa\u0144stwa polskiego. Je\u017celi to si\u0119 kwestionuje, to nale\u017cy zapyta\u0107: co w\u0142a\u015bciwie podlega zakwestionowaniu? Demokracja? System? Konstytucja? Wolno\u015b\u0107? Czy te\u017c s\u0142abo\u015bci, u\u0142omno\u015bci, charaktery, inklinacje do agresji, warcholstwa, dzia\u0142ania poza prawem? S\u0142abo\u015bci trzeba zwalcza\u0107, ale histori\u0119 Polski nale\u017cy opisywa\u0107 uczciwie, nie kwestionowa\u0107 jednego z najpi\u0119kniejszych jej rozdzia\u0142\u00f3w. Szansa zosta\u0142a wykorzystana. Niech dzisiaj nikt nie m\u00f3wi, \u017ce by\u0142o inaczej \u2013 ca\u0142y czas pojawia\u0142o si\u0119 pytanie: \u201ewejd\u0105, czy nie wejd\u0105?\u201d Ca\u0142y czas! Powsta\u0142 w\u00f3wczas taki etos, taki dialog, taki klimat, kt\u00f3rego ja do ko\u0144ca \u017cycia nie pozwol\u0119 kwestionowa\u0107.<\/p>\n<p>Istnieje szko\u0142a, kt\u00f3ra zmierza do tego, \u017ceby to wszystko zakwestionowa\u0107, po to, aby m\u00f3c funkcjonowa\u0107 w mechanizmach demokratycznych. Odpowiadam: Bandyt\u00f3w trzeba \u015bciga\u0107 i kara\u0107. Patologie \u2013 zwalcza\u0107. K\u0142amstwo \u2013 eliminowa\u0107. Je\u017celi, po 17 latach demokracji, w WSI byli przest\u0119pcy, to nale\u017cy wys\u0142a\u0107 prokuratur\u0119, \u017candarmeri\u0119, powinien by\u0107 proces, wyroki za zdrad\u0119. Nie mo\u017cna ca\u0142y czas funkcjonowa\u0107 w mg\u0142awicy oskar\u017ce\u0144, kt\u00f3re wszystko kwestionuj\u0105. Je\u017celi wszystko by\u0142o z\u0142e, to co w to miejsce? By\u0142em szcz\u0119\u015bliwy, kiedy w rocznic\u0119 KOR pan prezydent odznacza\u0142 tych z lewa i tych z prawa, tak\u017ce przeciwnik\u00f3w swojego sposobu my\u015blenia. Widzia\u0142em, jak podchodzi\u0142a odebra\u0107 odznaczenie rodzina Jana Strzeleckiego, cz\u0142owieka lewicy, kt\u00f3ry z tym zerwa\u0142, kt\u00f3ry za swoje przekonania zap\u0142aci\u0142 najwy\u017csz\u0105 cen\u0119.<\/p>\n<p>Chcia\u0142bym \u017cy\u0107 w kraju, kt\u00f3ry w ten spos\u00f3b opisuje przestrze\u0144 publiczn\u0105, a nie kwestionuje brylant naszej historii. Nasze zwyci\u0119stwo nale\u017cy piel\u0119gnowa\u0107. Historia Polski nie mo\u017ce by\u0107 pisana wy\u0142\u0105cznie przez notatki ubeckie. Kiedy bezpieka zabra\u0142a mnie na Rakowieck\u0105, to tam, pod bram\u0105, sta\u0142 ju\u017c m\u00f3j dziekan, mec. Maciej Dubois, m\u00f3j patron, syn Stanis\u0142awa &#8211; socjalisty. To on mnie wyci\u0105ga\u0142, a mia\u0142 bardzo dobre notowania u \u00f3wczesnych w\u0142adz (poniewa\u017c by\u0142y ulice im. Stanis\u0142awa Dubois), cho\u0107 sam by\u0142 przeciwnikiem ustroju. Historii nie wolno zak\u0142amywa\u0107.<\/p>\n<p><strong>KONFLIKT W\u0141ADZA WYKONAWCZA \u2013 WYMIAR SPRAWIEDLIWO\u015aCI<\/strong>. W\u0142adze komunistyczne zlikwidowa\u0142y Senat, bo ten reprezentowa\u0142 dawne uk\u0142ady \u2013 bur\u017cuazj\u0119, arystokracj\u0119 \u2013 oraz kontrol\u0119 jednej izby parlamentu przez drug\u0105. Zaatakowano kasy chorych, bo by\u0142a to kasa autonomiczna. Autonomia przeszkadza\u0142a. Utworzono szko\u0142\u0119 Duracza i zacz\u0119to w przyspieszonym trybie dwuletnim szkoli\u0107 prawnik\u00f3w, s\u0119dzi\u00f3w. Teraz m\u00f3wi si\u0119: \u201eOtworzy\u0107 drzwi do korporacji.\u201d Nikt nie broni zamkni\u0119tych uk\u0142ad\u00f3w, ani nepotyzmu, ale nie mo\u017cna kwestionowa\u0107 samorz\u0105du adwokatury, kt\u00f3ry cho\u0107 szcz\u0105tkowo, to przetrwa\u0142 nawet najgorsze czasy. Ka\u017cda w\u0142adza powinna \u015bciga\u0107 patologie, zw\u0142aszcza w wymiarze sprawiedliwo\u015bci. Wyrok za pieni\u0105dze to jest zbrodnia na demokracji. Kara za to powinna by\u0107 straszna. Ale tego si\u0119 nie zwalczy, ograniczaj\u0105c samorz\u0105d. Pod has\u0142em \u201eotworzenia drzwi\u201d kryje si\u0119 r\u00f3wnie\u017c pr\u00f3ba utworzenia swojej adwokatury. To si\u0119 nigdy nie uda.<\/p>\n<p>Pewne przestrzenie powinny pozosta\u0107 poza gr\u0105 polityczn\u0105. Jak si\u0119 wprowadzi stawki dla adwokatury, to du\u017ce firmy uciekn\u0105 do Genewy. S\u0119dzia Kry\u017ce, kt\u00f3ry w PRL podpisywa\u0142 wyroki na moich klient\u00f3w, teraz, jako wiceminister, robi taryfy adwokackie, takie jak w PRL. Chc\u0119 wierzy\u0107, \u017ce to jest zagubienie, sza\u0142 gry politycznej. Krzysztof Pomian w fenomenalnym wywiadzie dla \u201eNiezb\u0119dnika Inteligenta\u201d powiedzia\u0142 b. s\u0142usznie, \u017ce wysoki urz\u0119dnik polski mo\u017ce by\u0107 zwolennikiem kary \u015bmierci, ale nie mo\u017ce tego m\u00f3wi\u0107 publicznie jako prezydent czy premier.<\/p>\n<p><strong>O OBRONIE WINNYCH<\/strong>. Rasowy adwokat, kiedy przychodzi do niego klient, nie pyta go, czy jest winny. Nie powinien pyta\u0107. Powinien go wys\u0142ucha\u0107, a nast\u0119pnie przeczyta\u0107 akta. Najlepiej, kiedy jest znakomite oskar\u017cenie, znakomita obrona i znakomity s\u0105d. Kiedy\u015b uwierzy\u0142em klientowi, kt\u00f3ry powiedzia\u0142, \u017ce jest niewinny, bo sprawc\u0119 opisano, \u017ce by\u0142 w br\u0105zowym garniturze, a on br\u0105zowego garnituru nigdy nie mia\u0142. Uda\u0142o mi si\u0119 przekona\u0107 s\u0105d, ale kiedy m\u00f3j klient wyszed\u0142 z krymina\u0142u i mnie odwiedzi\u0142, to mia\u0142 na sobie u\u017cywany br\u0105zowy garnitur. Od tamtego czasu nie pytam swoich klient\u00f3w, czy s\u0105 winni.<\/p>\n<p><strong>O USTAWIE LUSTRACYJNEJ<\/strong>. Pan marsza\u0142ek Borusewicz, sen. Romaszewski i ja uwa\u017camy, \u017ce to, co si\u0119 proponuje teraz,\u00a0jest niedopuszczalne. Robi\u0105 to ludzie bardzo m\u0142odz,i i to jest przera\u017caj\u0105ce. Do Macieja Dubois, o kt\u00f3rym opowiada\u0142em, ubek zapewne przychodzi\u0142 co miesi\u0105c. Zna\u0142em dyrektora szpitala, do kt\u00f3rego\u00a0przychodzi\u0142 ubek co drugi tydzie\u0144, i ten dyrektor by\u0142 zarejestrowany jako kontakt operacyjny, ale ten sam dyrektor w piwnicy drukowa\u0142 bibu\u0142\u0119. To, co si\u0119 teraz proponuje, to nie jest lustracja, ale likwidacja lustracji. Dobrze, \u017ce pan prezydent ma w\u0105tpliwo\u015bci. Lustracja to wola spo\u0142ecze\u0144stwa, \u017ceby jego przewodnikami nie byli ci, kt\u00f3rzy zdradzili. To rozumiem. Ale nikt nie ma prawa rzuca\u0107 na \u017cer owoc\u00f3w przest\u0119pstwa: pods\u0142uchy, listy, inwigilacje &#8211; nie ma takiego prawa, ani ludzkiego ani boskiego, kt\u00f3re by na to zezwala\u0142y. To wykorzystywanie pracy ubeckiej do bie\u017c\u0105cej gry politycznej. Chyba \u017ce kto\u015b ma 30 lat i uwa\u017ca, \u017ce mo\u017ce robi\u0107 wszystko, co si\u0119 zechce.<\/p>\n<p><strong>O SCENARIUSZACH<\/strong>. Pisanie scenariusza polega na umiej\u0119tno\u015bci kontemplacji \u015bwiata, kt\u00f3rego si\u0119 dozna\u0142o. Wybitny prawnik okresu mi\u0119dzywojennego, Petra\u017cycki, stworzy\u0142 koncept zwany \u201eintrospekcj\u0105 prawnicz\u0105\u201d &#8211; tzn., \u017ce gdy si\u0119 tworzy norm\u0119 prawn\u0105 lub tzw. stosunek prawny, to trzeba przez siebie przepu\u015bci\u0107 wi\u0105zk\u0119 dozna\u0144, kt\u00f3re tego rodzaju zjawisko wywo\u0142a. Trzeba mie\u0107 zdolno\u015b\u0107 my\u015blenia abstrakcyjnego, wej\u015b\u0107 \u015bwiat, kt\u00f3ry si\u0119 tworzy. Adwokat stan faktyczny otrzymuje i musi z tego wyci\u0105gn\u0105\u0107 wnioski, natomiast autor musi ten stan faktyczny stworzy\u0107 i &#8211; bro\u0144 Bo\u017ce &#8211; nie wyci\u0105ga\u0107 \u017cadnego wniosku \u2013 to pozostawia odbiorcom.<\/p>\n","protected":false},"excerpt":{"rendered":"<p>Senator Krzysztof Piesiewicz \u2013 adwokat, polityk, wybitny scenarzysta filmowy &#8211; by\u0142 go\u015bciem Salonu \u201ePolityki\u201d w Sopocie. Zanotowa\u0142em dla Pa\u0144stwa fragmenty wypowiedzi senatora: NIE ZAK\u0141AMYWA\u0106 HISTORII. Rok 1989 to wielkie osi\u0105gni\u0119cie, kt\u00f3rego nie wolno dzi\u015b umniejsza\u0107. Ludzie ciemi\u0119\u017ceni i prze\u015bladowani podj\u0119li dialog ze swoimi prze\u015bladowcami. Po raz pierwszy uda\u0142o si\u0119 odzyska\u0107 wolno\u015b\u0107 i wej\u015b\u0107 do jednego [&hellip;]<\/p>\n","protected":false},"author":4,"featured_media":0,"comment_status":"open","ping_status":"open","sticky":false,"template":"","format":"standard","meta":{"footnotes":""},"categories":[1],"tags":[],"_links":{"self":[{"href":"https:\/\/blog.polityka.pl\/passent\/wp-json\/wp\/v2\/posts\/163"}],"collection":[{"href":"https:\/\/blog.polityka.pl\/passent\/wp-json\/wp\/v2\/posts"}],"about":[{"href":"https:\/\/blog.polityka.pl\/passent\/wp-json\/wp\/v2\/types\/post"}],"author":[{"embeddable":true,"href":"https:\/\/blog.polityka.pl\/passent\/wp-json\/wp\/v2\/users\/4"}],"replies":[{"embeddable":true,"href":"https:\/\/blog.polityka.pl\/passent\/wp-json\/wp\/v2\/comments?post=163"}],"version-history":[{"count":0,"href":"https:\/\/blog.polityka.pl\/passent\/wp-json\/wp\/v2\/posts\/163\/revisions"}],"wp:attachment":[{"href":"https:\/\/blog.polityka.pl\/passent\/wp-json\/wp\/v2\/media?parent=163"}],"wp:term":[{"taxonomy":"category","embeddable":true,"href":"https:\/\/blog.polityka.pl\/passent\/wp-json\/wp\/v2\/categories?post=163"},{"taxonomy":"post_tag","embeddable":true,"href":"https:\/\/blog.polityka.pl\/passent\/wp-json\/wp\/v2\/tags?post=163"}],"curies":[{"name":"wp","href":"https:\/\/api.w.org\/{rel}","templated":true}]}}