
{"id":1640,"date":"2012-11-05T00:27:46","date_gmt":"2012-11-04T22:27:46","guid":{"rendered":"http:\/\/passent.blog.polityka.pl\/?p=1640"},"modified":"2012-11-05T00:27:46","modified_gmt":"2012-11-04T22:27:46","slug":"obama-to-jest-to","status":"publish","type":"post","link":"https:\/\/blog.polityka.pl\/passent\/2012\/11\/05\/obama-to-jest-to\/","title":{"rendered":"Obama to jest to!"},"content":{"rendered":"<p>Je\u015bli chodzi o wyb\u00f3r Obama \u2013 Romney, to nie jestem bezstronny. Kibicuj\u0119 temu pierwszemu. By\u0107 mo\u017ce Romney jest lepszym kandydatem, by\u0142by (b\u0119dzie?!) lepszym prezydentem, ale do mnie lepiej trafia Obama. \u017byciorysy tych dw\u00f3ch ludzi s\u0105 ca\u0142kowicie odmienne, wymowne, mo\u017cna powiedzie\u0107 &#8211; symboliczne.<\/p>\n<p>Mitt Romney reprezentuje Ameryk\u0119 syt\u0105 i zadowolona (oczywi\u015bcie, nie z Obalmy\u2026), ma \u017cyciorys banalny, urodzi\u0142 si\u0119 w rodzinie bia\u0142ego polityka, jego matka te\u017c zajmowa\u0142a si\u0119 polityk\u0105, by\u0142 bardzo dobrym studentem, uko\u0144czy\u0142 studia prawniczo \u2013 biznesowe w Harvard, zacz\u0105\u0142 pracowa\u0107 w biznesie, jest za\u0142o\u017cycielem znanej firmy inwestycyjnej, z kt\u00f3rej si\u0119 z czasem wycofa\u0142 (sprzeda\u0142 swoje udzia\u0142y), zosta\u0142 milionerem, jest oceniany na 100 -250 mln dolar\u00f3w, jakim\u015b cudem w ci\u0105gu ostatnich kilkunastu lat p\u0142aci\u0142 podatek dochodowy w wysoko\u015bci zaledwie 13 %, zna si\u0119 na gospodarce, przeznacza du\u017ce sumy na\u00a0 cele charytatywne, jest mormonem, w m\u0142odo\u015bci sp\u0119dzi\u0142 2,5\u00a0 roku jako misjonarz swojego ko\u015bcio\u0142a we Francji, ma liczn\u0105 rodzin\u0119, po powrocie do Stan\u00f3w zacz\u0105\u0142 si\u0119 udziela\u0107 politycznie, przez jedn\u0105 kadencj\u0119 by\u0142 gubernatorem stanu Massachusetts, od tamtego czasu ubiega si\u0119 o stanowisko prezydenta i jest o krok od jego zdobycia. Jego program jest typowo konserwatywny \u2013 mniej rz\u0105du, mniej podatk\u00f3w, ludzie powinni sobie radzi\u0107 sami (47 proc. Amerykan\u00f3w to klienci pa\u0144stwa, nie chc\u0105 wzi\u0105\u0107 swojego losu we w\u0142asne r\u0119ce), Ameryka powinna by\u0107 silna i stanowcza.<\/p>\n<p>Barack Obama jest zupe\u0142nie inny. Nie urodzi\u0142 si\u0119 \u2013 jak m\u00f3wi\u0105 Amerykanie \u2013 ze srebrn\u0105 \u0142y\u017ceczk\u0105 w buzi. Urodzi\u0142 si\u0119 na Hawajach, ojciec pochodzi\u0142 z Kenii, matka by\u0142a bia\u0142a, rodzice si\u0119 rozwiedli, B.O. mieszka\u0142 przez pewien czas z matk\u0105 w Indonezji, podobnie jak Romney uko\u0144czy\u0142 w USA studia prawnicze, ale zamiast zak\u0142ada\u0107 w\u0142asny biznes i zarabia\u0107 pieni\u0105dze, dzia\u0142a\u0142\u00a0 spo\u0142ecznie na rzecz najbiedniejszych i najs\u0142abszych, najpierw Nowym Jorku, potem w Chicago, ju\u017c jako pracownik kancelarii adwokackiej, z czasem zaanga\u017cowa\u0142 si\u0119 w polityk\u0119, by\u0142 senatorem stanowym i krajowym, a cztery lata temu zosta\u0142 pierwszym w historii USA prezydentem, kt\u00f3ry\u00a0 nie jest bia\u0142y. (Je\u015bli Romney zostanie prezydentem to b\u0119dzie pierwszym mormonem na tym stanowisku). Pogl\u0105dy Obamy s\u0105 centro-lewicowe, uda\u0142o mu si\u0119 \u2013 mimo wielu sprzeciw\u00f3w \u2013 wprowadzi\u0107 reform\u0119 w systemie ochrony zdrowia, jego kadencja przypad\u0142a na dramatyczny kryzys gospodarczy, w polityce zagranicznej odszed\u0142 od wy\u015bcigu zbroje\u0144, od\u00a0 umacniania Pax Americana\u00a0 na rzecz dogadywania si\u0119 z Europ\u0105, Rosj\u0105, Chinami, Arabami, co zyska\u0142o mu pokojow\u0105 nagrod\u0119 Nobla, ale i wielu przeciwnik\u00f3w w USA, w Izraelu i w innych krajach (tak\u017ce w Polsce).<\/p>\n<p>Tak widz\u0119 obu kandydat\u00f3w. S\u0105dz\u0119, \u017ce Mitt Romney by\u0142by nie\u00a0 gorszym prezydentem republika\u0144skim ni\u017c Nixon czy Bush senior lub junior, ale gdybym mia\u0142 g\u0142os, to odda\u0142bym go na Obam\u0119. Zazdroszcz\u0119 Ameryce, \u017ce ma prawdziwy wyb\u00f3r, podczas gdy my musimy czeka\u0107 na wybory jeszcze trzy lata, w mi\u0119dzyczasie k\u0142\u00f3c\u0105c si\u0119 o trotyl i o to, kto powinien by\u0142 by\u0107 na pogrzebie.<br \/>\nSzcz\u0119\u015bliwa Ameryka, \u017ce nie musi wybiera\u0107 mniejszego z\u0142a, tylko wi\u0119ksze dobro.<\/p>\n","protected":false},"excerpt":{"rendered":"<p>Je\u015bli chodzi o wyb\u00f3r Obama \u2013 Romney, to nie jestem bezstronny. Kibicuj\u0119 temu pierwszemu. By\u0107 mo\u017ce Romney jest lepszym kandydatem, by\u0142by (b\u0119dzie?!) lepszym prezydentem, ale do mnie lepiej trafia Obama. \u017byciorysy tych dw\u00f3ch ludzi s\u0105 ca\u0142kowicie odmienne, wymowne, mo\u017cna powiedzie\u0107 &#8211; symboliczne. Mitt Romney reprezentuje Ameryk\u0119 syt\u0105 i zadowolona (oczywi\u015bcie, nie z Obalmy\u2026), ma \u017cyciorys [&hellip;]<\/p>\n","protected":false},"author":4,"featured_media":0,"comment_status":"open","ping_status":"open","sticky":false,"template":"","format":"standard","meta":{"footnotes":""},"categories":[1],"tags":[],"_links":{"self":[{"href":"https:\/\/blog.polityka.pl\/passent\/wp-json\/wp\/v2\/posts\/1640"}],"collection":[{"href":"https:\/\/blog.polityka.pl\/passent\/wp-json\/wp\/v2\/posts"}],"about":[{"href":"https:\/\/blog.polityka.pl\/passent\/wp-json\/wp\/v2\/types\/post"}],"author":[{"embeddable":true,"href":"https:\/\/blog.polityka.pl\/passent\/wp-json\/wp\/v2\/users\/4"}],"replies":[{"embeddable":true,"href":"https:\/\/blog.polityka.pl\/passent\/wp-json\/wp\/v2\/comments?post=1640"}],"version-history":[{"count":2,"href":"https:\/\/blog.polityka.pl\/passent\/wp-json\/wp\/v2\/posts\/1640\/revisions"}],"predecessor-version":[{"id":1642,"href":"https:\/\/blog.polityka.pl\/passent\/wp-json\/wp\/v2\/posts\/1640\/revisions\/1642"}],"wp:attachment":[{"href":"https:\/\/blog.polityka.pl\/passent\/wp-json\/wp\/v2\/media?parent=1640"}],"wp:term":[{"taxonomy":"category","embeddable":true,"href":"https:\/\/blog.polityka.pl\/passent\/wp-json\/wp\/v2\/categories?post=1640"},{"taxonomy":"post_tag","embeddable":true,"href":"https:\/\/blog.polityka.pl\/passent\/wp-json\/wp\/v2\/tags?post=1640"}],"curies":[{"name":"wp","href":"https:\/\/api.w.org\/{rel}","templated":true}]}}