
{"id":1647,"date":"2012-11-09T22:33:04","date_gmt":"2012-11-09T20:33:04","guid":{"rendered":"http:\/\/passent.blog.polityka.pl\/?p=1647"},"modified":"2012-11-09T22:33:04","modified_gmt":"2012-11-09T20:33:04","slug":"szacunek-panie-profesorze","status":"publish","type":"post","link":"https:\/\/blog.polityka.pl\/passent\/2012\/11\/09\/szacunek-panie-profesorze\/","title":{"rendered":"Szacunek, Panie Profesorze!"},"content":{"rendered":"<p>S\u0142owa profesora Zbigniewa Brzezi\u0144skiego o z\u0142owrogich aspektach w polityce polskiej, s\u0105 nie tylko bardzo s\u0142uszne, ale i na czasie. Od pewnego czasu ob\u00f3z smole\u0144ski jest w natarciu, coraz wi\u0119cej ludzi wierzy w zamach, lub dopuszcza jego mo\u017cliwo\u015b\u0107, nawet tak rozs\u0105dni ludzie, jak Aleksander Kwa\u015bniewski i Micha\u0142 Kleiber dopuszczaj\u0105 my\u015bl o zagranicznych ekspertach, czy o mi\u0119dzynarodowej komisji, ob\u00f3z rozs\u0105dku znajduje si\u0119 w defensywie, wielu ludzi zaczyna w\u0105tpi\u0107 w dotychczasowe ustalenia specjalist\u00f3w. Zw\u0105tpienie jest wzmacniane pomyleniem zw\u0142ok, ekshumacjami, og\u00f3lnym wra\u017ceniem chaosu i niekompetencji. Jest to wykorzystywane przez ob\u00f3z smole\u0144ski do bezpodstawnych twierdze\u0144 o morderstwie, okrutnej zbrodni, zdradzonych o \u015bwicie, knowaniach Tusk \u2013 Putin, trotylu we wraku samolotu etc.<\/p>\n<p>W takiej sytuacji prof. Brzezi\u0144ski poczu\u0142 si\u0119 zmuszony do zabrania g\u0142osu i to w tonie alarmuj\u0105cym. Trudno\u00a0 o osob\u0119 bardziej wiarygodn\u0105. Polecam ksi\u0105\u017ck\u0119 Andrzeja Lubowskiego\u00a0 \u201eZBIG. Cz\u0142owiek, kt\u00f3ry podminowa\u0142 Kreml\u201d. Wystarczy powiedzie\u0107, \u017ce przed 1989 rokiem by\u0142 to jeden z najbardziej znienawidzonych dla Kremla polityk\u00f3w ameryka\u0144skich, \u201ejastrz\u0105b\u201d, szczeg\u00f3lnie niebezpieczny dla ZSRR i jego obozu, autor skutecznej taktyki prezydenta Cartera, k\u0142ad\u0105cej nacisk na prawa cz\u0142owieka. W Stanach Zjednoczonych i na Zachodzie \u201eZbig\u201d Brzezi\u0144ski uchodzi\u0142 ju\u017c od dawna za jednego z najwybitniejszych politolog\u00f3w i strateg\u00f3w, by\u0142 doradc\u0105 prezydent\u00f3w, cz\u0142owiekiem o pozycji zbli\u017conej do\u00a0 Henry Kissingera, w dodatku Brzezi\u0144ski jest Polakiem, \u015bwietnie zna nasz kraj i nasz j\u0119zyk. Jego zas\u0142ugi dla podminowania ZSRR i komunizmu s\u0105 niepodwa\u017calne, chyba nawet przez \u017c\u00f3\u0142todziob\u00f3w z PiS.<\/p>\n<p>Brzezi\u0144ski powiedzia\u0142 to, co wiele os\u00f3b wie, a nawet twierdzi publicznie od czasu katastrofy. \u201eJak si\u0119 obserwuje dialog polityczny w Polsce to trudno nie by\u0107 przera\u017conym, do jakiego stopnia j\u0119zyk polityczny w Polsce stal si\u0119 brutalny, a gra polityczna nieodpowiedzialna, i kt\u00f3ra ze stron (\u2026)\u00a0 zmierza do podwa\u017cenia szacunku dla pa\u0144stwa, dla Polski i dla fundament\u00f3w polskiej demokracji.<\/p>\n<p>Te ci\u0105gle nieodpowiedzialne bzdury o jakim\u015b zamachu smole\u0144skim, bez wskazania kto jest pono\u0107 za ten zamach odpowiedzialny, ale sugeruj\u0105c, \u017ce to jest prawdopodobnie rz\u0105d polski, a mo\u017ce i Sowieci, a mo\u017ce i razem, to jest co\u015b tak wstr\u0119tnego i tak szkodliwego, \u017ce mam nadzieje, \u017ce osoby bardziej odpowiedzialne w opozycji wobec rz\u0105du jako\u015b inaczej\u00a0 si\u0119 do tego odnios\u0105. Bo to jest strasznie wredna robota, robiona widocznie przez par\u0119 os\u00f3b cierpi\u0105cych na jakie\u015b psychologiczne trudno\u015bci\u2026(\u2026)\u00a0 Nie mo\u017cna tak niszczy\u0107 tego, czym jest demokracja. (\u2026) To jest nie tylko szkodliwe, to jest warte pogardy\u201d.<\/p>\n<p>\u201eZbig\u201d powiedzia\u0142 to, co wszyscy rozs\u0105dni ludzie wiedz\u0105, a wielu m\u00f3wi to publicznie. Ale kiedy m\u00f3wi to prof. Brzezi\u0144ski, to te s\u0142owa maj\u0105\u00a0 dodatkow\u0105 uwag\u0119. \u201eZbiga\u201d nie mo\u017cna zlustrowa\u0107, zdyskredytowa\u0107, \u017ce mia\u0142 dziadka w Wehrmachcie, \u017ce jest cz\u0142onkiem \u201euk\u0142adu\u201d, \u017ce jest uwik\u0142any i powi\u0105zany, \u017ce pozostaje\u00a0 w zmowie z Putinem, \u017ce jest zdrajc\u0105, zaprza\u0144cem, kt\u00f3ry powinien trafi\u0107 przed s\u0105d. W jego przypadku wa\u017cne jest nie tylko CO m\u00f3wi, ale i KTO to m\u00f3wi. Jego s\u0142owa powinny doda\u0107 otuchy wszystkim, kt\u00f3rych ogarnia zw\u0105tpienie, kt\u00f3rym opadaj\u0105 r\u0119ce, kt\u00f3rzy maj\u0105 tego wszystkiego do\u015b\u0107.<\/p>\n","protected":false},"excerpt":{"rendered":"<p>S\u0142owa profesora Zbigniewa Brzezi\u0144skiego o z\u0142owrogich aspektach w polityce polskiej, s\u0105 nie tylko bardzo s\u0142uszne, ale i na czasie. Od pewnego czasu ob\u00f3z smole\u0144ski jest w natarciu, coraz wi\u0119cej ludzi wierzy w zamach, lub dopuszcza jego mo\u017cliwo\u015b\u0107, nawet tak rozs\u0105dni ludzie, jak Aleksander Kwa\u015bniewski i Micha\u0142 Kleiber dopuszczaj\u0105 my\u015bl o zagranicznych ekspertach, czy o mi\u0119dzynarodowej [&hellip;]<\/p>\n","protected":false},"author":4,"featured_media":0,"comment_status":"open","ping_status":"open","sticky":false,"template":"","format":"standard","meta":{"footnotes":""},"categories":[1],"tags":[],"_links":{"self":[{"href":"https:\/\/blog.polityka.pl\/passent\/wp-json\/wp\/v2\/posts\/1647"}],"collection":[{"href":"https:\/\/blog.polityka.pl\/passent\/wp-json\/wp\/v2\/posts"}],"about":[{"href":"https:\/\/blog.polityka.pl\/passent\/wp-json\/wp\/v2\/types\/post"}],"author":[{"embeddable":true,"href":"https:\/\/blog.polityka.pl\/passent\/wp-json\/wp\/v2\/users\/4"}],"replies":[{"embeddable":true,"href":"https:\/\/blog.polityka.pl\/passent\/wp-json\/wp\/v2\/comments?post=1647"}],"version-history":[{"count":2,"href":"https:\/\/blog.polityka.pl\/passent\/wp-json\/wp\/v2\/posts\/1647\/revisions"}],"predecessor-version":[{"id":1649,"href":"https:\/\/blog.polityka.pl\/passent\/wp-json\/wp\/v2\/posts\/1647\/revisions\/1649"}],"wp:attachment":[{"href":"https:\/\/blog.polityka.pl\/passent\/wp-json\/wp\/v2\/media?parent=1647"}],"wp:term":[{"taxonomy":"category","embeddable":true,"href":"https:\/\/blog.polityka.pl\/passent\/wp-json\/wp\/v2\/categories?post=1647"},{"taxonomy":"post_tag","embeddable":true,"href":"https:\/\/blog.polityka.pl\/passent\/wp-json\/wp\/v2\/tags?post=1647"}],"curies":[{"name":"wp","href":"https:\/\/api.w.org\/{rel}","templated":true}]}}