
{"id":1654,"date":"2012-11-15T00:12:53","date_gmt":"2012-11-14T22:12:53","guid":{"rendered":"http:\/\/passent.blog.polityka.pl\/?p=1654"},"modified":"2012-11-15T00:12:53","modified_gmt":"2012-11-14T22:12:53","slug":"badz-tu-madry","status":"publish","type":"post","link":"https:\/\/blog.polityka.pl\/passent\/2012\/11\/15\/badz-tu-madry\/","title":{"rendered":"B\u0105d\u017a tu m\u0105dry!"},"content":{"rendered":"<p>Kr\u00f3tka wizyta w mediach mo\u017ce cz\u0142owieka przestraszy\u0107. Jak czytam w Onecie, na spotkaniu z pos\u0142em Macierewiczem w Czeladzi omal nie dosz\u0142o do r\u0119koczyn\u00f3w. Pose\u0142 uratowa\u0142 swojego antagonist\u0119 przed ciosami swoich krewkich zwolennik\u00f3w. Wyzywano si\u0119 od \u201epederast\u00f3w\u201d i \u201eg&#8230;arzy\u201d.<\/p>\n<p>\u00a0W telewizji brylowa\u0142 by\u0142y pose\u0142 LPR, Artur Zawisza, jeden z organizator\u00f3w Marszu Niepodleg\u0142o\u015bci, zimny, cyniczny gracz, kt\u00f3ry doprowadza swoich antagonist\u00f3w do sza\u0142u. Media go nie bojkotuj\u0105 \u2013 wr\u0119cz przeciwnie, go\u015bci\u0142 w najbardziej ogl\u0105danych programach TVN i TVP. Im kto bardziej pyskaty, tym wi\u0119kszym cieszy si\u0119 wzi\u0119ciem. Znana feministka rzuci\u0142a mu w twarz, \u017ceby sobie nie wyciera\u0142 swojej \u201efaszystowskiej mordy\u201d osob\u0105 jej ojca (znanego prawnika, zas\u0142u\u017conego obro\u0144cy). Szkoda, \u017ce da\u0142a si\u0119 wyprowadzi\u0107 z r\u00f3wnowagi, ale trudno si\u0119 dziwi\u0107.\u00a0\u00a0<\/p>\n<p>Jaki\u015b m\u0142odociany g\u0142upek z PO, podobno dziennikarz (zaw\u00f3d ten kojarzy si\u0119 coraz gorzej) napisa\u0142 na twisterze, \u017ce Jaros\u0142aw Kaczy\u0144ski jest gorszy od Hitlera, bo demoluje wewn\u0119trznie Polsk\u0119, podczas gdy dyktator chcia\u0142 przynajmniej stworzy\u0107 silne pa\u0144stwo. Nale\u017cy go pot\u0119pi\u0107 za wszystko, co czyni\u0142, ale chcia\u0142 silnych, stabilnych (?!) Niemiec. \u201ePolitycy maj\u0105 r\u00f3\u017cne wizje na stworzenie silnego pa\u0144stwa, ale ma\u0142o jest takich, kt\u00f3rzy demoluj\u0105 sw\u00f3j kraj i chc\u0105 walki z innymi narodami\u201d \u2013 pisze o prezesie PiS \u0141ukasz Kulpa.<\/p>\n<p>Ca\u0142a ta \u201eargumentacja\u201d przypomina mi tych, kt\u00f3rzy twierdz\u0105, \u017ce by\u0107 mo\u017ce\u00a0 Pinochet wymordowa\u0142 tysi\u0105ce ludzi, ale mia\u0142 na celu reform\u0119 gospodarki i dobro pa\u0144stwa.<\/p>\n<p>Podczas Marszu Niepodleg\u0142o\u015bci nawi\u0105zywano do ONR i M\u0142odzie\u017cy Wszechpolskiej, cho\u0107 zapewne wi\u0119kszo\u015b\u0107 uczestnik\u00f3w marszu nie zna\u0142a nawet prawdy o ONR, o Falandze, o odra\u017caj\u0105cych aktach przemocy i antysemityzmu w wykonaniu ich boj\u00f3wek przed wojn\u0105. To skutki coraz gorszego poziomu edukacji, a tak\u017ce\u00a0 polityki historycznej POPiS-u.<\/p>\n<p>Temperatura polityczna w kraju zwy\u017ckuje, celowo podgrzewana przez ob\u00f3z smole\u0144ski i trotyl na wraku. Druga strona daje si\u0119 prowokowa\u0107 i te\u017c nie jest wolna od durni\u00f3w. Do g\u0142osu dochodzi nieuctwo i chamstwo. Radyka\u0142owie zbieraj\u0105 swoje \u017cniwo. S\u0105 wsz\u0119dzie \u2013 w telewizji, w pochodzie, na spotkaniach, na Twitterze. Oszczercy i prowokatorzy czuj\u0105 si\u0119 bezkarni. Oby ich dopad\u0142a sprawiedliwo\u015b\u0107! Ale wtedy podniesie si\u0119 larum w obronie wolno\u015bci s\u0142owa. I b\u0105d\u017a tu m\u0105dry!<\/p>\n","protected":false},"excerpt":{"rendered":"<p>Kr\u00f3tka wizyta w mediach mo\u017ce cz\u0142owieka przestraszy\u0107. Jak czytam w Onecie, na spotkaniu z pos\u0142em Macierewiczem w Czeladzi omal nie dosz\u0142o do r\u0119koczyn\u00f3w. Pose\u0142 uratowa\u0142 swojego antagonist\u0119 przed ciosami swoich krewkich zwolennik\u00f3w. Wyzywano si\u0119 od \u201epederast\u00f3w\u201d i \u201eg&#8230;arzy\u201d. \u00a0W telewizji brylowa\u0142 by\u0142y pose\u0142 LPR, Artur Zawisza, jeden z organizator\u00f3w Marszu Niepodleg\u0142o\u015bci, zimny, cyniczny gracz, kt\u00f3ry [&hellip;]<\/p>\n","protected":false},"author":4,"featured_media":0,"comment_status":"open","ping_status":"open","sticky":false,"template":"","format":"standard","meta":{"footnotes":""},"categories":[1],"tags":[],"_links":{"self":[{"href":"https:\/\/blog.polityka.pl\/passent\/wp-json\/wp\/v2\/posts\/1654"}],"collection":[{"href":"https:\/\/blog.polityka.pl\/passent\/wp-json\/wp\/v2\/posts"}],"about":[{"href":"https:\/\/blog.polityka.pl\/passent\/wp-json\/wp\/v2\/types\/post"}],"author":[{"embeddable":true,"href":"https:\/\/blog.polityka.pl\/passent\/wp-json\/wp\/v2\/users\/4"}],"replies":[{"embeddable":true,"href":"https:\/\/blog.polityka.pl\/passent\/wp-json\/wp\/v2\/comments?post=1654"}],"version-history":[{"count":2,"href":"https:\/\/blog.polityka.pl\/passent\/wp-json\/wp\/v2\/posts\/1654\/revisions"}],"predecessor-version":[{"id":1656,"href":"https:\/\/blog.polityka.pl\/passent\/wp-json\/wp\/v2\/posts\/1654\/revisions\/1656"}],"wp:attachment":[{"href":"https:\/\/blog.polityka.pl\/passent\/wp-json\/wp\/v2\/media?parent=1654"}],"wp:term":[{"taxonomy":"category","embeddable":true,"href":"https:\/\/blog.polityka.pl\/passent\/wp-json\/wp\/v2\/categories?post=1654"},{"taxonomy":"post_tag","embeddable":true,"href":"https:\/\/blog.polityka.pl\/passent\/wp-json\/wp\/v2\/tags?post=1654"}],"curies":[{"name":"wp","href":"https:\/\/api.w.org\/{rel}","templated":true}]}}