
{"id":1658,"date":"2012-11-16T00:25:12","date_gmt":"2012-11-15T22:25:12","guid":{"rendered":"http:\/\/passent.blog.polityka.pl\/?p=1658"},"modified":"2012-11-16T00:25:12","modified_gmt":"2012-11-15T22:25:12","slug":"lamance-gowina","status":"publish","type":"post","link":"https:\/\/blog.polityka.pl\/passent\/2012\/11\/16\/lamance-gowina\/","title":{"rendered":"\u0141ama\u0144ce  Gowina"},"content":{"rendered":"<p>Jaros\u0142aw Gowin poczyni\u0142 ostatnio dwie uwagi, kt\u00f3re mnie zaniepokoi\u0142y, poniewa\u017c ich autor nie jest osob\u0105 prywatn\u0105, tylko ministrem Sprawiedliwo\u015bci.<br \/>\nNie dysponuj\u0119 stenogramem, dlatego te uwagi omawiam, a nie cytuj\u0119 dos\u0142ownie (wiele os\u00f3b na pewno ogl\u0105da\u0142o \u201eKropk\u0119 na i\u201d Moniki Olejnik w TVN 24, wi\u0119c mo\u017ce potwierdzi\u0107).<\/p>\n<p>Pierwsza uwaga dotyczy Krytyki Politycznej. Minister Gowin od\u017cegna\u0142 si\u0119 do wszelkich skrajno\u015bci, wymieniaj\u0105c jednym tchem i stawiaj\u0105c na r\u00f3wni M\u0142odzie\u017c Wszechpolsk\u0105, ONR oraz\u2026 Krytyk\u0119 Polityczn\u0105. Co prawda Krytyka ma na sumieniu antyfaszyst\u00f3w niemieckich, kt\u00f3rzy rok temu podczas pochodu wszcz\u0119li burd\u0119 i schronili si\u0119 w lokalu Krytyki, ale nie z tego znana jest ta instytucja kierowana przez S\u0142awomira Sierakowskiego. Dla mnie Krytyka to przede wszystkim lewicowy think tank, periodyk, wydawnictwo (Brzozowski, Zizek, badiou, Althusser, Mencel, Bauman), wszechnica, klub dyskusyjny, miejsce niezliczonych prelekcji, wyk\u0142ad\u00f3w, dyskusji, z udzia\u0142em wybitnych autor\u00f3w i my\u015blicieli, niekoniecznie lewicowych, to tak\u017ce o\u015brodek wiedzy o sztuce, malarstwie (Wilhelm Sasnal), teatrze i filmie. W ci\u0105gu 10 lat z niewielkiego grona Krytyka przekszta\u0142ci\u0142a si\u0119 w wa\u017cn\u0105 instytucj\u0119 na mapie intelektualnej Polski.<\/p>\n<p>Natomiast Ob\u00f3z Narodowo Radykalny i M\u0142odzie\u017c Wszechpolska to organizacje nawi\u0105zuj\u0105ce do ponurych tradycji skrajnej prawicy, nie tyle patriotycznych co nacjonalistycznych, ksenofobicznych, antysemickich, jak na razie bez dorobku intelektualnego. Nawet Jaros\u0142aw Kaczy\u0144ski i PiS trzyma\u0142 si\u0119 w tym roku z dala od organizowanego przez oba \u015brodowiska Marszu Niepodleg\u0142o\u015bci.<\/p>\n<p>Przyr\u00f3wnuj\u0105c\u00a0 Krytyk\u0119 Polityczn\u0105 do ONR i MW minister Jaros\u0142aw Gowin pope\u0142ni\u0142 gaf\u0119 niegodn\u0105 ministra, a ju\u017c zw\u0142aszcza ministra Sprawiedliwo\u015bci.<\/p>\n<p>Druga uwaga ministra, to prawdziwa insynuacja pod adresem Aleksandra Kwa\u015bniewskiego. Gowin niedwuznacznie zasugerowa\u0142, \u017ce ko\u0142a\u00a0 gospodarcze, kt\u00f3re stoj\u0105 za by\u0142ym prezydentem, dzia\u0142aj\u0105 w obcym (rozumiem, \u017ce\u00a0 rosyjskim \u2013 Pass.) interesie, bo s\u0105 przeciwne eksploatacji gazu \u0142upkowego w Polsce. Czyli poplecznicy by\u0142ego prezydenta reprezentuj\u0105 interesy Rosji. Dopytywany przez Monik\u0119 Olejnik o kogo konkretnie chodzi, Gowin najpierw kr\u0119ci\u0142, \u017ce przecie\u017c wiadomo, \u017ce za Kwa\u015bniewskim sta\u0142y ko\u0142a gospodarcze, potem nie potrafi\u0142 powiedzie\u0107 kogo konkretnie ma na my\u015bli, wreszcie obieca\u0142, \u017ce nazwisko przy\u015ble sms-em. Nawet je\u017celi minister Gowin takie nazwisko znajdzie &#8211;\u00a0 to o czym to \u015bwiadczy? \u017be jaka\u015b osoba jest przeciwna eksploatacji gazu \u0142upkowego. Ale co z tego? Przecie\u017c na Zachodzie Europy ca\u0142e kraje wstrzymuj\u0105 prace nad eksploatacj\u0105 tego surowca, ma ona tak\u017ce wielu przeciwnik\u00f3w w Polsce, g\u0142\u00f3wnie ekolog\u00f3w. Gadanie o tym, \u017ce ja wiem, ale konkret\u00f3w\u00a0 nie podam, to wykapany Jaros\u0142aw Kaczy\u0144ski. Minister Gowin m\u00f3wi\u0142 dzi\u015b j\u0119zykiem PiS.<\/p>\n<p>Bez wzgl\u0119du na to, kto w sporze o \u0142upki ma racj\u0119,\u00a0 insynuacja pozostaje insynuacj\u0105.<\/p>\n","protected":false},"excerpt":{"rendered":"<p>Jaros\u0142aw Gowin poczyni\u0142 ostatnio dwie uwagi, kt\u00f3re mnie zaniepokoi\u0142y, poniewa\u017c ich autor nie jest osob\u0105 prywatn\u0105, tylko ministrem Sprawiedliwo\u015bci. Nie dysponuj\u0119 stenogramem, dlatego te uwagi omawiam, a nie cytuj\u0119 dos\u0142ownie (wiele os\u00f3b na pewno ogl\u0105da\u0142o \u201eKropk\u0119 na i\u201d Moniki Olejnik w TVN 24, wi\u0119c mo\u017ce potwierdzi\u0107). Pierwsza uwaga dotyczy Krytyki Politycznej. Minister Gowin od\u017cegna\u0142 si\u0119 [&hellip;]<\/p>\n","protected":false},"author":4,"featured_media":0,"comment_status":"open","ping_status":"open","sticky":false,"template":"","format":"standard","meta":{"footnotes":""},"categories":[1],"tags":[],"_links":{"self":[{"href":"https:\/\/blog.polityka.pl\/passent\/wp-json\/wp\/v2\/posts\/1658"}],"collection":[{"href":"https:\/\/blog.polityka.pl\/passent\/wp-json\/wp\/v2\/posts"}],"about":[{"href":"https:\/\/blog.polityka.pl\/passent\/wp-json\/wp\/v2\/types\/post"}],"author":[{"embeddable":true,"href":"https:\/\/blog.polityka.pl\/passent\/wp-json\/wp\/v2\/users\/4"}],"replies":[{"embeddable":true,"href":"https:\/\/blog.polityka.pl\/passent\/wp-json\/wp\/v2\/comments?post=1658"}],"version-history":[{"count":2,"href":"https:\/\/blog.polityka.pl\/passent\/wp-json\/wp\/v2\/posts\/1658\/revisions"}],"predecessor-version":[{"id":1660,"href":"https:\/\/blog.polityka.pl\/passent\/wp-json\/wp\/v2\/posts\/1658\/revisions\/1660"}],"wp:attachment":[{"href":"https:\/\/blog.polityka.pl\/passent\/wp-json\/wp\/v2\/media?parent=1658"}],"wp:term":[{"taxonomy":"category","embeddable":true,"href":"https:\/\/blog.polityka.pl\/passent\/wp-json\/wp\/v2\/categories?post=1658"},{"taxonomy":"post_tag","embeddable":true,"href":"https:\/\/blog.polityka.pl\/passent\/wp-json\/wp\/v2\/tags?post=1658"}],"curies":[{"name":"wp","href":"https:\/\/api.w.org\/{rel}","templated":true}]}}