
{"id":1664,"date":"2012-11-22T19:27:57","date_gmt":"2012-11-22T17:27:57","guid":{"rendered":"http:\/\/passent.blog.polityka.pl\/?p=1664"},"modified":"2012-11-22T19:27:57","modified_gmt":"2012-11-22T17:27:57","slug":"iv-rp-przed-trybunal-stanu","status":"publish","type":"post","link":"https:\/\/blog.polityka.pl\/passent\/2012\/11\/22\/iv-rp-przed-trybunal-stanu\/","title":{"rendered":"IV RP przed Trybuna\u0142 Stanu ?"},"content":{"rendered":"<p>Wniosek Platformy Obywatelskiej o postawienie by\u0142ego premiera, Jaros\u0142awa Kaczy\u0144skiego, i by\u0142ego ministra Sprawiedliwo\u015bci, Zbigniewa Ziobry, przed Trybuna\u0142em Stanu jest mocno sp\u00f3\u017aniony (obaj panowie od ponad 5 lat nie rz\u0105dz\u0105, tylko s\u0105 w opozycji), a jednocze\u015bnie nie jest zaskoczeniem \u2013 jest kolejnym ruchem w wojnie polsko \u2013 polskiej.<\/p>\n<p>Ciekawe, \u017ce Platforma zdecydowa\u0142a si\u0119 na ten krok nie wtedy, kiedy prze\u017cywa\u0142a spadek poparcia i w sonda\u017cach spad\u0142a na drugie miejsce, ale teraz, kiedy z\u0142apa\u0142a wiatr w \u017cagle i w badaniach opinii wyra\u017anie\u00a0 g\u00f3ruje nad Prawem i Sprawiedliwo\u015bci\u0105 (nie m\u00f3wi\u0105c o Solidarnej Polsce). By\u0107 mo\u017ce chodzi\u0142o o to, \u017ceby unikn\u0105\u0107 zarzutu, \u017ce ton\u0105cy Tusk brzytwy si\u0119 chwyta.<\/p>\n<p>Zg\u0142oszenie wniosku w czasie, kiedy premier przebywa w Brukseli i walczy o najwa\u017cniejsze dzi\u015b dla Polski sprawy, mo\u017ce wskazywa\u0107 na to, \u017ce Donald Tusk\u00a0 trzyma si\u0119 z dala od bratob\u00f3jczej wojny dawnych przyjaci\u00f3\u0142 z POPiS-u. Zarazem wzmacnia to chwiejn\u0105 pozycj\u0119 przewodnicz\u0105cego Klubu Poselskiego PO, Rafa\u0142a Grupi\u0144skiego, kt\u00f3ry od czasu niefortunnego dla PO g\u0142osowania nad wnioskiem o dopuszczenie do procedowania przez Sejm wniosku o zaostrzenie ustawy aborcyjnej, znalaz\u0142 si\u0119 na cenzurowanym.<\/p>\n<p>Dlaczego Platforma sk\u0142ada wniosek o trybuna\u0142 Stanu dla Kaczy\u0144skiego i Ziobry akurat w tym momencie? By\u0107 mo\u017ce ma to by\u0107 odpowied\u017a na rozgoryczenie cz\u0142onk\u00f3w i wyborc\u00f3w, kt\u00f3rzy narzekali na bierno\u015b\u0107 Platformy, na to, \u017ce partia Tuska straci\u0142a inicjatyw\u0119, a PiS dyktuje agend\u0119, dominuje w mediach, prowadzi nieustaj\u0105ca kanonad\u0119 na ob\u00f3z rz\u0105dz\u0105cy.\u00a0 Tak sugeruje Janusz Palikot, kt\u00f3ry zapowiedzia\u0142, \u017ce jego Ruch poprze wniosek Platformy, chocia\u017c jej motywy s\u0105 \u201ep\u0142askie\u201d.<\/p>\n<p>Decyzja Platformy jest ryzykowna. Po stronie minus\u00f3w: Trudno b\u0119dzie zebra\u0107 wymagan\u0105 liczb\u0119 g\u0142os\u00f3w (3\/5) niezb\u0119dnych, \u017ceby by\u0142ych cz\u0142onk\u00f3w rz\u0105du postawi\u0107 przed Trybuna\u0142em Stanu. A nawet gdyby do tego dosz\u0142o (co jest ma\u0142o prawdopodobne) trudno b\u0119dzie wygra\u0107 spraw\u0119 i doprowadzi\u0107 do uznania winy Kaczy\u0144skiego i Ziobry. Pi\u0119\u0107 lat po faktach, po tym, jak komisja \u201enaciskowa\u201d pod niefortunnym przewodnictwem Andrzeja Czumy nie stwierdzi\u0142a \u201enacisk\u00f3w\u201d, po tym, jak kilka proces\u00f3w przeciwko funkcjonariuszom IV RP zako\u0144czy\u0142o si\u0119 ich sukcesem, \u201eskazanie IV RP\u201d jest w\u0105tpliwe. Gdyby Platforma konsekwentnie rozlicza\u0142a IV RP i jej instytucje, dzisiejszy wniosek o Trybuna\u0142 Stanu by\u0142by bardziej logiczny. Donald Tusk zdecydowa\u0142 si\u0119 jednak by\u0107 wielkoduszny i os\u0142ania\u0107 IV RP zas\u0142on\u0105 milczenia. Straszenie PiS-em jest bardziej dzie\u0142em publicyst\u00f3w i innych sympatyk\u00f3w, ni\u017c \u015bwiadom\u0105 polityk\u0105 Platformy.<\/p>\n<p>Sympatyk\u00f3w\u00a0 Platformy i przeciwnik\u00f3w IV RP wniosek o Trybuna\u0142 Stanu mo\u017ce zadowoli\u0107 jako przejaw inicjatywy PO w wojnie polsko \u2013 polskiej i mocno sp\u00f3\u017aniona pr\u00f3ba os\u0105dzenia patologii rz\u0105d\u00f3w Marcinkiewicza i Kaczy\u0144skiego,\u00a0 walki z wyimaginowanym \u201euk\u0142adem\u201d, niszczenia ludzi takich jak Barbara Blida i dr G., \u0142amania prawa i cz\u0142owieka. Kaczy\u0144ski i Ziobro nie tyle powinni si\u0119 ba\u0107 Trybuna\u0142u Stanu co trybuna\u0142u historii.<\/p>\n","protected":false},"excerpt":{"rendered":"<p>Wniosek Platformy Obywatelskiej o postawienie by\u0142ego premiera, Jaros\u0142awa Kaczy\u0144skiego, i by\u0142ego ministra Sprawiedliwo\u015bci, Zbigniewa Ziobry, przed Trybuna\u0142em Stanu jest mocno sp\u00f3\u017aniony (obaj panowie od ponad 5 lat nie rz\u0105dz\u0105, tylko s\u0105 w opozycji), a jednocze\u015bnie nie jest zaskoczeniem \u2013 jest kolejnym ruchem w wojnie polsko \u2013 polskiej. Ciekawe, \u017ce Platforma zdecydowa\u0142a si\u0119 na ten krok [&hellip;]<\/p>\n","protected":false},"author":4,"featured_media":0,"comment_status":"open","ping_status":"open","sticky":false,"template":"","format":"standard","meta":{"footnotes":""},"categories":[1],"tags":[],"_links":{"self":[{"href":"https:\/\/blog.polityka.pl\/passent\/wp-json\/wp\/v2\/posts\/1664"}],"collection":[{"href":"https:\/\/blog.polityka.pl\/passent\/wp-json\/wp\/v2\/posts"}],"about":[{"href":"https:\/\/blog.polityka.pl\/passent\/wp-json\/wp\/v2\/types\/post"}],"author":[{"embeddable":true,"href":"https:\/\/blog.polityka.pl\/passent\/wp-json\/wp\/v2\/users\/4"}],"replies":[{"embeddable":true,"href":"https:\/\/blog.polityka.pl\/passent\/wp-json\/wp\/v2\/comments?post=1664"}],"version-history":[{"count":2,"href":"https:\/\/blog.polityka.pl\/passent\/wp-json\/wp\/v2\/posts\/1664\/revisions"}],"predecessor-version":[{"id":1666,"href":"https:\/\/blog.polityka.pl\/passent\/wp-json\/wp\/v2\/posts\/1664\/revisions\/1666"}],"wp:attachment":[{"href":"https:\/\/blog.polityka.pl\/passent\/wp-json\/wp\/v2\/media?parent=1664"}],"wp:term":[{"taxonomy":"category","embeddable":true,"href":"https:\/\/blog.polityka.pl\/passent\/wp-json\/wp\/v2\/categories?post=1664"},{"taxonomy":"post_tag","embeddable":true,"href":"https:\/\/blog.polityka.pl\/passent\/wp-json\/wp\/v2\/tags?post=1664"}],"curies":[{"name":"wp","href":"https:\/\/api.w.org\/{rel}","templated":true}]}}