
{"id":1669,"date":"2012-11-26T17:13:19","date_gmt":"2012-11-26T15:13:19","guid":{"rendered":"http:\/\/passent.blog.polityka.pl\/?p=1669"},"modified":"2012-11-26T17:13:19","modified_gmt":"2012-11-26T15:13:19","slug":"nasz-przyjaciel-gowin","status":"publish","type":"post","link":"https:\/\/blog.polityka.pl\/passent\/2012\/11\/26\/nasz-przyjaciel-gowin\/","title":{"rendered":"Nasz przyjaciel Gowin"},"content":{"rendered":"<p>Fragment rozmowy ministra Gowina z \u201eGazet\u0105 Wyborcz\u0105\u201d dotyczy\u0142 dziennikarzy. M\u00f3wi Jaros\u0142aw Gowin:<\/p>\n<p>\u201eNie mam \u017cadnych podstaw do kwestionowania wyja\u015bnie\u0144 Andrzeja Seremeta, \u017ce zosta\u0142 przez red. Wr\u00f3blewskiego \u017ale zrozumiany. Redaktor Wr\u00f3blewski pope\u0142ni\u0142 niew\u0105tpliwy b\u0142\u0105d, publikuj\u0105c ten artyku\u0142, ale niepokoi mnie, \u017ce coraz liczniejsza grupa bardzo dobrych dziennikarzy, takich jak Wr\u00f3blewski, znajduje si\u0119 poza swoim zawodem. To obni\u017ca standard debaty publicznej, niepotrzebnie radykalizuje tych dziennikarzy. Jak obserwuj\u0119 ewolucj\u0119 niekt\u00f3rych z nich, to uwa\u017cam, \u017ce wi\u0119kszy pluralizm w mediach zapobieg\u0142by takiej niepotrzebnej radykalizacji\u201d.<\/p>\n<p>Na pewno jest zjawiskiem przykrym, \u017ce wielu dziennikarzy (mam\u00a0 nadziej\u0119, \u017ce nie red. Wr\u00f3blewski) \u201eznajduje si\u0119 poza swoim zawodem\u201d. Sk\u0142ada si\u0119 na to wiele przyczyn, przede wszystkim kryzys w mediach, masowe zwolnienia od Agory po Polskapress i Springera. Co prawda niekt\u00f3re media drukowane daj\u0105 sobie dobrze rad\u0119 (\u201eAngora\u201d, \u201eGo\u015b\u0107 Niedzielny\u201d, \u201eUwa\u017cam, Rze\u201d), to jednak s\u0105 to wyj\u0105tki, kt\u00f3re potwierdzaj\u0105 regu\u0142\u0119: powszechny kryzys w mediach, spadek sprzeda\u017cy i wp\u0142yw\u00f3w z reklam. Jest to zjawisko nie tylko polskie, bardzo silnie wyst\u0119puje np. w USA. Kryzys gospodarczy oraz Internet okaza\u0142y si\u0119 zab\u00f3jcze dla medi\u00f3w. Gazety i czasopisma mr\u0105 jak muchy.<\/p>\n<p>Z kontekstu wypowiedzi min. Gowina wynika jednak, \u017ce ma on na my\u015bli los\u00a0 dziennikarzy prawicowych, wi\u0119kszy pluralizm w mediach mia\u0142by jego zdaniem zapobiec ich radykalizacji. Odpowiem na to tak, jak pisa\u0142 Wiech: \u201eMy\u015bl\u0119, \u017ce w\u0105tpi\u0119\u201d. Kilka lat temu \u201epluralizm\u201d (czyli obecno\u015b\u0107 dziennikarzy konserwatywnych w mediach) by\u0142 wi\u0119kszy. Wystarczy wspomnie\u0107 gazet\u0119 \u201eDziennik\u201d (suto wyposa\u017con\u0105 przez Springera), tygodnik \u201eOzon\u201d, a przede wszystkim ca\u0142kowit\u0105 dominacj\u0119 w Polskim Radiu (prezes Krzysztof Czaba\u0144ski) i w TVP (prezes Wildstein, potem Urba\u0144ski). O ile sobie przypominam, to \u00f3wczesne (i dzisiejsze) gwiazdy medi\u00f3w publicznych, takie jak Jan Pospieszalski, Rafa\u0142 Ziemkiewicz, Krzysztof Skowro\u0144ski, Anita Gargas, Piotr Semka, Rafa\u0142 Ziemkiewicz, Ewa Stankiewicz, \u0141ukasz Warzecha, Tomasz Terlikowski, Joanna Lichocka, Tomasz Sakiewicz, Cezary Gmyz i wielu innych \u2013 wcale nie by\u0142y mniej radykalne ni\u017c dzisiaj. To s\u0105 ludzie sta\u0142ych przekona\u0144, tylko jednostki (Robert Krasowski, Tomasz Wo\u0142ek) przesun\u0119\u0142y si\u0119 w stron\u0119 centrum. Pozostali\u00a0 trzymaj\u0105 si\u0119 mocno,\u00a0 nadal dzia\u0142aj\u0105 w mediach, nie ma dnia (i dobrze!), \u017ceby ich pomijano w mediach publicznych, tak\u017ce w TVN, w Polsacie, w Radiu TOK FM i wielu innych rozg\u0142o\u015bniach, a na prawicy, na miejsce tych gazet, kt\u00f3re pad\u0142y,\u00a0 przybywa tytu\u0142\u00f3w, \u017ce wymieni\u0119 chocia\u017c \u201eGazet\u0119 Polsk\u0105 Codziennie\u201d i \u201eUwa\u017cam Rze\u201d.<\/p>\n<p>Wi\u0119cej pluralizmu \u2013 to postulat zawsze s\u0142uszny, ale nie wierz\u0119, \u017ce im wi\u0119ksza rozmaito\u015b\u0107 medi\u00f3w tym mniej radyka\u0142\u00f3w.<\/p>\n","protected":false},"excerpt":{"rendered":"<p>Fragment rozmowy ministra Gowina z \u201eGazet\u0105 Wyborcz\u0105\u201d dotyczy\u0142 dziennikarzy. M\u00f3wi Jaros\u0142aw Gowin: \u201eNie mam \u017cadnych podstaw do kwestionowania wyja\u015bnie\u0144 Andrzeja Seremeta, \u017ce zosta\u0142 przez red. Wr\u00f3blewskiego \u017ale zrozumiany. Redaktor Wr\u00f3blewski pope\u0142ni\u0142 niew\u0105tpliwy b\u0142\u0105d, publikuj\u0105c ten artyku\u0142, ale niepokoi mnie, \u017ce coraz liczniejsza grupa bardzo dobrych dziennikarzy, takich jak Wr\u00f3blewski, znajduje si\u0119 poza swoim zawodem. To [&hellip;]<\/p>\n","protected":false},"author":4,"featured_media":0,"comment_status":"open","ping_status":"open","sticky":false,"template":"","format":"standard","meta":{"footnotes":""},"categories":[1],"tags":[],"_links":{"self":[{"href":"https:\/\/blog.polityka.pl\/passent\/wp-json\/wp\/v2\/posts\/1669"}],"collection":[{"href":"https:\/\/blog.polityka.pl\/passent\/wp-json\/wp\/v2\/posts"}],"about":[{"href":"https:\/\/blog.polityka.pl\/passent\/wp-json\/wp\/v2\/types\/post"}],"author":[{"embeddable":true,"href":"https:\/\/blog.polityka.pl\/passent\/wp-json\/wp\/v2\/users\/4"}],"replies":[{"embeddable":true,"href":"https:\/\/blog.polityka.pl\/passent\/wp-json\/wp\/v2\/comments?post=1669"}],"version-history":[{"count":2,"href":"https:\/\/blog.polityka.pl\/passent\/wp-json\/wp\/v2\/posts\/1669\/revisions"}],"predecessor-version":[{"id":1671,"href":"https:\/\/blog.polityka.pl\/passent\/wp-json\/wp\/v2\/posts\/1669\/revisions\/1671"}],"wp:attachment":[{"href":"https:\/\/blog.polityka.pl\/passent\/wp-json\/wp\/v2\/media?parent=1669"}],"wp:term":[{"taxonomy":"category","embeddable":true,"href":"https:\/\/blog.polityka.pl\/passent\/wp-json\/wp\/v2\/categories?post=1669"},{"taxonomy":"post_tag","embeddable":true,"href":"https:\/\/blog.polityka.pl\/passent\/wp-json\/wp\/v2\/tags?post=1669"}],"curies":[{"name":"wp","href":"https:\/\/api.w.org\/{rel}","templated":true}]}}