
{"id":1679,"date":"2012-12-08T15:20:21","date_gmt":"2012-12-08T13:20:21","guid":{"rendered":"http:\/\/passent.blog.polityka.pl\/?p=1679"},"modified":"2013-01-13T18:30:30","modified_gmt":"2013-01-13T17:30:30","slug":"oficerowie-plakali","status":"publish","type":"post","link":"https:\/\/blog.polityka.pl\/passent\/2012\/12\/08\/oficerowie-plakali\/","title":{"rendered":"Oficerowie p\u0142akali"},"content":{"rendered":"<p>Oficerowie p\u0142akali<\/p>\n<p>Co robi\u0142 m\u0142ody \u017co\u0142nierz w\u0119gierski, Viktor Orban, dzisiaj prawicowy premier,\u00a0 w przeddzie\u0144 wprowadzenia stanu wojennego w Polsce, w 1981 roku? Osiemnastoletni Viktor odbywa\u0142 w\u00f3wczas s\u0142u\u017cb\u0119 wojskow\u0105, kt\u00f3rej zreszt\u0105 serdecznie nienawidzi\u0142, i kt\u00f3ra definitywnie zrazi\u0142a go do komunizmu. Prawicowy dziennikarz polski, Igor Janke, w biografii Orbana (\u201eNapastnik\u201d), kt\u00f3ra w\u0142a\u015bnie si\u0119 ukaza\u0142a, opisuje przygotowania w armii w\u0119gierskiej w zwi\u0105zku z sytuacj\u0105 w Polsce.<\/p>\n<p>Orban trafi\u0142 do wojska w sierpniu \u201981. \u201eW 1981 coraz cz\u0119\u015bciej m\u00f3wi\u0142o si\u0119 o mo\u017cliwo\u015bci interwencji Uk\u0142adu Warszawskiego w Polsce \u2013 pisze Janke. \u2013 Orban trafi\u0142 do specjalnej jednostki Z., z kt\u00f3rej w 1968 roku w\u0119gierscy \u017co\u0142nierze wyjechali t\u0142umi\u0107 \u2018prask\u0105 wiosn\u0119\u2019. Wiadomo\u00a0 by\u0142o, \u017ce gdyby wybuch\u0142a wojna, czy potrzebna by by\u0142a zbrojna interwencja, na pierwsz\u0105 lini\u0119 trafiliby \u017co\u0142nierze z Zalaegerszeg\u201d.<\/p>\n<p><!--more--><\/p>\n<p>\u201e11 grudnia, dwa dni przed wybuchem\u00a0\u00a0 stanu wojennego w Polsce \u2013 czytamy dalej \u2013 cz\u0119\u015b\u0107 jednostki przeniesiono do specjalnego obozu przygotowawczego. Dostali ostr\u0105 bro\u0144, spali w namiotach, by\u0142y nocne alarmy, czekali w pe\u0142nej gotowo\u015bci. Z tego obozu wyje\u017cd\u017ca\u0142o si\u0119 tylko do walki. Noc z 12. na 13. grudnia by\u0142a mro\u017ana. T\u0119 noc Viktor Orban sp\u0119dzi\u0142 z d\u0142o\u0144mi zaci\u015bni\u0119tymi na zimnym karabinie, czekaj\u0105c na rozkazy. Panowa\u0142o ogromne napi\u0119cie, czuli, \u017ce co\u015b si\u0119 wydarzy, ale nie wiedzieli jeszcze, co. \u2018Nie mo\u017cna tego zapomnie\u0107. To by\u0142o okropne\u2019 \u2013 wspomina Orban.<\/p>\n<p>\u201eFodor (kolega Orbana) zapyta\u0142 oficer\u00f3w na co czekaj\u0105. \u2018Czekamy, bo b\u0119dziemy musieli jecha\u0107 do Polski\u2019 \u2013 brzmia\u0142a odpowied\u017a. Fodor: \u2018Dla mnie to by\u0142a tragedia. (\u2026) My\u015bla\u0142em, \u017ce jak p\u00f3jdziemy na Polsk\u0119, zdezerteruj\u0119. Ba\u0142em si\u0119.<\/p>\n<p>Orban: \u2018Mia\u0142em ogromny dylemat moralny. Co zrobi\u0107, jak ka\u017c\u0105 nam jecha\u0107? Kochali\u015bmy Polsk\u0119. Jecha\u0107 do Polski i robi\u0107 co\u015b przeciwko\u00a0\u00a0 Polakom, to by\u0142oby straszne. Wiedzieli\u015bmy, \u017ce jeste\u015bmy po z\u0142ej stronie. Co zrobi\u0107, jak si\u0119 jest w armii po z\u0142ej stronie? (\u2026) Nie widzia\u0142em wyj\u015bcia z sytuacji\u2019\u201d.<\/p>\n<p>Kiedy okaza\u0142o si\u0119, \u017ce nie jad\u0105 do Polski,\u00a0 s\u0105dzili, \u017ce polscy i rosyjscy komuni\u015bci za\u0142atwili to sami, \u201eniekt\u00f3rzy oficerowie nie wytrzymali, p\u0142akali\u201d.<\/p>\n<p>Przytaczam te s\u0142owa, poniewa\u017c lada dzie\u0144 rozgorzeje dyskusja (?) o stanie wojennym, a ten fragment to rzadki obrazek tego, co dzia\u0142o si\u0119 w armii sojuszniczej i przyczynek do spor\u00f3w na temat \u201ewejd\u0105 \u2013 nie wejd\u0105\u201d.<\/p>\n","protected":false},"excerpt":{"rendered":"<p>Oficerowie p\u0142akali Co robi\u0142 m\u0142ody \u017co\u0142nierz w\u0119gierski, Viktor Orban, dzisiaj prawicowy premier,\u00a0 w przeddzie\u0144 wprowadzenia stanu wojennego w Polsce, w 1981 roku? Osiemnastoletni Viktor odbywa\u0142 w\u00f3wczas s\u0142u\u017cb\u0119 wojskow\u0105, kt\u00f3rej zreszt\u0105 serdecznie nienawidzi\u0142, i kt\u00f3ra definitywnie zrazi\u0142a go do komunizmu. Prawicowy dziennikarz polski, Igor Janke, w biografii Orbana (\u201eNapastnik\u201d), kt\u00f3ra w\u0142a\u015bnie si\u0119 ukaza\u0142a, opisuje przygotowania w [&hellip;]<\/p>\n","protected":false},"author":4,"featured_media":0,"comment_status":"open","ping_status":"open","sticky":false,"template":"","format":"standard","meta":{"footnotes":""},"categories":[1],"tags":[],"_links":{"self":[{"href":"https:\/\/blog.polityka.pl\/passent\/wp-json\/wp\/v2\/posts\/1679"}],"collection":[{"href":"https:\/\/blog.polityka.pl\/passent\/wp-json\/wp\/v2\/posts"}],"about":[{"href":"https:\/\/blog.polityka.pl\/passent\/wp-json\/wp\/v2\/types\/post"}],"author":[{"embeddable":true,"href":"https:\/\/blog.polityka.pl\/passent\/wp-json\/wp\/v2\/users\/4"}],"replies":[{"embeddable":true,"href":"https:\/\/blog.polityka.pl\/passent\/wp-json\/wp\/v2\/comments?post=1679"}],"version-history":[{"count":3,"href":"https:\/\/blog.polityka.pl\/passent\/wp-json\/wp\/v2\/posts\/1679\/revisions"}],"predecessor-version":[{"id":1717,"href":"https:\/\/blog.polityka.pl\/passent\/wp-json\/wp\/v2\/posts\/1679\/revisions\/1717"}],"wp:attachment":[{"href":"https:\/\/blog.polityka.pl\/passent\/wp-json\/wp\/v2\/media?parent=1679"}],"wp:term":[{"taxonomy":"category","embeddable":true,"href":"https:\/\/blog.polityka.pl\/passent\/wp-json\/wp\/v2\/categories?post=1679"},{"taxonomy":"post_tag","embeddable":true,"href":"https:\/\/blog.polityka.pl\/passent\/wp-json\/wp\/v2\/tags?post=1679"}],"curies":[{"name":"wp","href":"https:\/\/api.w.org\/{rel}","templated":true}]}}