
{"id":1682,"date":"2012-12-13T23:03:02","date_gmt":"2012-12-13T21:03:02","guid":{"rendered":"http:\/\/passent.blog.polityka.pl\/?p=1682"},"modified":"2013-01-13T18:30:53","modified_gmt":"2013-01-13T17:30:53","slug":"feralna-trzynastka","status":"publish","type":"post","link":"https:\/\/blog.polityka.pl\/passent\/2012\/12\/13\/feralna-trzynastka\/","title":{"rendered":"Feralna trzynastka"},"content":{"rendered":"<p>Dla Jaros\u0142awa Kaczy\u0144skiego \u201e13\u201d jest chyba feralna. 31 lat temu nie zosta\u0142 internowany, wi\u0119c z punktu widzenia poprawno\u015bci politycznej ma skaz\u0119 na \u017cyciorysie. Dzisiaj z kolei, podczas marszu Wolno\u015b\u0107, Solidarno\u015b\u0107, Niepodleg\u0142o\u015b\u0107, policja go nie prowokowa\u0142a (ka\u017cde zaj\u015bcie podczas demonstracji jest przez uczestnik\u00f3w uwa\u017cane za prowokacj\u0119 policji), nikt nie polewa\u0142 manifestant\u00f3w zimn\u0105 wod\u0105, media transmitowa\u0142y w ca\u0142ej pe\u0142ni, s\u0142owem \u2013 nuda.<br \/>\nOd pierwszych s\u0142\u00f3w \u201e\u017beby Polska by\u0142a Polsk\u0105\u201d, po ostatnie s\u0142owa prezesa (\u201eJa nie jestem wa\u017cny\u201d), zastanawia\u0142em si\u0119 po co to zgromadzenie, po co ta demonstracja?<\/p>\n<p>By\u0107 mo\u017ce chodzi\u0142o o to, \u017ceby pokaza\u0107, \u017ce Prawo i Sprawiedliwo\u015b\u0107 potrafi wyprowadzi\u0107 na ulice kilkana\u015bcie tysi\u0119cy os\u00f3b BEZ M\u0142odzie\u017cy Wszechpolskiej, ONR i im podobnych. Czyli chodzi\u0142o o to, \u017ceby si\u0119 policzy\u0107, napr\u0119\u017cy\u0107 i napi\u0105\u0107 musku\u0142y?<\/p>\n<p><!--more--><\/p>\n<p>By\u0107 mo\u017ce przem\u00f3wienie Kaczy\u0144skiego ( to drugie, zasadnicze) zawiera\u0142o nowe tre\u015bci, jaki\u015b nowy komunikat?\u00a0\u00a0 &#8211; Nic z tych rzeczy! Prezes nie powiedzia\u0142 nic nowego, ba, nawet nie poda\u0142, kiedy zamierza zainstalowa\u0107 sztucznego premiera i nowy rz\u0105d (wkr\u00f3tce, kolejny termin \u2013 po nowym roku\u2026).<\/p>\n<p>Wolno\u015b\u0107? Zagro\u017cona i niepe\u0142na. \u201eNie ma polsko\u015bci bez wolno\u015bci\u201d i inne bana\u0142y.<br \/>\nZnalaz\u0142 si\u0119 nawet \u201ewi\u0119zie\u0144 polityczny\u201d! (\u201eStaruch\u201d?).<\/p>\n<p>Solidarno\u015b\u0107? Nie ma jej, nie ma wsp\u00f3lnotowo\u015bci, szerzy si\u0119 szkodliwy indywidualizm.<\/p>\n<p>Suwerenno\u015b\u0107? Wystawiona na sprzeda\u017c, na Zach\u00f3d i na Wsch\u00f3d. Zn\u00f3w aktualne jest pytanie \u201eWejd\u0105 \u2013 nie wejd\u0105?\u201d<\/p>\n<p>Nie tra\u0107my jednak nadziei, \u201ezwy-ci\u0119-\u017cymy! Zwy-ci\u0119-\u017cymy!\u201d.<\/p>\n<p>Aczkolwiek nie mo\u017cna wykluczy\u0107, \u017ce Prawo i Sprawiedliwo\u015b\u0107 pewnego dnia zwyci\u0119\u017cy, to na pewno nie sta\u0142o si\u0119 to 13 grudnia 2012. Manifestacja nie by\u0142a z tych najwi\u0119kszych, przem\u00f3wienie nie by\u0142o z tych najlepszych. \u017badnych nowych tre\u015bci, tylko \u201ealleluja i do przodu!\u201d. Cho\u0107 Jaros\u0142aw Kaczy\u0144ski potrafi by\u0107 dobrym, porywaj\u0105cym m\u00f3wc\u0105, to tym razem nie mia\u0142 niczego nowego do powiedzenia, nie porwa\u0142 chyba nikogo.<\/p>\n<p>PS. ZAPROSZENIE<\/p>\n<p>Pod has\u0142em Jerzego Waldorffa \u201eMuzyka \u0142agodzi obyczaje\u201d zapraszam na spotkanie z wybitnym dyrygentem, dyrektorem Filharmonii Narodowej,\u00a0 maestro ANTONIM WITEM i mi\u0142o\u015bnikami dobrej\u00a0 muzyki. W zwi\u0105zku z zako\u0144czeniem przez maestro misji dyrektora FN, zapraszam na spotkanie w audycji Radia TOK FM, wtorek, 18 grudnia, tu\u017c po godzinie 20.<\/p>\n","protected":false},"excerpt":{"rendered":"<p>Dla Jaros\u0142awa Kaczy\u0144skiego \u201e13\u201d jest chyba feralna. 31 lat temu nie zosta\u0142 internowany, wi\u0119c z punktu widzenia poprawno\u015bci politycznej ma skaz\u0119 na \u017cyciorysie. Dzisiaj z kolei, podczas marszu Wolno\u015b\u0107, Solidarno\u015b\u0107, Niepodleg\u0142o\u015b\u0107, policja go nie prowokowa\u0142a (ka\u017cde zaj\u015bcie podczas demonstracji jest przez uczestnik\u00f3w uwa\u017cane za prowokacj\u0119 policji), nikt nie polewa\u0142 manifestant\u00f3w zimn\u0105 wod\u0105, media transmitowa\u0142y w [&hellip;]<\/p>\n","protected":false},"author":4,"featured_media":0,"comment_status":"open","ping_status":"open","sticky":false,"template":"","format":"standard","meta":{"footnotes":""},"categories":[1],"tags":[],"_links":{"self":[{"href":"https:\/\/blog.polityka.pl\/passent\/wp-json\/wp\/v2\/posts\/1682"}],"collection":[{"href":"https:\/\/blog.polityka.pl\/passent\/wp-json\/wp\/v2\/posts"}],"about":[{"href":"https:\/\/blog.polityka.pl\/passent\/wp-json\/wp\/v2\/types\/post"}],"author":[{"embeddable":true,"href":"https:\/\/blog.polityka.pl\/passent\/wp-json\/wp\/v2\/users\/4"}],"replies":[{"embeddable":true,"href":"https:\/\/blog.polityka.pl\/passent\/wp-json\/wp\/v2\/comments?post=1682"}],"version-history":[{"count":3,"href":"https:\/\/blog.polityka.pl\/passent\/wp-json\/wp\/v2\/posts\/1682\/revisions"}],"predecessor-version":[{"id":1718,"href":"https:\/\/blog.polityka.pl\/passent\/wp-json\/wp\/v2\/posts\/1682\/revisions\/1718"}],"wp:attachment":[{"href":"https:\/\/blog.polityka.pl\/passent\/wp-json\/wp\/v2\/media?parent=1682"}],"wp:term":[{"taxonomy":"category","embeddable":true,"href":"https:\/\/blog.polityka.pl\/passent\/wp-json\/wp\/v2\/categories?post=1682"},{"taxonomy":"post_tag","embeddable":true,"href":"https:\/\/blog.polityka.pl\/passent\/wp-json\/wp\/v2\/tags?post=1682"}],"curies":[{"name":"wp","href":"https:\/\/api.w.org\/{rel}","templated":true}]}}