
{"id":1686,"date":"2012-12-16T17:45:46","date_gmt":"2012-12-16T15:45:46","guid":{"rendered":"http:\/\/passent.blog.polityka.pl\/?p=1686"},"modified":"2013-01-13T18:31:13","modified_gmt":"2013-01-13T17:31:13","slug":"wraku-nie-budiet","status":"publish","type":"post","link":"https:\/\/blog.polityka.pl\/passent\/2012\/12\/16\/wraku-nie-budiet\/","title":{"rendered":"Wraku nie budiet"},"content":{"rendered":"<p>Rados\u0142aw Sikorski, przed spotkaniem ze swoim rosyjskim odpowiednikiem, ministrem Siergiejem \u0141awrowem, og\u0142osi\u0142, \u017ce prosi\u0142 Catherine Ashton (wysoka przedstawiciel Unii Europejskiej do spraw polityki zagranicznej i bezpiecze\u0144stwa), \u017ceby poruszy\u0142a spraw\u0119 wraku w trakcie zbli\u017caj\u0105cego si\u0119 szczytu UE \u2013 Rosja.<\/p>\n<p>Nie jest jasne, czym kierowa\u0142 si\u0119 Sikorski og\u0142aszaj\u0105c to wszem i wobec, zamiast dzia\u0142a\u0107 w dyskrecji, bo na pewno nie pragmatyzmem. Oficjalna wersja naszego MSZ m\u00f3wi, \u017ce poniewa\u017c dotychczasowe, dwustronne zabiegi, mimo wielu obietnic rosyjskich, nie przynios\u0142y rezultatu, nale\u017ca\u0142o przenie\u015b\u0107 spraw\u0119 na poziom mi\u0119dzynarodowy. Moim zdaniem, mo\u017cna by\u0142o zwr\u00f3ci\u0107 si\u0119 do pani Ashton, ale w \u017cadnym razie nie og\u0142asza\u0107 tego wszem i wobec przed swoj\u0105 wizyt\u0105 w Moskwie i przed szczytem UE \u2013 Rosja.<\/p>\n<p><!--more--><\/p>\n<p>Pokazuj\u0105c, jaka zdeterminowana jest strona polska, \u017ce postanawia dzia\u0142a\u0107 poprzez Uni\u0119, Sikorski narazi\u0142 si\u0119 na odpraw\u0119 z\u00a0 Moskwy (Kreml ju\u017c o\u015bwiadczy\u0142, \u017ce jest \u201eskrajnie zdumiony\u201d stanowiskiem Polski w sprawie wraku), polski minister mo\u017ce liczy\u0107 w Moskwie na ch\u0142odne przyj\u0119cie, co nie pomo\u017ce r\u00f3wnie\u017c w innych sprawach, zmusi\u0142 Kreml do usztywnienia swojego stanowiska, a ponadto postawi\u0142 baroness\u0119 Ashton w niezr\u0119cznej sytuacji: Ani nie b\u0119dzie jej wygodnie polskiego wo\u0142ania o pomoc zignorowa\u0107, ani nie mo\u017ce pom\u00f3c, bo Moskwa ci\u0105gle m\u00f3wi \u201eniet\u201d, dop\u00f3ki trwa rosyjskie \u015bledztwo, w kt\u00f3rym wrak jest dowodem. Nie mo\u017ce te\u017c \u0141awrowa zaskoczy\u0107, bo ten ju\u017c zosta\u0142 ostrze\u017cony.<\/p>\n<p>W sumie, wypowied\u017a ministra Sikorskiego uwa\u017cam za niefortunn\u0105. Trzeba by\u0142o da\u0107 pani Ashton szans\u0119, da\u0107 szans\u0119 i sobie podczas wizyty w Moskwie, a wszystko upubliczni\u0107 PO tych spotkaniach. Przynajmniej mo\u017cna by w\u00f3wczas by\u0142o powiedzie\u0107, \u017ce polska dyplomacja robi\u0142a co mo\u017ce. By\u0107 mo\u017ce Radek Sikorski dzia\u0142a\u0142 na rynek wewn\u0119trzny, chcia\u0142 pokaza\u0107 jaki jest stanowczy, ale tutaj pozytywna reakcja b\u0119dzie kr\u00f3tkotrwa\u0142a, bo minister przywiezie z Moskwy kolejne \u201eniet\u201d. By\u0107 mo\u017ce wszystkiemu winien jest temperament polskiego ministra, kt\u00f3ry od czasu do czasu m\u00f3wi\u00a0 kilka s\u0142\u00f3w za du\u017co.<\/p>\n","protected":false},"excerpt":{"rendered":"<p>Rados\u0142aw Sikorski, przed spotkaniem ze swoim rosyjskim odpowiednikiem, ministrem Siergiejem \u0141awrowem, og\u0142osi\u0142, \u017ce prosi\u0142 Catherine Ashton (wysoka przedstawiciel Unii Europejskiej do spraw polityki zagranicznej i bezpiecze\u0144stwa), \u017ceby poruszy\u0142a spraw\u0119 wraku w trakcie zbli\u017caj\u0105cego si\u0119 szczytu UE \u2013 Rosja. Nie jest jasne, czym kierowa\u0142 si\u0119 Sikorski og\u0142aszaj\u0105c to wszem i wobec, zamiast dzia\u0142a\u0107 w dyskrecji, bo [&hellip;]<\/p>\n","protected":false},"author":4,"featured_media":0,"comment_status":"open","ping_status":"open","sticky":false,"template":"","format":"standard","meta":{"footnotes":""},"categories":[1],"tags":[],"_links":{"self":[{"href":"https:\/\/blog.polityka.pl\/passent\/wp-json\/wp\/v2\/posts\/1686"}],"collection":[{"href":"https:\/\/blog.polityka.pl\/passent\/wp-json\/wp\/v2\/posts"}],"about":[{"href":"https:\/\/blog.polityka.pl\/passent\/wp-json\/wp\/v2\/types\/post"}],"author":[{"embeddable":true,"href":"https:\/\/blog.polityka.pl\/passent\/wp-json\/wp\/v2\/users\/4"}],"replies":[{"embeddable":true,"href":"https:\/\/blog.polityka.pl\/passent\/wp-json\/wp\/v2\/comments?post=1686"}],"version-history":[{"count":3,"href":"https:\/\/blog.polityka.pl\/passent\/wp-json\/wp\/v2\/posts\/1686\/revisions"}],"predecessor-version":[{"id":1719,"href":"https:\/\/blog.polityka.pl\/passent\/wp-json\/wp\/v2\/posts\/1686\/revisions\/1719"}],"wp:attachment":[{"href":"https:\/\/blog.polityka.pl\/passent\/wp-json\/wp\/v2\/media?parent=1686"}],"wp:term":[{"taxonomy":"category","embeddable":true,"href":"https:\/\/blog.polityka.pl\/passent\/wp-json\/wp\/v2\/categories?post=1686"},{"taxonomy":"post_tag","embeddable":true,"href":"https:\/\/blog.polityka.pl\/passent\/wp-json\/wp\/v2\/tags?post=1686"}],"curies":[{"name":"wp","href":"https:\/\/api.w.org\/{rel}","templated":true}]}}