
{"id":1690,"date":"2012-12-20T19:05:07","date_gmt":"2012-12-20T17:05:07","guid":{"rendered":"http:\/\/passent.blog.polityka.pl\/?p=1690"},"modified":"2013-01-13T18:32:25","modified_gmt":"2013-01-13T17:32:25","slug":"telewizja-prawicowa-jestem-za","status":"publish","type":"post","link":"https:\/\/blog.polityka.pl\/passent\/2012\/12\/20\/telewizja-prawicowa-jestem-za\/","title":{"rendered":"TELEWIZJA PRAWICOWA? JESTEM ZA!"},"content":{"rendered":"<p>Popieram pomys\u0142 utworzenia\u00a0 telewizji prawicowej z Bronis\u0142awem Wildsteinem i Tomaszem Sakiewiczem na czele. Na dyrektora artystycznego proponuj\u0119 re\u017cysera Grzegorza Brauna. Co prawda mamy ju\u017c w kraju trzy telewizje prawicowe, ale to ci\u0105gle ma\u0142o.<\/p>\n<p>Za ma\u0142o, zdecydowanie nie do\u015b\u0107 w telewizjach wszelkiego autoramentu jest prezesa Kaczy\u0144skiego, za ma\u0142o ciemnej nocy stanu wojennego, za ma\u0142o czo\u0142g\u00f3w i pa\u0142owania, za ma\u0142o octu i go\u0142ych hak\u00f3w, za ma\u0142o w telewizjach polskoj\u0119zycznych mamy profesor\u00f3w Cenckiewicza i Dudka, za ma\u0142o ministra Gowina, za ma\u0142o apologii \u017co\u0142nierzy wykl\u0119tych, za ma\u0142o Tomasza Sakiewicza i Bronis\u0142awa Wildsteina, za ma\u0142o transmisji z klub\u00f3w Gazety Polskiej i z klub\u00f3w Ronina, za ma\u0142o agent\u00f3w oraz IPN, nie do\u015b\u0107 pokazuj\u0105 w TVP, TVN, Superstacji i w Polsacie\u00a0 patriotycznie nastawionych kiboli, za ma\u0142o Starucha, za ma\u0142o Joachima Brudzi\u0144skiego i Jacka Sasina, za ma\u0142o Kurskiego i pos\u0142anki Kempy, nie do\u015b\u0107 trotylu,\u00a0 red. Gmyza i red. Lisickiego,\u00a0 za ma\u0142o wraku i Smole\u0144ska, absolutnie za ma\u0142o wypowiedzi Antoniego Macierewicza i jego komiksu parlamentarnego, za ma\u0142o godnych zaufania autorytet\u00f3w, jak Piotr Semka i Piotr Zaremba, za ma\u0142o uczonych na miar\u0119 Jadwigi Staniszkis i Zdzis\u0142awa Krasnod\u0119bskiego.<\/p>\n<p><!--more--><\/p>\n<p>Przyda\u0142oby si\u0119 wi\u0119cej Anny Fotygi i telewizyjnej urody by\u0142ego wiceministra Waszczykowkiego, za ma\u0142o gitary Jacka Kurskiego i melodeklamacji Adama Hofmana, przyda\u0142oby si\u0119 wi\u0119cej \u0142ami\u0105cego si\u0119 g\u0142osu Zbigniewa Ziobro, ch\u0119tnie by cz\u0142owiek pos\u0142ucha\u0142 jeszcze wi\u0119cej muzyki marszowej, \u017beby Polska by\u0142a Polsk\u0105 , za ma\u0142o Bogurodzicy, gromnic i pochodni, ch\u0119tnie bym obejrza\u0142 dodatkowe transmisje z Marszu Niepodleg\u0142o\u015bci,\u00a0\u00a0\u00a0 Marszu Suwerenno\u015bci i Marszu Solidarno\u015bci, wi\u0119cej wyst\u0119p\u00f3w sztucznego premiera, jeszcze wi\u0119cej konferencji prasowych PiS, wi\u0119cej fragment\u00f3w raportu Antoniego Macierewicza i o odszkodowaniach, jakie dzi\u0119ki niemu p\u0142acimy, wi\u0119cej satyry Jana Pietrzaka i Marcina Wolskiego, wi\u0119cej film\u00f3w Ewy Stankiewicz i Jana Pospieszalskiego, wi\u0119c dzie\u0142 Grzegorza Brauna, kt\u00f3rego ch\u0119tnie bym widzia\u0142 w\u0142a\u015bnie jako dyrektora artystycznego kolejnej\u00a0 niezale\u017cnej\u00a0 telewizji prawicowej.\u00a0 Dopiero dzi\u0119ki Telewizji Niezale\u017cnej widzowie b\u0119d\u0105 mogli\u00a0 zobaczy\u0107 jak wygl\u0105da abp Michalik, a jak abp G\u0142\u00f3d\u017a, jak wygl\u0105da szopka, a jak nabo\u017ce\u0144stwo u st\u00f3p Jasnej G\u00f3ry z udzia\u0142em ojca Jaros\u0142awa i dyrektora Tadeusza,\u00a0 jak peroruje Jacek Sasin, a jak Ryszard Czarnecki \u2013 ludzie dotychczas telewidzom zupe\u0142nie nieznani.<\/p>\n<p>Utworzenie kolejnej telewizji prawicowej odci\u0105gn\u0119\u0142oby tych wszystkich niepokornych dziennikarzy, polityk\u00f3w i duchownych\u00a0 od dotychczas istniej\u0105cych telewizji prawicowych, czyni\u0105c w nich wi\u0119cej miejsca dla dziennikarzy skorumpowanych, leming\u00f3w, uwik\u0142anych w PRL i w III RP, dla s\u0142ugus\u00f3w Tuska i Putina, chwalc\u00f3w stanu wojennego bis wprowadzonego przez Tuska i jego kompana \u2013 Komoruskiego oraz innych funkcjonariuszy\u00a0 uk\u0142adu . Dlatego inicjatywa niezale\u017cnej telewizji prawicowej (cho\u0107 jest to oksymoron) zas\u0142uguje na Twoje poparcie. Nie wahaj si\u0119 \u2013 si\u0119gnij do portfela!<\/p>\n","protected":false},"excerpt":{"rendered":"<p>Popieram pomys\u0142 utworzenia\u00a0 telewizji prawicowej z Bronis\u0142awem Wildsteinem i Tomaszem Sakiewiczem na czele. Na dyrektora artystycznego proponuj\u0119 re\u017cysera Grzegorza Brauna. Co prawda mamy ju\u017c w kraju trzy telewizje prawicowe, ale to ci\u0105gle ma\u0142o. Za ma\u0142o, zdecydowanie nie do\u015b\u0107 w telewizjach wszelkiego autoramentu jest prezesa Kaczy\u0144skiego, za ma\u0142o ciemnej nocy stanu wojennego, za ma\u0142o czo\u0142g\u00f3w i [&hellip;]<\/p>\n","protected":false},"author":4,"featured_media":0,"comment_status":"open","ping_status":"open","sticky":false,"template":"","format":"standard","meta":{"footnotes":""},"categories":[1],"tags":[],"_links":{"self":[{"href":"https:\/\/blog.polityka.pl\/passent\/wp-json\/wp\/v2\/posts\/1690"}],"collection":[{"href":"https:\/\/blog.polityka.pl\/passent\/wp-json\/wp\/v2\/posts"}],"about":[{"href":"https:\/\/blog.polityka.pl\/passent\/wp-json\/wp\/v2\/types\/post"}],"author":[{"embeddable":true,"href":"https:\/\/blog.polityka.pl\/passent\/wp-json\/wp\/v2\/users\/4"}],"replies":[{"embeddable":true,"href":"https:\/\/blog.polityka.pl\/passent\/wp-json\/wp\/v2\/comments?post=1690"}],"version-history":[{"count":4,"href":"https:\/\/blog.polityka.pl\/passent\/wp-json\/wp\/v2\/posts\/1690\/revisions"}],"predecessor-version":[{"id":1720,"href":"https:\/\/blog.polityka.pl\/passent\/wp-json\/wp\/v2\/posts\/1690\/revisions\/1720"}],"wp:attachment":[{"href":"https:\/\/blog.polityka.pl\/passent\/wp-json\/wp\/v2\/media?parent=1690"}],"wp:term":[{"taxonomy":"category","embeddable":true,"href":"https:\/\/blog.polityka.pl\/passent\/wp-json\/wp\/v2\/categories?post=1690"},{"taxonomy":"post_tag","embeddable":true,"href":"https:\/\/blog.polityka.pl\/passent\/wp-json\/wp\/v2\/tags?post=1690"}],"curies":[{"name":"wp","href":"https:\/\/api.w.org\/{rel}","templated":true}]}}