
{"id":1693,"date":"2012-12-23T16:20:33","date_gmt":"2012-12-23T14:20:33","guid":{"rendered":"http:\/\/passent.blog.polityka.pl\/?p=1693"},"modified":"2013-01-13T18:32:53","modified_gmt":"2013-01-13T17:32:53","slug":"szampan-a-nie-trotyl","status":"publish","type":"post","link":"https:\/\/blog.polityka.pl\/passent\/2012\/12\/23\/szampan-a-nie-trotyl\/","title":{"rendered":"Szampan, a nie trotyl !"},"content":{"rendered":"<p>Podsumowania roku mijaj\u0105 pod znakiem wraku, jak gdyby to by\u0142a faktycznie najwa\u017cniejsza sprawa, jak\u0105 \u017cyj\u0105 Polacy. Pr\u00f3bowa\u0142em przeciwko temu oponowa\u0107 w TVN, ale bezskutecznie. Wrak ogniskuje emocje najwi\u0119kszej partii opozycyjnej oraz medi\u00f3w, a to wystarczy, \u017ceby szcz\u0105tki samolotu przes\u0142oni\u0142y obraz kraju.<\/p>\n<p>W\u00a0 moim bilansie roku dla Polski\u00a0 na pierwszym miejscu jest stan gospodarki, co prawda koniunktura wyra\u017anie si\u0119 pogarsza, ale 2012 nie by\u0142 rokiem kryzysu. Wzrost PNB minimalny, ale by\u0142, bezrobocie znaczne, ale nie wzros\u0142o dramatycznie. Nie jest pewne, co przyniesie 2013. \u201eChmury si\u0119 k\u0142\u0119bi\u0105 i p\u0142yn\u0105\u201d.<\/p>\n<p>Na drugim miejscu jest spok\u00f3j spo\u0142eczny. Decyzja roku \u2013 przed\u0142u\u017cenie okresu pracy do 67 lat \u2013 nie przynios\u0142a buntu mas. Demonstracje przeciwnik\u00f3w tej decyzji, przede wszystkim \u201eSolidarno\u015bci\u201d, wok\u00f3\u0142 Sejmu,\u00a0 nie by\u0142y tak liczne i d\u0142ugotrwa\u0142e, jak protesty w Hiszpanii czy w Grecji. Powinno to zach\u0119ci\u0107 rz\u0105d Tuska do dalszych reform. Wi\u0119ksz\u0105 frekwencj\u0105 cieszy\u0142y si\u0119 marsze i manifestacje pod has\u0142ami ideologicznymi \u2013 niepodleg\u0142o\u015b\u0107, ojczyzna, patriotyzm, suwerenno\u015b\u0107. Wszystko by\u0142oby w tych pochodach normalne, gdyby nie odradzanie si\u0119 ruchu narodowego, pod wezwaniem ONR i Wszechpolak\u00f3w.<\/p>\n<p><!--more--><\/p>\n<p>Agata Bielik Robson, jedna z najciekawszych obserwatorek \u017cycia publicznego, uwa\u017ca, \u017ce radykalna prawicowo\u015b\u0107 jest specyfik\u0105 naszego regionu, w spo\u0142ecze\u0144stwach postkomunistycznych panuje du\u017ce przyzwolenie dla idei prawicowych (trudno si\u0119 dziwi\u0107). To jest zjawisko wysoce niepokoj\u0105ce, gdy\u017c je\u015bli do tego doda\u0107 iskr\u0119 socjaln\u0105 (pogorszenie gospodarki, bezrobocie, dro\u017cyzna) to b\u0119dzie to mieszanka niebezpieczna.<\/p>\n<p>Na trzecim miejscu w bilansie ubieg\u0142ego roku jest r\u00f3wnowaga si\u0142, stabilizacja sceny politycznej. Przewaga PO nad PiS w trakcie 2012 roku w sonda\u017cach zmala\u0142a do 10 punkt\u00f3w, ale si\u0119 utrzymuje. Na spadek poparcia dla Platformy sk\u0142ada si\u0119 pora\u017cka w sprawie ACTA oraz w sprawie refundacji lek\u00f3w, kryzys s\u0142u\u017cby zdrowia i pomniejsze pora\u017cki,\u00a0 w tym niepowodzenie w staraniach o zwrot wraku TU 154. Z kolei PiS, kt\u00f3ry w pewnym momencie dogoni\u0142 Platform\u0119, roztrwoni\u0142 sw\u00f3j sukces. Najwy\u017csze poparcie PiS mia\u0142, gdy zaj\u0105\u0142 si\u0119 gospodark\u0105, s\u0142u\u017cb\u0105 zdrowia, przedstawia\u0142 si\u0119 jako \u201ealternatywa\u201d. Prezes Kaczy\u0144ski zrzuci\u0142 jednak kostium dobrego gospodarza, kt\u00f3ry go uwiera\u0142, roztrwoni\u0142 te zdobycze anga\u017cuj\u0105c si\u0119 w trotyl, m\u00f3wi\u0105c o straszliwej zbrodni, podpisuj\u0105c si\u0119 ju\u017c w pe\u0142ni pod teori\u0105 spisku i zamachu. To oznacza umocnienie Macierewicza w jego partii.<\/p>\n<p>Na czwartym miejscu w dorobku mijaj\u0105cego roku wymieni\u0142bym Euro 2012. Mimo, \u017ce autostrady nie zosta\u0142y otwarte w terminie, to jednak wybudowano pi\u0119kne stadiony, Polska zda\u0142a egzamin z organizacji (pomimo kompromitacji z dachem na Stadionie Narodowym), dokona\u0142 si\u0119 pewien post\u0119p cywilizacyjny, w tym sensie, \u017ce godne warunki na stadionach mog\u0105 poprawi\u0107 bezpiecze\u0144stwo i zachowanie widz\u00f3w. Pozostaje kwestia utrzymania stadion\u00f3w oraz\u00a0 ich rentowno\u015bci. Rok, kt\u00f3ry odchodzi, nie by\u0142 dobry dla polskiego sportu, przypomnijmy kiepski plon na igrzyskach w Londynie i przegrane Euro. Po stronie dodatniej zapisa\u0107 mo\u017cna zmiany w PZPN.<\/p>\n<p>Do pora\u017cek w 2012 zaliczy\u0107 nale\u017cy nieko\u0144cz\u0105ce si\u0119\u00a0 kontrowersje wok\u00f3\u0142 katastrofy smole\u0144skiej oraz fiasko stara\u0144 o zwrot wraku. Graj\u0105c ci\u0105gle na Smole\u0144sk, PiS konsekwentnie utrzymuje t\u0119 spraw\u0119 jako narz\u0119dzie do walki z rz\u0105dem i b\u0119dzie si\u0119 stara\u0142 eksploatowa\u0107 j\u0105 co najmniej\u00a0 do wybor\u00f3w. Bierno\u015b\u0107 rz\u0105du i Platformy w tej sprawie, oddanie \u201eSmole\u0144ska\u201d Kaczy\u0144skiemu i Macierewiczowi, powoduje rosn\u0105c\u0105 popularno\u015b\u0107 teorii zamachu. Polityka komunikacyjna w\u0142adz, \u00f3w rzekomo s\u0142ynny \u201epiar\u201d Platformy, okaza\u0142y si\u0119 pora\u017ck\u0105. Platforma nie znalaz\u0142a z\u0142otego \u015brodka pomi\u0119dzy nieustaj\u0105c\u0105 awantur\u0105 smole\u0144sk\u0105, na kt\u00f3rej zale\u017cy PiS-owi, a obezw\u0142adniaj\u0105cym milczeniem, kt\u00f3re przysparza zwolennik\u00f3w teorii o zamachu.<\/p>\n<p>W sumie rok 2012 przyni\u00f3s\u0142 wi\u0119cej plus\u00f3w ni\u017c minus\u00f3w, aczkolwiek za rogiem kryj\u0105 si\u0119 wielkie wyzwania \u2013 przede wszystkim gospodarcze i \u201eunijne\u201d.<\/p>\n<p>Wszystkim Blogowiczom dzi\u0119kuj\u0119 za wizyty na blogu oraz za komentarze, \u017cycz\u0119 \u2013 jak powiedzia\u0142 jeden z moich koleg\u00f3w \u2013 \u017ceby wybucha\u0142 szampan, a nie trotyl!<\/p>\n","protected":false},"excerpt":{"rendered":"<p>Podsumowania roku mijaj\u0105 pod znakiem wraku, jak gdyby to by\u0142a faktycznie najwa\u017cniejsza sprawa, jak\u0105 \u017cyj\u0105 Polacy. Pr\u00f3bowa\u0142em przeciwko temu oponowa\u0107 w TVN, ale bezskutecznie. Wrak ogniskuje emocje najwi\u0119kszej partii opozycyjnej oraz medi\u00f3w, a to wystarczy, \u017ceby szcz\u0105tki samolotu przes\u0142oni\u0142y obraz kraju. W\u00a0 moim bilansie roku dla Polski\u00a0 na pierwszym miejscu jest stan gospodarki, co prawda [&hellip;]<\/p>\n","protected":false},"author":4,"featured_media":0,"comment_status":"open","ping_status":"open","sticky":false,"template":"","format":"standard","meta":{"footnotes":""},"categories":[1],"tags":[],"_links":{"self":[{"href":"https:\/\/blog.polityka.pl\/passent\/wp-json\/wp\/v2\/posts\/1693"}],"collection":[{"href":"https:\/\/blog.polityka.pl\/passent\/wp-json\/wp\/v2\/posts"}],"about":[{"href":"https:\/\/blog.polityka.pl\/passent\/wp-json\/wp\/v2\/types\/post"}],"author":[{"embeddable":true,"href":"https:\/\/blog.polityka.pl\/passent\/wp-json\/wp\/v2\/users\/4"}],"replies":[{"embeddable":true,"href":"https:\/\/blog.polityka.pl\/passent\/wp-json\/wp\/v2\/comments?post=1693"}],"version-history":[{"count":4,"href":"https:\/\/blog.polityka.pl\/passent\/wp-json\/wp\/v2\/posts\/1693\/revisions"}],"predecessor-version":[{"id":1721,"href":"https:\/\/blog.polityka.pl\/passent\/wp-json\/wp\/v2\/posts\/1693\/revisions\/1721"}],"wp:attachment":[{"href":"https:\/\/blog.polityka.pl\/passent\/wp-json\/wp\/v2\/media?parent=1693"}],"wp:term":[{"taxonomy":"category","embeddable":true,"href":"https:\/\/blog.polityka.pl\/passent\/wp-json\/wp\/v2\/categories?post=1693"},{"taxonomy":"post_tag","embeddable":true,"href":"https:\/\/blog.polityka.pl\/passent\/wp-json\/wp\/v2\/tags?post=1693"}],"curies":[{"name":"wp","href":"https:\/\/api.w.org\/{rel}","templated":true}]}}